{"id":28522,"date":"2022-05-26T06:43:36","date_gmt":"2022-05-26T11:43:36","guid":{"rendered":"http:\/\/losperiodistas.com.mx\/portal\/?p=28522"},"modified":"2022-05-26T06:43:40","modified_gmt":"2022-05-26T11:43:40","slug":"efemerides-26-de-mayo-que-paso-en-mexico-y-el-mundo-adn-40","status":"publish","type":"post","link":"https:\/\/losperiodistas.com.mx\/portal\/efemerides-26-de-mayo-que-paso-en-mexico-y-el-mundo-adn-40\/","title":{"rendered":"Efem\u00e9rides 26 de mayo: Qu\u00e9 pas\u00f3 en M\u00e9xico y el Mundo | ADN 40"},"content":{"rendered":"\n<p><em>Este 26 de mayo se cumplen dos a\u00f1os de las protestas por George Floyd, el afroamericano que falleci\u00f3 en manos de polic\u00edas. Te contamos qu\u00e9 otras efem\u00e9rides hay<\/em><\/p>\n\n\n\n<div class=\"wp-block-cover\"><span aria-hidden=\"true\" class=\"wp-block-cover__gradient-background has-background-dim\"><\/span><img fetchpriority=\"high\" decoding=\"async\" width=\"968\" height=\"645\" class=\"wp-block-cover__image-background wp-image-28533\" alt=\"\" src=\"https:\/\/losperiodistas.com.mx\/portal\/wp-content\/uploads\/2022\/05\/descarga-2.jpeg\" data-object-fit=\"cover\" srcset=\"https:\/\/losperiodistas.com.mx\/portal\/wp-content\/uploads\/2022\/05\/descarga-2.jpeg 968w, https:\/\/losperiodistas.com.mx\/portal\/wp-content\/uploads\/2022\/05\/descarga-2-300x200.jpeg 300w, https:\/\/losperiodistas.com.mx\/portal\/wp-content\/uploads\/2022\/05\/descarga-2-768x512.jpeg 768w\" sizes=\"(max-width: 968px) 100vw, 968px\" \/><div class=\"wp-block-cover__inner-container is-layout-flow wp-block-cover-is-layout-flow\">\n<p><\/p>\n\n\n\n<p><\/p>\n\n\n\n<p><\/p>\n\n\n\n<p><\/p>\n\n\n\n<p><\/p>\n\n\n\n<p><\/p>\n\n\n\n<p class=\"has-text-align-center has-large-font-size\">Reuters<\/p>\n<\/div><\/div>\n\n\n\n<p><\/p>\n\n\n\n<p class=\"has-vivid-cyan-blue-color has-text-color has-medium-font-size\">ADN 40<\/p>\n\n\n\n<p>El 26 de mayo esta marcado como parte de las efem\u00e9rides importante en el mundo por diversos acontecimientos, uno de ellos es el aniversario de las protestas en Minesota por George Floyd y otra, es una divertida, pues es el D\u00eda de Dr\u00e1cula.<\/p>\n\n\n\n<h2 class=\"wp-block-heading\">Celebraciones del 26 de mayo<\/h2>\n\n\n\n<p>-D\u00eda Mundial de Dr\u00e1cula<\/p>\n\n\n\n<h2 class=\"wp-block-heading\">Efem\u00e9rides del 26 de mayo<\/h2>\n\n\n\n<p><strong>1816.-<\/strong>&nbsp;En Uruguay, abre sus puertas la Biblioteca Nacional, la primera biblioteca p\u00fablica del pa\u00eds; por tal motivo, cada 26 de mayo se celebra en Uruguay el D\u00eda Nacional del Libro.<\/p>\n\n\n\n<p><strong>1897.-\u00a0<\/strong>Se publica la novela Dr\u00e1cula, del autor irland\u00e9s Bram Stoker.<\/p>\n\n\n\n<figure class=\"wp-block-embed is-type-rich is-provider-twitter wp-block-embed-twitter\"><div class=\"wp-block-embed__wrapper\">\nhttps:\/\/twitter.com\/DianaMontanari\/status\/1529579850528333824?ref_src=twsrc%5Etfw%7Ctwcamp%5Etweetembed%7Ctwterm%5E1529579850528333824%7Ctwgr%5E%7Ctwcon%5Es1_c10&#038;ref_url=https%3A%2F%2Fwww.adn40.mx%2Fmexico%2Fefemerides-26-de-mayo-2022-lmo\n<\/div><\/figure>\n\n\n\n<p><strong>1910.-&nbsp;<\/strong>En la Ciudad del Vaticano, el papa P\u00edo X publica la enc\u00edclica Editae saepe, dedicada al tercer centenario de la canonizaci\u00f3n de san Carlos Borromeo. En la misma se\u00f1ala, desde el punto de vista cat\u00f3lico, la diferencia entre la Reforma Cat\u00f3lica y la Reforma protestante cuyo fin, seg\u00fan el papa, era la \u201cdeformaci\u00f3n y destrucci\u00f3n de la fe y las costumbres\u201d.<\/p>\n\n\n\n<p><strong>1910.-<\/strong>&nbsp;En M\u00e9xico, el gobierno de Porfirio D\u00edaz emite el decreto para crear la Universidad Nacional de M\u00e9xico.<\/p>\n\n\n\n<p><strong>1917.-&nbsp;<\/strong>En el estado de Illinois suceden varios tornados; en la ciudad de Mattoon matan a 101 personas y hieren a 689.<\/p>\n\n\n\n<p><strong>1918.-&nbsp;<\/strong>Georgia y Armenia se independizan de la Uni\u00f3n Sovi\u00e9tica.<\/p>\n\n\n\n<p><strong>1929.-<\/strong>&nbsp;En M\u00e9xico, el presidente Emilio Portes Gil se pronuncia a favor de la autonom\u00eda de la Universidad Nacional de M\u00e9xico.<\/p>\n\n\n\n<p><strong>1940.-&nbsp;<\/strong>En el marco de la Segunda Guerra Mundial, comienza la Batalla de Dunkerque en Francia.<\/p>\n\n\n\n<p><strong>1945.-&nbsp;<\/strong>En la ciudad de Tokio (Jap\u00f3n), las fuerzas armadas estadounidenses bombardean a la poblaci\u00f3n civil. Antes del amanecer destruyen la mitad de la ciudad.<\/p>\n\n\n\n<p><strong>1956.-<\/strong>&nbsp;En Estados Unidos se estrena la pel\u00edcula Centauros del desierto, dirigida por John Ford y protagonizada por John Wayne.<\/p>\n\n\n\n<p><strong>1983.-<\/strong>\u00a0Jap\u00f3n es sacudido por un sismo de magnitud 7.7 que desencadena un tsunami que mata al menos a 104 personas y causa miles de heridos.<\/p>\n\n\n\n<figure class=\"wp-block-embed is-type-rich is-provider-twitter wp-block-embed-twitter\"><div class=\"wp-block-embed__wrapper\">\n<blockquote class=\"twitter-tweet\" data-width=\"500\" data-dnt=\"true\"><p lang=\"es\" dir=\"ltr\">26\/05\/1983 &#8211; Jap\u00f3n es sacudido por un sismo (de magnitud 7,7) que desencadena un tsunami que mata al menos a 104 personas y causa<\/p>&mdash; Efemerides (@DiaEfemerides) <a href=\"https:\/\/twitter.com\/DiaEfemerides\/status\/338663673822334976?ref_src=twsrc%5Etfw\">May 26, 2013<\/a><\/blockquote><script async src=\"https:\/\/platform.twitter.com\/widgets.js\" charset=\"utf-8\"><\/script>\n<\/div><\/figure>\n\n\n\n<p><strong>1998.- E<\/strong>n Australia, m\u00e1s de un mill\u00f3n de personas asisten a la primera celebraci\u00f3n del D\u00eda Nacional del Perd\u00f3n, en respuesta al secuestro sistem\u00e1tico de ni\u00f1os abor\u00edgenes llevado a cabo por el Gobierno australiano entre 1869 y 1976.<\/p>\n\n\n\n<figure class=\"wp-block-embed is-type-rich is-provider-twitter wp-block-embed-twitter\"><div class=\"wp-block-embed__wrapper\">\nhttps:\/\/twitter.com\/PrimeraVoz_Mx\/status\/1265424979413196800?ref_src=twsrc%5Etfw%7Ctwcamp%5Etweetembed%7Ctwterm%5E1265424979413196800%7Ctwgr%5E%7Ctwcon%5Es1_c10&#038;ref_url=https%3A%2F%2Fwww.adn40.mx%2Fmexico%2Fefemerides-26-de-mayo-2022-lmo\n<\/div><\/figure>\n\n\n\n<p><strong>2002.-<\/strong>&nbsp;En Marte, una nave de la NASA detecta indicios de la existencia de agua helada.<\/p>\n\n\n\n<p>marco del Proceso de Paz de la Habana, con lo que se concluye el primer punto de la Agenda de Paz.<\/p>\n\n\n\n<p><strong>2020.-<\/strong>\u00a0En Minesota, estallan las protestas por la muerte de George Floyd a manos de un polic\u00eda.<\/p>\n\n\n\n<figure class=\"wp-block-embed is-type-rich is-provider-twitter wp-block-embed-twitter\"><div class=\"wp-block-embed__wrapper\">\n<blockquote class=\"twitter-tweet\" data-width=\"500\" data-dnt=\"true\"><p lang=\"es\" dir=\"ltr\">Marcha para conmemorar a <a href=\"https:\/\/twitter.com\/hashtag\/GeorgeFloyd?src=hash&amp;ref_src=twsrc%5Etfw\">#GeorgeFloyd<\/a> en Nueva York <a href=\"https:\/\/t.co\/lrjJ4PvREX\">https:\/\/t.co\/lrjJ4PvREX<\/a><\/p>&mdash; Reuters Latam (@ReutersLatam) <a href=\"https:\/\/twitter.com\/ReutersLatam\/status\/1397277418759598085?ref_src=twsrc%5Etfw\">May 25, 2021<\/a><\/blockquote><script async src=\"https:\/\/platform.twitter.com\/widgets.js\" charset=\"utf-8\"><\/script>\n<\/div><\/figure>\n\n\n\n<p>Fuente: https:\/\/www.adn40.mx\/mexico\/efemerides-26-de-mayo-2022-lmo<\/p>\n","protected":false},"excerpt":{"rendered":"<p>Este 26 de mayo se cumplen dos a\u00f1os de las protestas por George Floyd, el afroamericano que falleci\u00f3 en manos [&hellip;]<\/p>\n","protected":false},"author":1,"featured_media":28533,"comment_status":"open","ping_status":"open","sticky":false,"template":"","format":"standard","meta":{"site-sidebar-layout":"default","site-content-layout":"","ast-site-content-layout":"default","site-content-style":"default","site-sidebar-style":"default","ast-global-header-display":"","ast-banner-title-visibility":"","ast-main-header-display":"","ast-hfb-above-header-display":"","ast-hfb-below-header-display":"","ast-hfb-mobile-header-display":"","site-post-title":"","ast-breadcrumbs-content":"","ast-featured-img":"","footer-sml-layout":"","theme-transparent-header-meta":"","adv-header-id-meta":"","stick-header-meta":"","header-above-stick-meta":"","header-main-stick-meta":"","header-below-stick-meta":"","astra-migrate-meta-layouts":"default","ast-page-background-enabled":"default","ast-page-background-meta":{"desktop":{"background-color":"var(--ast-global-color-4)","background-image":"","background-repeat":"repeat","background-position":"center center","background-size":"auto","background-attachment":"scroll","background-type":"","background-media":"","overlay-type":"","overlay-color":"","overlay-opacity":"","overlay-gradient":""},"tablet":{"background-color":"","background-image":"","background-repeat":"repeat","background-position":"center center","background-size":"auto","background-attachment":"scroll","background-type":"","background-media":"","overlay-type":"","overlay-color":"","overlay-opacity":"","overlay-gradient":""},"mobile":{"background-color":"","background-image":"","background-repeat":"repeat","background-position":"center center","background-size":"auto","background-attachment":"scroll","background-type":"","background-media":"","overlay-type":"","overlay-color":"","overlay-opacity":"","overlay-gradient":""}},"ast-content-background-meta":{"desktop":{"background-color":"var(--ast-global-color-5)","background-image":"","background-repeat":"repeat","background-position":"center center","background-size":"auto","background-attachment":"scroll","background-type":"","background-media":"","overlay-type":"","overlay-color":"","overlay-opacity":"","overlay-gradient":""},"tablet":{"background-color":"var(--ast-global-color-5)","background-image":"","background-repeat":"repeat","background-position":"center center","background-size":"auto","background-attachment":"scroll","background-type":"","background-media":"","overlay-type":"","overlay-color":"","overlay-opacity":"","overlay-gradient":""},"mobile":{"background-color":"var(--ast-global-color-5)","background-image":"","background-repeat":"repeat","background-position":"center center","background-size":"auto","background-attachment":"scroll","background-type":"","background-media":"","overlay-type":"","overlay-color":"","overlay-opacity":"","overlay-gradient":""}},"footnotes":""},"categories":[8],"tags":[10387,10389,10386,6312,10388],"class_list":["post-28522","post","type-post","status-publish","format-standard","has-post-thumbnail","hentry","category-noticias","tag-dia-nacional-del-perdon","tag-dracula","tag-george-floyd","tag-porfirio-diaz","tag-universidad-nacional-de-mexico"],"_links":{"self":[{"href":"https:\/\/losperiodistas.com.mx\/portal\/wp-json\/wp\/v2\/posts\/28522","targetHints":{"allow":["GET"]}}],"collection":[{"href":"https:\/\/losperiodistas.com.mx\/portal\/wp-json\/wp\/v2\/posts"}],"about":[{"href":"https:\/\/losperiodistas.com.mx\/portal\/wp-json\/wp\/v2\/types\/post"}],"author":[{"embeddable":true,"href":"https:\/\/losperiodistas.com.mx\/portal\/wp-json\/wp\/v2\/users\/1"}],"replies":[{"embeddable":true,"href":"https:\/\/losperiodistas.com.mx\/portal\/wp-json\/wp\/v2\/comments?post=28522"}],"version-history":[{"count":1,"href":"https:\/\/losperiodistas.com.mx\/portal\/wp-json\/wp\/v2\/posts\/28522\/revisions"}],"predecessor-version":[{"id":28534,"href":"https:\/\/losperiodistas.com.mx\/portal\/wp-json\/wp\/v2\/posts\/28522\/revisions\/28534"}],"wp:featuredmedia":[{"embeddable":true,"href":"https:\/\/losperiodistas.com.mx\/portal\/wp-json\/wp\/v2\/media\/28533"}],"wp:attachment":[{"href":"https:\/\/losperiodistas.com.mx\/portal\/wp-json\/wp\/v2\/media?parent=28522"}],"wp:term":[{"taxonomy":"category","embeddable":true,"href":"https:\/\/losperiodistas.com.mx\/portal\/wp-json\/wp\/v2\/categories?post=28522"},{"taxonomy":"post_tag","embeddable":true,"href":"https:\/\/losperiodistas.com.mx\/portal\/wp-json\/wp\/v2\/tags?post=28522"}],"curies":[{"name":"wp","href":"https:\/\/api.w.org\/{rel}","templated":true}]}}