{"id":28517,"date":"2022-05-25T23:51:42","date_gmt":"2022-05-26T04:51:42","guid":{"rendered":"http:\/\/losperiodistas.com.mx\/portal\/?p=28517"},"modified":"2022-05-25T23:51:44","modified_gmt":"2022-05-26T04:51:44","slug":"contracorriente-mexico-y-el-grito-de-los-100-250-desaparecidos-dw","status":"publish","type":"post","link":"https:\/\/losperiodistas.com.mx\/portal\/contracorriente-mexico-y-el-grito-de-los-100-250-desaparecidos-dw\/","title":{"rendered":"Contracorriente | M\u00e9xico y el grito de los 100.250 desaparecidos | DW"},"content":{"rendered":"\n<p><em>El gobierno de M\u00e9xico reconoce la desaparici\u00f3n de 100.250 personas, con fuerte aumento en la Ciudad de M\u00e9xico. Los desaparecidos gritan el desastre humanitario, pero la clase pol\u00edtica mexicana los sigue ignorando.<\/em><\/p>\n\n\n\n<p><\/p>\n\n\n\n<figure class=\"wp-block-image size-full\"><img fetchpriority=\"high\" decoding=\"async\" width=\"700\" height=\"394\" src=\"https:\/\/losperiodistas.com.mx\/portal\/wp-content\/uploads\/2022\/05\/48694611_303.jpeg\" alt=\"\" class=\"wp-image-28518\" srcset=\"https:\/\/losperiodistas.com.mx\/portal\/wp-content\/uploads\/2022\/05\/48694611_303.jpeg 700w, https:\/\/losperiodistas.com.mx\/portal\/wp-content\/uploads\/2022\/05\/48694611_303-300x169.jpeg 300w\" sizes=\"(max-width: 700px) 100vw, 700px\" \/><figcaption>Madres y otros familiares de desaparecidos protestan en M\u00e9xico<\/figcaption><\/figure>\n\n\n\n<p><\/p>\n\n\n\n<p class=\"has-vivid-cyan-blue-color has-text-color has-medium-font-size\">ANABEL HERN\u00c1NDEZ \/ DW<\/p>\n\n\n\n<p>La primera lista oficial de personas desaparecidas en M\u00e9xico fue elaborada por la entonces Procuradur\u00eda General de la Rep\u00fablica (PGR) en julio de 2012. El partido oficial Acci\u00f3n Nacional (PAN) hab\u00eda perdido las elecciones y el nefasto Presidente Felipe Calder\u00f3n entregar\u00eda en pocos meses el poder al nuevo Presidente- tambi\u00e9n nefasto- Enrique Pe\u00f1a Nieto, del Partido Revolucionario Institucional (PRI).<\/p>\n\n\n\n<p>En la \u00e9poca de transici\u00f3n en un caf\u00e9 de Polanco, en la Ciudad de M\u00e9xico, un informante me entreg\u00f3 un USB color rojo. \u00ab\u00bfQu\u00e9 es?\u00bb le pregunt\u00e9, sabiendo de antemano que la persona no era una que llegara a las citas sin una \u00abbomba\u00bb bajo el brazo. \u00abLa lista de los m\u00e1s de&nbsp;<a href=\"https:\/\/www.dw.com\/es\/el-drama-de-los-desaparecidos-en-m%C3%A9xico\/a-59942067\">20 mil desaparecidos<\/a>&nbsp;del sexenio\u201d, me dijo.<\/p>\n\n\n\n<p>Hasta ese momento no se sab\u00eda de la existencia de la lista y que el n\u00famero de v\u00edctimas llegara a esa gigantesca magnitud: miles de hombres, mujeres e infantes que se hab\u00edan esfumado en medio de la falsa guerra contra las drogas de Calder\u00f3n y los abusos de la Secretar\u00eda de Seguridad P\u00fablica Federal (SSPF), encabezada por el siniestro Genaro Garc\u00eda Luna, y el Ej\u00e9rcito Mexicano.<\/p>\n\n\n\n<p>Mi informante me se\u00f1al\u00f3 que la lista la hab\u00eda obtenido de un funcionario de la PGR, quien tem\u00eda que el gobierno saliente quisiera borrarla cometiendo una segunda desaparici\u00f3n para borrarlos para siempre de la memoria y del mapa.<a href=\"https:\/\/www.dw.com\/es\/m%C3%A9xico-y-el-grito-de-los-100250-desaparecidos\/a-61913784#\"><\/a><\/p>\n\n\n\n<p>La respuesta del gobierno mexicano a la crisis por los desaparecidos no satisface a familiares de las v\u00edctimas<\/p>\n\n\n\n<p>Fui la \u00fanica periodista mexicana que tuvo acceso directo a la lista. Cuando llegue a mi oficina abr\u00ed el archivo y&nbsp; se despleg\u00f3 un reporte en Excel en el que estaban escritos los nombres de m\u00e1s de 20 mil personas, su edad, sexo, el estado, la ciudad, la hora y en la gran mayor\u00eda hasta las circunstancias en las que hab\u00eda desparecido. Sent\u00ed c\u00f3mo la sangre se me helaba en las venas. El gobierno las divid\u00eda entre personas \u00abdesaparecidas\u201d y \u00abno localizadas\u201d.<\/p>\n\n\n\n<p>La lista tambi\u00e9n lleg\u00f3 a manos del&nbsp;<em>Washington Post&nbsp;<\/em>y de&nbsp;<em>Los Angeles Times<\/em>. Pero nadie puso atenci\u00f3n en elementos que dibujaban un patr\u00f3n: entre m\u00e1s violencia, es decir m\u00e1s asesinatos, hab\u00eda m\u00e1s desaparecidos. Y muchas de las desapariciones hab\u00edan ocurrido ante la presencia de una autoridad ya fuera municipal, estatal o federal.<\/p>\n\n\n\n<h2 class=\"wp-block-heading\"><strong>Las zonas de los desaparecidos<\/strong><\/h2>\n\n\n\n<p>Los diez estados donde m\u00e1s desaparecidos hab\u00eda eran: Distrito Federal (Ciudad de M\u00e9xico)- de manera aplastante-, Jalisco, Estado de M\u00e9xico, Tamaulipas, Sinaloa, Guanajuato, Aguascalientes, Quintana Roo, Nuevo Le\u00f3n y Durango.<\/p>\n\n\n\n<p>Desde 2007 en las oficinas de&nbsp;<em>Reporte Indigo<\/em>, medio en el que entonces trabajaba, comenc\u00e9 a recibir a familiares, sobre todo madres,&nbsp; de diversas personas desaparecidas. Los hechos hab\u00edan ocurrido principalmente en la zona norte del pa\u00eds. Ante la indiferencia e inacci\u00f3n de las autoridades, comenzaron a buscarme esperando que, a trav\u00e9s de un reportaje donde se diera a conocer la desaparici\u00f3n de su familiar, alguien pudiera contactarse para dar datos del paradero o el indolente gobierno comenzara la b\u00fasqueda.<\/p>\n\n\n\n<p>El 20 de noviembre de 2009, casi a media noche, me contact\u00f3 Araceli Rodr\u00edguez Nava. Su hijo Luis Angel, miembro de la Polic\u00eda Federal (PF) hab\u00eda sido enviado de comisi\u00f3n a Michoac\u00e1n con otros seis elementos, sin la protecci\u00f3n ni transporte adecuado. Luego de d\u00edas de no tener contacto con \u00e9l y de no tener ninguna informaci\u00f3n por parte de la PF, entonces comandada por el grupo corrupto de Garc\u00eda Luna, denunci\u00f3 conmigo la desaparici\u00f3n. Lloraba inconsolable, buscando romper el muro de goma de las autoridades en el que se estrellaba su dolor.<\/p>\n\n\n\n<p>El reportaje sali\u00f3 publicado, pero su amado hijo sigue desaparecido. El nombre de Luis Angel estaba en aquella lista de la infamia, y aunque el gobierno de Pe\u00f1a Nieto en un inicio dijo que aquella lista no exist\u00eda, al final termin\u00f3 reconoci\u00e9ndola. La filtraci\u00f3n de aquel funcionario permiti\u00f3 poner luz en uno de los hoyos negros m\u00e1s profundos de la historia contempor\u00e1nea en M\u00e9xico. Y sigue creciendo.<\/p>\n\n\n\n<h2 class=\"wp-block-heading\"><strong>Con AMLO, \u00bfm\u00e1s de un mill\u00f3n?<\/strong><\/h2>\n\n\n\n<p>Hoy las l\u00e1grimas de Araceli se confunden en el oc\u00e9ano de lagrimas de miles de familiares que buscan a las 100 mil 250 personas desaparecidas en M\u00e9xico, m\u00e1s del 95 por ciento del 2006 al 23 de mayo de 2022. M\u00e1s de la tercera parte han desaparecido en lo que va del sexenio del presidente Andr\u00e9s Manuel L\u00f3pez Obrador, del partido Movimiento de Regeneraci\u00f3n Nacional (Morena), que igual que Calder\u00f3n y Pe\u00f1a Nieto, ignora y desprecia a los familiares de las v\u00edctimas.<\/p>\n\n\n\n<figure class=\"wp-block-embed is-type-video is-provider-youtube wp-block-embed-youtube wp-embed-aspect-16-9 wp-has-aspect-ratio\"><div class=\"wp-block-embed__wrapper\">\n<iframe title=\"M\u00e9xico: Justicia para las v\u00edctimas | DW Documental\" width=\"500\" height=\"281\" src=\"https:\/\/www.youtube.com\/embed\/egwLlgzph4M?feature=oembed\" frameborder=\"0\" allow=\"accelerometer; autoplay; clipboard-write; encrypted-media; gyroscope; picture-in-picture; web-share\" referrerpolicy=\"strict-origin-when-cross-origin\" allowfullscreen><\/iframe>\n<\/div><\/figure>\n\n\n\n<p>En la era de AMLO hay saludos y cordialidad para las madres de los victimarios, como Consuelo Loera, progenitora del narcotraficante del Cartel de Sinaloa Joaqu\u00edn Guzm\u00e1n Loera, pero se niega a atender a las madres de los desaparecidos.<\/p>\n\n\n\n<p>L\u00f3pez Obrador, un pol\u00edtico engendrado en el viejo sistema, todos los d\u00edas en su homil\u00eda presidencial pregona de dientes para afuera su humanismo, pero no lo pone en pr\u00e1ctica con quienes m\u00e1s lo necesitan. No solo carece de empat\u00eda con las v\u00edctimas sino que a dem\u00e1s las quiere obligar a poner la otra mejilla al pregonar y enorgullecerse que su gobierno protege a criminales. Nadie quiere violaciones a derechos humanos,&nbsp; AMLO sabe que su protecci\u00f3n se traduce en impunidad e injusticia.<\/p>\n\n\n\n<p>Con la llegada de la autodenominada \u2018izquierda&#8217; no solo no cambi\u00f3 nada en el ADN de la clase dirigente ni en la din\u00e1mica de desapariciones,&nbsp; sino que incluso ha empeorado. En los seis a\u00f1os de Calder\u00f3n se tienen contabilizadas esas 25 mil desapariciones, en los seis a\u00f1os de Pe\u00f1a Nieto se sumaron 35 mil y en tres a\u00f1os de AMLO se han a\u00f1adido m\u00e1s de 31 mil. De seguir la arrogancia e indolencia del gobierno, el n\u00famero oficial de desaparecidos podr\u00eda superar los 60 mil, tan solo en el periodo de gobierno de L\u00f3pez Obrador.<\/p>\n\n\n\n<p>Y recalco que es solo el n\u00famero oficial, por que si nos basamos en los registros del INEGI de que solo el 10 por ciento de los delitos cometidos son denunciados en M\u00e9xico, podr\u00edamos estar hablando de un universo actual&nbsp;<a href=\"https:\/\/www.dw.com\/es\/cnb-m%C3%A9xico-sigue-teniendo-subregistro-de-personas-desaparecidas\/a-61890664\">de un mill\u00f3n de personas desaparecidas<\/a>: hombres, mujeres, j\u00f3venes e infantes que hoy no est\u00e1n en su hogar, a quienes se los trag\u00f3 la tierra sin saber si terminaron en las miles de fosas clandestinas o si son v\u00edctimas de alg\u00fan tipo de explotaci\u00f3n.<\/p>\n\n\n\n<h2 class=\"wp-block-heading\"><strong>En la CDMX se triplican desaparecidos<\/strong><\/h2>\n\n\n\n<p>Adem\u00e1s de todo este escenario la pol\u00edtica p\u00fablica de empat\u00eda con los criminales y de \u00ababrazos no balazos\u201d del actual gobierno federal significa tambi\u00e9n una repetici\u00f3n en los patrones de desaparici\u00f3n: edades, sexo, y lugares.<\/p>\n\n\n\n<p>Diez a\u00f1os despu\u00e9s de aquella primera lista de 25 mil desaparecidos siguen siendo la Ciudad de M\u00e9xico, Jalisco, Estado de M\u00e9xico y Sinaloa los estados que mayor concentraci\u00f3n de desapariciones tienen en todo el pa\u00eds.&nbsp; Es decir, no hubo en el gobierno de Pe\u00f1a Nieto ni en el actual pol\u00edticas p\u00fablicas que revirtieran eso.<\/p>\n\n\n\n<p>En promedio, a nivel nacional, el 75 por ciento de los desaparecidos son del sexo masculino y el 25 por ciento del femenino, quedando un m\u00ednimo porcentaje de sexo sin definir. Pero de acuerdo al an\u00e1lisis que hice de los actuales registros oficiales, al igual que en 2012 siguen siendo hoy Chiapas,&nbsp;Guanajuato, Estado de M\u00e9xico, Ciudad de M\u00e9xico y Jalisco los estados donde el n\u00famero de personas del sexo femenino desaparecidas supera al de hombres, o es casi igual.<a href=\"https:\/\/www.dw.com\/es\/m%C3%A9xico-y-el-grito-de-los-100250-desaparecidos\/a-61913784#\"><\/a><\/p>\n\n\n\n<p>Anabel Hern\u00e1ndez, periodista mexicana y autora de esta columna<\/p>\n\n\n\n<p>Para comprender la dimensi\u00f3n de la tragedia cotidiana hay que seguir minuciosamente el pulso de las desapariciones en la Ciudad de M\u00e9xico, gobernada por Claudia Sheinbaum, a quien AMLO ha exhibido como su favorita para ser la candidata de Morena en las elecciones presidenciales del 2024.<\/p>\n\n\n\n<div class=\"wp-block-image\"><figure class=\"alignright size-full\"><img decoding=\"async\" width=\"220\" height=\"293\" src=\"https:\/\/losperiodistas.com.mx\/portal\/wp-content\/uploads\/2022\/05\/48914858_404.jpeg\" alt=\"\" class=\"wp-image-28519\"\/><figcaption>Anabel Hern\u00e1ndez, periodista mexicana y autora de esta columna<\/figcaption><\/figure><\/div>\n\n\n\n<p>El 18 mayo pasado en la Ciudad de M\u00e9xico los registros oficiales contabilizaron 3.663 personas desparecidas. Cinco d\u00edas despu\u00e9s&nbsp; (23\/5\/2022) los mismos registros contabilizan 11 mil 51. Es decir que en menos de una semana la cifra de seres humanos desaparecidos en la capital de M\u00e9xico se triplic\u00f3.<\/p>\n\n\n\n<p>Hace una semana el tema de los desaparecidos fue noticia, hoy ya ni quien se acuerde. La desmemoria y las constantes nuevas tragedias contribuyen al cinismo natural de los pol\u00edticos. Los desparecidos gritan el desastre humanitario pero la clase gobernante sorda los sigue ignorando.<\/p>\n\n\n\n<p>Y mientras esos gritos silenciosos retumban en la Ciudad de M\u00e9xico, Sheinbaum hace o\u00eddos sordos, como en otras tragedias de las que ha sido c\u00f3mplice activo o pasivo su gobierno, y est\u00e1 de gira por el pa\u00eds impulsando su sue\u00f1os de llegar a ser presidenta de M\u00e9xico, \u00bfLa presidenta de los desaparecidos?<\/p>\n\n\n\n<p>Fuente: https:\/\/www.dw.com\/es\/m%C3%A9xico-y-el-grito-de-los-100250-desaparecidos\/a-61913784<\/p>\n","protected":false},"excerpt":{"rendered":"<p>El gobierno de M\u00e9xico reconoce la desaparici\u00f3n de 100.250 personas, con fuerte aumento en la Ciudad de M\u00e9xico. Los desaparecidos [&hellip;]<\/p>\n","protected":false},"author":1,"featured_media":28518,"comment_status":"open","ping_status":"open","sticky":false,"template":"","format":"standard","meta":{"site-sidebar-layout":"default","site-content-layout":"","ast-site-content-layout":"default","site-content-style":"default","site-sidebar-style":"default","ast-global-header-display":"","ast-banner-title-visibility":"","ast-main-header-display":"","ast-hfb-above-header-display":"","ast-hfb-below-header-display":"","ast-hfb-mobile-header-display":"","site-post-title":"","ast-breadcrumbs-content":"","ast-featured-img":"","footer-sml-layout":"","theme-transparent-header-meta":"","adv-header-id-meta":"","stick-header-meta":"","header-above-stick-meta":"","header-main-stick-meta":"","header-below-stick-meta":"","astra-migrate-meta-layouts":"default","ast-page-background-enabled":"default","ast-page-background-meta":{"desktop":{"background-color":"var(--ast-global-color-4)","background-image":"","background-repeat":"repeat","background-position":"center center","background-size":"auto","background-attachment":"scroll","background-type":"","background-media":"","overlay-type":"","overlay-color":"","overlay-opacity":"","overlay-gradient":""},"tablet":{"background-color":"","background-image":"","background-repeat":"repeat","background-position":"center center","background-size":"auto","background-attachment":"scroll","background-type":"","background-media":"","overlay-type":"","overlay-color":"","overlay-opacity":"","overlay-gradient":""},"mobile":{"background-color":"","background-image":"","background-repeat":"repeat","background-position":"center center","background-size":"auto","background-attachment":"scroll","background-type":"","background-media":"","overlay-type":"","overlay-color":"","overlay-opacity":"","overlay-gradient":""}},"ast-content-background-meta":{"desktop":{"background-color":"var(--ast-global-color-5)","background-image":"","background-repeat":"repeat","background-position":"center center","background-size":"auto","background-attachment":"scroll","background-type":"","background-media":"","overlay-type":"","overlay-color":"","overlay-opacity":"","overlay-gradient":""},"tablet":{"background-color":"var(--ast-global-color-5)","background-image":"","background-repeat":"repeat","background-position":"center center","background-size":"auto","background-attachment":"scroll","background-type":"","background-media":"","overlay-type":"","overlay-color":"","overlay-opacity":"","overlay-gradient":""},"mobile":{"background-color":"var(--ast-global-color-5)","background-image":"","background-repeat":"repeat","background-position":"center center","background-size":"auto","background-attachment":"scroll","background-type":"","background-media":"","overlay-type":"","overlay-color":"","overlay-opacity":"","overlay-gradient":""}},"footnotes":""},"categories":[8],"tags":[3606,248,10385],"class_list":["post-28517","post","type-post","status-publish","format-standard","has-post-thumbnail","hentry","category-noticias","tag-mexico-desaparecidos","tag-pan","tag-pgr"],"_links":{"self":[{"href":"https:\/\/losperiodistas.com.mx\/portal\/wp-json\/wp\/v2\/posts\/28517","targetHints":{"allow":["GET"]}}],"collection":[{"href":"https:\/\/losperiodistas.com.mx\/portal\/wp-json\/wp\/v2\/posts"}],"about":[{"href":"https:\/\/losperiodistas.com.mx\/portal\/wp-json\/wp\/v2\/types\/post"}],"author":[{"embeddable":true,"href":"https:\/\/losperiodistas.com.mx\/portal\/wp-json\/wp\/v2\/users\/1"}],"replies":[{"embeddable":true,"href":"https:\/\/losperiodistas.com.mx\/portal\/wp-json\/wp\/v2\/comments?post=28517"}],"version-history":[{"count":1,"href":"https:\/\/losperiodistas.com.mx\/portal\/wp-json\/wp\/v2\/posts\/28517\/revisions"}],"predecessor-version":[{"id":28520,"href":"https:\/\/losperiodistas.com.mx\/portal\/wp-json\/wp\/v2\/posts\/28517\/revisions\/28520"}],"wp:featuredmedia":[{"embeddable":true,"href":"https:\/\/losperiodistas.com.mx\/portal\/wp-json\/wp\/v2\/media\/28518"}],"wp:attachment":[{"href":"https:\/\/losperiodistas.com.mx\/portal\/wp-json\/wp\/v2\/media?parent=28517"}],"wp:term":[{"taxonomy":"category","embeddable":true,"href":"https:\/\/losperiodistas.com.mx\/portal\/wp-json\/wp\/v2\/categories?post=28517"},{"taxonomy":"post_tag","embeddable":true,"href":"https:\/\/losperiodistas.com.mx\/portal\/wp-json\/wp\/v2\/tags?post=28517"}],"curies":[{"name":"wp","href":"https:\/\/api.w.org\/{rel}","templated":true}]}}