{"id":28511,"date":"2022-05-25T23:23:00","date_gmt":"2022-05-26T04:23:00","guid":{"rendered":"http:\/\/losperiodistas.com.mx\/portal\/?p=28511"},"modified":"2022-05-25T23:23:02","modified_gmt":"2022-05-26T04:23:02","slug":"traer-a-medicos-cubanos-significa-ser-complice-de-la-esclavitud-moderna-advirtieron-ongs-infobae","status":"publish","type":"post","link":"https:\/\/losperiodistas.com.mx\/portal\/traer-a-medicos-cubanos-significa-ser-complice-de-la-esclavitud-moderna-advirtieron-ongs-infobae\/","title":{"rendered":"Traer a m\u00e9dicos cubanos significa ser c\u00f3mplice de la esclavitud moderna, advirtieron ONGs | Infobae"},"content":{"rendered":"\n<p><em>Estas ONGs aseguraron que en Cuba existe una dictadura totalitaria que no duda en comercializar a sus propios ciudadanos para obtener ganancias hasta por 8 mil 500 mdd<\/em><\/p>\n\n\n\n<figure class=\"wp-block-image size-large\"><img fetchpriority=\"high\" decoding=\"async\" width=\"1024\" height=\"768\" src=\"https:\/\/losperiodistas.com.mx\/portal\/wp-content\/uploads\/2022\/05\/SWFMR2JZCFHVJD5FWWM6TBTS2U-1024x768.jpg\" alt=\"\" class=\"wp-image-28512\" srcset=\"https:\/\/losperiodistas.com.mx\/portal\/wp-content\/uploads\/2022\/05\/SWFMR2JZCFHVJD5FWWM6TBTS2U-1024x768.jpg 1024w, https:\/\/losperiodistas.com.mx\/portal\/wp-content\/uploads\/2022\/05\/SWFMR2JZCFHVJD5FWWM6TBTS2U-300x225.jpg 300w, https:\/\/losperiodistas.com.mx\/portal\/wp-content\/uploads\/2022\/05\/SWFMR2JZCFHVJD5FWWM6TBTS2U-768x576.jpg 768w, https:\/\/losperiodistas.com.mx\/portal\/wp-content\/uploads\/2022\/05\/SWFMR2JZCFHVJD5FWWM6TBTS2U.jpg 1440w\" sizes=\"(max-width: 1024px) 100vw, 1024px\" \/><figcaption>Conferencia \u201cM\u00e9dicos cubanos: tr\u00e1fico de personas, esclavitud y separaci\u00f3n forzosa familiar\u201d celebrada en la capital mexicana. Foto: Paul Miranda<\/figcaption><\/figure>\n\n\n\n<p class=\"has-vivid-cyan-blue-color has-text-color has-medium-font-size\">INFOBAE<\/p>\n\n\n\n<p>M\u00e9xico no deber\u00eda&nbsp;<a href=\"https:\/\/www.infobae.com\/america\/mexico\/2022\/05\/24\/amlo-va-por-la-contratacion-de-medicos-cubanos-pese-a-convocatoria-del-imss-no-vamos-a-tener-a-los-que-requerimos\/\" target=\"_blank\" rel=\"noreferrer noopener\"><strong>traer a la brigada de m\u00e9dicos cubanos porque eso significa apoyar el sistema de esclavitud moderna&nbsp;<\/strong><\/a>que ha implementado la<strong>&nbsp;dictadura de Miguel D\u00edaz-Canel<\/strong>, pues estas misiones no son m\u00e1s que una&nbsp;<a href=\"https:\/\/www.infobae.com\/america\/mexico\/2022\/05\/22\/cual-es-la-realidad-de-los-medicos-cubanos\/\" target=\"_blank\" rel=\"noreferrer noopener\"><strong>comercializaci\u00f3n de personas para financiar al r\u00e9gimen<\/strong><\/a>, advirtieron Organizaciones No Gubernamentales (ONG) este mi\u00e9rcoles en la Ciudad de M\u00e9xico.<\/p>\n\n\n\n<p>Organizaciones como<strong>&nbsp;Prisioner Defenders y la Fundaci\u00f3n Internacional para la Libertad (FIL)<\/strong>&nbsp;expusieron en la conferencia \u201c<strong>M\u00e9dicos cubanos: tr\u00e1fico de personas, esclavitud y separaci\u00f3n forzosa familiar<\/strong>\u201d celebrada en la capital mexicana, que los profesionales caribe\u00f1os son coercionados y chantajeados para laborar en otros pa\u00edses para que el r\u00e9gimen cobre a otros gobiernos por esos servicios.<\/p>\n\n\n\n<p>Denunciaron que los integrantes de estas brigadas internacionales que renuncian a su trabajo, o escapan, antes de concluir la misi\u00f3n, s<strong>on declarados \u201cdesertores\u201d y sufren un castigo que les impide volver con sus familias durante ocho a\u00f1o<\/strong>s, adem\u00e1s de que sus hijos, c\u00f3nyuges y padres son v\u00edctimas de un escarnio y acoso p\u00fablico, alentado por funcionarios locales.<\/p>\n\n\n\n<p><strong>Ricardo Pascoe, exembajador mexicano en Cuba<\/strong>, alert\u00f3 que la llegada de 500 m\u00e9dicos de la isla c<strong>onvertir\u00eda a M\u00e9xico \u201cen un pa\u00eds promovente de la esclavitud\u201d&nbsp;<\/strong>de esas personas, pues estas misiones, que iniciaron bajo el concepto de solidaridad, se transformaron en un negocio desde que el gobierno caribe\u00f1o suscribi\u00f3 este tipo de acuerdos con el presidente de Venezuela, Hugo Ch\u00e1vez .<\/p>\n\n\n\n<p>El tambi\u00e9n exdiputado federal, apunt\u00f3 que<strong>&nbsp;esta mercantilizaci\u00f3n de ciudadanos es una copia del modelo empleado por Corea del Norte,<\/strong>&nbsp;otro pa\u00eds totalitario, que para obtener divisas extranjeras env\u00eda de manera forzoza a miles de norcoreanos a trabajar bajo p\u00e9simas condiciones a pa\u00edses como Indonesia, Malasia o Vietnam.<img decoding=\"async\" alt=\"Dita Charanzova en su intervenci\u00f3n virtual en la conferencia  \u201cM\u00e9dicos cubanos: tr\u00e1fico de personas, esclavitud y separaci\u00f3n forzosa familiar&quot;. Foto: Paul MirandaFoto: Paul Miranda\" height=\"1417\" width=\"1890\" class=\"\" src=\"https:\/\/cloudfront-us-east-1.images.arcpublishing.com\/infobae\/AXIZBQNFKVD3DKH2NBAGG5KD7Q.jpg\" srcset=\"https:\/\/www.infobae.com\/new-resizer\/F_0ja8eVJJjpTxlTSH8VEvJUx7A=\/420x315\/filters:format(webp):quality(85)\/cloudfront-us-east-1.images.arcpublishing.com\/infobae\/AXIZBQNFKVD3DKH2NBAGG5KD7Q.jpg 420w,https:\/\/www.infobae.com\/new-resizer\/i-JGIQoXa4Bi3eZjYRw4mosnaIk=\/768x576\/filters:format(webp):quality(85)\/cloudfront-us-east-1.images.arcpublishing.com\/infobae\/AXIZBQNFKVD3DKH2NBAGG5KD7Q.jpg 768w,https:\/\/www.infobae.com\/new-resizer\/_AFYntW5XwPQRQT8JDvhMot9uGc=\/992x744\/filters:format(webp):quality(85)\/cloudfront-us-east-1.images.arcpublishing.com\/infobae\/AXIZBQNFKVD3DKH2NBAGG5KD7Q.jpg 992w,https:\/\/www.infobae.com\/new-resizer\/MuWn-KUuT_CKXPspBcf592flv70=\/1200x900\/filters:format(webp):quality(85)\/cloudfront-us-east-1.images.arcpublishing.com\/infobae\/AXIZBQNFKVD3DKH2NBAGG5KD7Q.jpg 1200w,https:\/\/www.infobae.com\/new-resizer\/PT3O9kighhEWykRbZ_eEbZpP2eA=\/1440x1080\/filters:format(webp):quality(85)\/cloudfront-us-east-1.images.arcpublishing.com\/infobae\/AXIZBQNFKVD3DKH2NBAGG5KD7Q.jpg 1440w\">Dita Charanzova en su intervenci\u00f3n virtual en la conferencia \u201cM\u00e9dicos cubanos: tr\u00e1fico de personas, esclavitud y separaci\u00f3n forzosa familiar\u00bb. Foto: Paul MirandaFoto: Paul Miranda<\/p>\n\n\n\n<p>En el evento particip\u00f3&nbsp;<strong>Dita Charanzova, vicepresidenta del Parlamento Europeo,<\/strong>&nbsp;quien este tipo de trabajos obligados constituyen una forma contempor\u00e1nea de de esclavitud. Destac\u00f3 que los castigos excesivos aplicados contra los \u201cdesertores\u201d se aplica tambi\u00e9n con trabajadores de otras \u00e1reas, como educaci\u00f3n, ingenier\u00eda o marinos, que son ofrecidos a empresas tur\u00edsticas.<\/p>\n\n\n\n<p>Charanzova reiter\u00f3 que se ha comprobado que&nbsp;<strong>el r\u00e9gimen cubano retiene por lo menos el 80% del salario que supuestamente se paga por cada uno de esos empleados<\/strong>, y para los que tratan de escapar de esta forma de explotaci\u00f3n se les considera en autom\u00e1tico la Ley de los 8 a\u00f1os, que consiste en retirarles la residencia como ciudadanos cubanos y sin poder volver a sus hijos, convirti\u00e9ndolos as\u00ed en ap\u00e1tridas pues adem\u00e1s quedan a la deriva sin ning\u00fan documento de identidad.<\/p>\n\n\n\n<p><strong>Javier Larrondo, presidente de Prisioner Defenders&nbsp;<\/strong>expuso que el gobierno de&nbsp;<strong>Miguel D\u00edaz-Canel no desea que estos datos se conozcan<\/strong>&nbsp;en el mundo, pero que en un a\u00f1o el r\u00e9gimen puede obtener ganancias por 8 mil 500 millones de d\u00f3lares por esta pr\u00e1ctica, mientras que por el turismo ingresa alrededor de 2 mil 900 mdd.<img decoding=\"async\" alt=\"M\u00e9dicos cubanos ondeaban banderas de Cuba e Italia el a\u00f1o pasado, cuando regresaron a casa despu\u00e9s de una misi\u00f3n para ayudar a combatir el coronavirus en Italia. (Foto de consorcio de Yamil Lage)\" height=\"1080\" width=\"1920\" class=\"\" src=\"https:\/\/cloudfront-us-east-1.images.arcpublishing.com\/infobae\/LTL7BUEM6JHG5CLIBRXYDE3N6A.jpg\" srcset=\"https:\/\/www.infobae.com\/new-resizer\/Ti2XH6OiRGsKBvj1qgkvKmzXIDY=\/420x236\/filters:format(webp):quality(85)\/cloudfront-us-east-1.images.arcpublishing.com\/infobae\/LTL7BUEM6JHG5CLIBRXYDE3N6A.jpg 420w,https:\/\/www.infobae.com\/new-resizer\/7GZx36rYtnWJh86CGGVKREOsZNM=\/768x432\/filters:format(webp):quality(85)\/cloudfront-us-east-1.images.arcpublishing.com\/infobae\/LTL7BUEM6JHG5CLIBRXYDE3N6A.jpg 768w,https:\/\/www.infobae.com\/new-resizer\/f-FkPCREiT1P13UJnfKBqbH82eg=\/992x558\/filters:format(webp):quality(85)\/cloudfront-us-east-1.images.arcpublishing.com\/infobae\/LTL7BUEM6JHG5CLIBRXYDE3N6A.jpg 992w,https:\/\/www.infobae.com\/new-resizer\/iMhzP1MCuOi0vsjap_hNdZ159aY=\/1200x675\/filters:format(webp):quality(85)\/cloudfront-us-east-1.images.arcpublishing.com\/infobae\/LTL7BUEM6JHG5CLIBRXYDE3N6A.jpg 1200w,https:\/\/www.infobae.com\/new-resizer\/e5AwElhF0Hg5GAax0ciXzhpPuIQ=\/1440x810\/filters:format(webp):quality(85)\/cloudfront-us-east-1.images.arcpublishing.com\/infobae\/LTL7BUEM6JHG5CLIBRXYDE3N6A.jpg 1440w\">M\u00e9dicos cubanos ondeaban banderas de Cuba e Italia el a\u00f1o pasado, cuando regresaron a casa despu\u00e9s de una misi\u00f3n para ayudar a combatir el coronavirus en Italia. (Foto de consorcio de Yamil Lage)<\/p>\n\n\n\n<p>Larrondo indic\u00f3 que de acuerdo con la informaci\u00f3n obtenida,<strong>&nbsp;hasta un 75% del personal de la salud que sale del pa\u00eds para participar en estas misiones lo hace en contra de su voluntad<\/strong>&nbsp;y detall\u00f3 que aproximadamente un 70% parte sin firmar ning\u00fan contrato, mientras el resto lo llega a firmar sin conocer el contenido del documento.<\/p>\n\n\n\n<p>Estas ONGs aseguraron que<strong>\u00a0en Cuba existe una dictadura totalitaria que no duda en usar a sus propios ciudadanos para financiarse<\/strong>\u00a0y lament\u00f3 que miles de ni\u00f1os han sufrido la separaci\u00f3n de alguno de sus progenitores, y en caso de poder volver a la isla luego de esos ochos a\u00f1os de castigo, las familian quedan estigmatizadas como\u00a0<strong>\u201cdesertores y traidores a la patria\u201d.<\/strong><\/p>\n\n\n\n<p>Fuente: https:\/\/www.infobae.com\/america\/mexico\/2022\/05\/25\/traer-a-medicos-cubanos-significa-ser-complice-de-la-esclavitud-laboral-en-cuba-advierten-ongs\/<\/p>\n","protected":false},"excerpt":{"rendered":"<p>Estas ONGs aseguraron que en Cuba existe una dictadura totalitaria que no duda en comercializar a sus propios ciudadanos para [&hellip;]<\/p>\n","protected":false},"author":1,"featured_media":28512,"comment_status":"open","ping_status":"open","sticky":false,"template":"","format":"standard","meta":{"site-sidebar-layout":"default","site-content-layout":"","ast-site-content-layout":"default","site-content-style":"default","site-sidebar-style":"default","ast-global-header-display":"","ast-banner-title-visibility":"","ast-main-header-display":"","ast-hfb-above-header-display":"","ast-hfb-below-header-display":"","ast-hfb-mobile-header-display":"","site-post-title":"","ast-breadcrumbs-content":"","ast-featured-img":"","footer-sml-layout":"","theme-transparent-header-meta":"","adv-header-id-meta":"","stick-header-meta":"","header-above-stick-meta":"","header-main-stick-meta":"","header-below-stick-meta":"","astra-migrate-meta-layouts":"default","ast-page-background-enabled":"default","ast-page-background-meta":{"desktop":{"background-color":"var(--ast-global-color-4)","background-image":"","background-repeat":"repeat","background-position":"center center","background-size":"auto","background-attachment":"scroll","background-type":"","background-media":"","overlay-type":"","overlay-color":"","overlay-opacity":"","overlay-gradient":""},"tablet":{"background-color":"","background-image":"","background-repeat":"repeat","background-position":"center center","background-size":"auto","background-attachment":"scroll","background-type":"","background-media":"","overlay-type":"","overlay-color":"","overlay-opacity":"","overlay-gradient":""},"mobile":{"background-color":"","background-image":"","background-repeat":"repeat","background-position":"center center","background-size":"auto","background-attachment":"scroll","background-type":"","background-media":"","overlay-type":"","overlay-color":"","overlay-opacity":"","overlay-gradient":""}},"ast-content-background-meta":{"desktop":{"background-color":"var(--ast-global-color-5)","background-image":"","background-repeat":"repeat","background-position":"center center","background-size":"auto","background-attachment":"scroll","background-type":"","background-media":"","overlay-type":"","overlay-color":"","overlay-opacity":"","overlay-gradient":""},"tablet":{"background-color":"var(--ast-global-color-5)","background-image":"","background-repeat":"repeat","background-position":"center center","background-size":"auto","background-attachment":"scroll","background-type":"","background-media":"","overlay-type":"","overlay-color":"","overlay-opacity":"","overlay-gradient":""},"mobile":{"background-color":"var(--ast-global-color-5)","background-image":"","background-repeat":"repeat","background-position":"center center","background-size":"auto","background-attachment":"scroll","background-type":"","background-media":"","overlay-type":"","overlay-color":"","overlay-opacity":"","overlay-gradient":""}},"footnotes":""},"categories":[8],"tags":[7015,10382,10218,10381],"class_list":["post-28511","post","type-post","status-publish","format-standard","has-post-thumbnail","hentry","category-noticias","tag-esclavitud-cuba","tag-fundacion-internacional-para-la-libertad","tag-medicos-cubanos","tag-prisioner-defenders"],"_links":{"self":[{"href":"https:\/\/losperiodistas.com.mx\/portal\/wp-json\/wp\/v2\/posts\/28511","targetHints":{"allow":["GET"]}}],"collection":[{"href":"https:\/\/losperiodistas.com.mx\/portal\/wp-json\/wp\/v2\/posts"}],"about":[{"href":"https:\/\/losperiodistas.com.mx\/portal\/wp-json\/wp\/v2\/types\/post"}],"author":[{"embeddable":true,"href":"https:\/\/losperiodistas.com.mx\/portal\/wp-json\/wp\/v2\/users\/1"}],"replies":[{"embeddable":true,"href":"https:\/\/losperiodistas.com.mx\/portal\/wp-json\/wp\/v2\/comments?post=28511"}],"version-history":[{"count":1,"href":"https:\/\/losperiodistas.com.mx\/portal\/wp-json\/wp\/v2\/posts\/28511\/revisions"}],"predecessor-version":[{"id":28513,"href":"https:\/\/losperiodistas.com.mx\/portal\/wp-json\/wp\/v2\/posts\/28511\/revisions\/28513"}],"wp:featuredmedia":[{"embeddable":true,"href":"https:\/\/losperiodistas.com.mx\/portal\/wp-json\/wp\/v2\/media\/28512"}],"wp:attachment":[{"href":"https:\/\/losperiodistas.com.mx\/portal\/wp-json\/wp\/v2\/media?parent=28511"}],"wp:term":[{"taxonomy":"category","embeddable":true,"href":"https:\/\/losperiodistas.com.mx\/portal\/wp-json\/wp\/v2\/categories?post=28511"},{"taxonomy":"post_tag","embeddable":true,"href":"https:\/\/losperiodistas.com.mx\/portal\/wp-json\/wp\/v2\/tags?post=28511"}],"curies":[{"name":"wp","href":"https:\/\/api.w.org\/{rel}","templated":true}]}}