{"id":28508,"date":"2022-05-25T23:17:57","date_gmt":"2022-05-26T04:17:57","guid":{"rendered":"http:\/\/losperiodistas.com.mx\/portal\/?p=28508"},"modified":"2022-05-25T23:17:58","modified_gmt":"2022-05-26T04:17:58","slug":"conoce-un-poco-de-la-produccion-agropecuaria-y-pesquera-de-tlaxcala-la-campina","status":"publish","type":"post","link":"https:\/\/losperiodistas.com.mx\/portal\/conoce-un-poco-de-la-produccion-agropecuaria-y-pesquera-de-tlaxcala-la-campina\/","title":{"rendered":"Conoce un poco de la producci\u00f3n agropecuaria y pesquera de Tlaxcala | La Campi\u00f1a"},"content":{"rendered":"\n<p><em>Entre los principales productos se encuentra el ma\u00edz grano, la carne en canal de bovino y carpa<\/em><\/p>\n\n\n\n<p><\/p>\n\n\n\n<figure class=\"wp-block-image size-full\"><img fetchpriority=\"high\" decoding=\"async\" width=\"650\" height=\"433\" src=\"https:\/\/losperiodistas.com.mx\/portal\/wp-content\/uploads\/2022\/05\/maiz_nativo.jpeg\" alt=\"\" class=\"wp-image-28509\" srcset=\"https:\/\/losperiodistas.com.mx\/portal\/wp-content\/uploads\/2022\/05\/maiz_nativo.jpeg 650w, https:\/\/losperiodistas.com.mx\/portal\/wp-content\/uploads\/2022\/05\/maiz_nativo-300x200.jpeg 300w\" sizes=\"(max-width: 650px) 100vw, 650px\" \/><figcaption>Especial<\/figcaption><\/figure>\n\n\n\n<p><\/p>\n\n\n\n<p class=\"has-vivid-cyan-blue-color has-text-color has-medium-font-size\">REDACCI\u00d3N LA CAMPI\u00d1A<\/p>\n\n\n\n<p><strong>M\u00c9XICO.-<\/strong>&nbsp;Entre los principales productos que se producen en Tlaxcala se encuentra el ma\u00edz grano, la carne en canal de bovino y la carpa.<\/p>\n\n\n\n<p>De las personas que laboran en Tlaxcala, 11.7%&nbsp; se dedican al sector primario:<\/p>\n\n\n\n<ul class=\"wp-block-list\"><li>88.3% en la agricultura<\/li><li>11.7% en la ganader\u00eda<\/li><\/ul>\n\n\n\n<figure class=\"wp-block-embed is-type-wp-embed is-provider-revista-la-campina wp-block-embed-revista-la-campina\"><div class=\"wp-block-embed__wrapper\">\n<blockquote class=\"wp-embedded-content\" data-secret=\"GSzcG86Z5I\"><a href=\"https:\/\/revistalacampina.mx\/2020\/05\/18\/entre-semillas-y-espinas-testimonio-de-la-mujer-rural-de-tlaxcala\/\">&#8220;Entre semillas y espinas&#8221;, testimonio de la mujer rural de Tlaxcala<\/a><\/blockquote><iframe class=\"wp-embedded-content\" sandbox=\"allow-scripts\" security=\"restricted\" style=\"position: absolute; visibility: hidden;\" title=\"&#8220;&#8220;Entre semillas y espinas&#8221;, testimonio de la mujer rural de Tlaxcala&#8221; &#8212; Revista la Campi\u00f1a\" src=\"https:\/\/revistalacampina.mx\/2020\/05\/18\/entre-semillas-y-espinas-testimonio-de-la-mujer-rural-de-tlaxcala\/embed\/#?secret=uctvJnVfQZ#?secret=GSzcG86Z5I\" data-secret=\"GSzcG86Z5I\" width=\"500\" height=\"282\" frameborder=\"0\" marginwidth=\"0\" marginheight=\"0\" scrolling=\"no\"><\/iframe>\n<\/div><\/figure>\n\n\n\n<p>Volumen agropecuario y pesquero:&nbsp; 1,508,568 toneladas<\/p>\n\n\n\n<ul class=\"wp-block-list\"><li>Agr\u00edcola: 92.2% (1,392,918 toneladas)<\/li><li>Pecuario: 7.7% (115,591 toneladas)<\/li><li>Pesquero: 0.1% (59 toneladas)<\/li><\/ul>\n\n\n\n<p>Principales municipios productores<\/p>\n\n\n\n<ul class=\"wp-block-list\"><li>Agr\u00edcola y pecuario: Tlaxco y Huamantla<\/li><li>Acu\u00edcola: Tlaxcala<\/li><\/ul>\n\n\n\n<figure class=\"wp-block-embed is-type-wp-embed is-provider-revista-la-campina wp-block-embed-revista-la-campina\"><div class=\"wp-block-embed__wrapper\">\n<blockquote class=\"wp-embedded-content\" data-secret=\"6lITew2cXj\"><a href=\"https:\/\/revistalacampina.mx\/2020\/10\/07\/asi-se-vive-una-elotiza-en-huamantla-tlaxcala\/\">As\u00ed se vive una elotiza en Huamantla, Tlaxcala<\/a><\/blockquote><iframe class=\"wp-embedded-content\" sandbox=\"allow-scripts\" security=\"restricted\" style=\"position: absolute; visibility: hidden;\" title=\"&#8220;As\u00ed se vive una elotiza en Huamantla, Tlaxcala&#8221; &#8212; Revista la Campi\u00f1a\" src=\"https:\/\/revistalacampina.mx\/2020\/10\/07\/asi-se-vive-una-elotiza-en-huamantla-tlaxcala\/embed\/#?secret=nn4jU16g5Z#?secret=6lITew2cXj\" data-secret=\"6lITew2cXj\" width=\"500\" height=\"282\" frameborder=\"0\" marginwidth=\"0\" marginheight=\"0\" scrolling=\"no\"><\/iframe>\n<\/div><\/figure>\n\n\n\n<p><strong>Actividad agr\u00edcola&nbsp;<\/strong><\/p>\n\n\n\n<ul class=\"wp-block-list\"><li>Municipios con mayor superficie sembrada:\u00a0Tlaxco,\u00a0Huamantla,\u00a0Calpulalpan,\u00a0Atltzayanca y Hueyotlipan.<\/li><li>87.6% de la producci\u00f3n es de temporal y 12.4% es de riego<\/li><li>Principales productos agr\u00edcolas: ma\u00edz\u00a0grano, trigo grano, cebada grano, avena forrajera y alfalfa<\/li><\/ul>\n\n\n\n<figure class=\"wp-block-embed is-type-wp-embed is-provider-revista-la-campina wp-block-embed-revista-la-campina\"><div class=\"wp-block-embed__wrapper\">\n<blockquote class=\"wp-embedded-content\" data-secret=\"VKh7n7XqqQ\"><a href=\"https:\/\/revistalacampina.mx\/2022\/01\/21\/agaveturismo-proyecto-de-tlaxcala-gana-premio-en-espana\/\">&#8220;Agaveturismo&#8221;, proyecto de Tlaxcala gana premio en Espa\u00f1a\u00a0<\/a><\/blockquote><iframe class=\"wp-embedded-content\" sandbox=\"allow-scripts\" security=\"restricted\" style=\"position: absolute; visibility: hidden;\" title=\"&#8220;&#8220;Agaveturismo&#8221;, proyecto de Tlaxcala gana premio en Espa\u00f1a\u00a0&#8221; &#8212; Revista la Campi\u00f1a\" src=\"https:\/\/revistalacampina.mx\/2022\/01\/21\/agaveturismo-proyecto-de-tlaxcala-gana-premio-en-espana\/embed\/#?secret=vsg19UGnBg#?secret=VKh7n7XqqQ\" data-secret=\"VKh7n7XqqQ\" width=\"500\" height=\"282\" frameborder=\"0\" marginwidth=\"0\" marginheight=\"0\" scrolling=\"no\"><\/iframe>\n<\/div><\/figure>\n\n\n\n<p><strong>Actividad pecuaria&nbsp;<\/strong><\/p>\n\n\n\n<ul class=\"wp-block-list\"><li>Disponen de 7 centros de sacrificio.<\/li><li>Inventario ganadero:<\/li><\/ul>\n\n\n\n<figure class=\"wp-block-table\"><table><tbody><tr><td>Especie<\/td><td>Bovino<\/td><td>Porcino<\/td><td>Ovino<\/td><td>Caprino<\/td><td>Ave<\/td><td>Guajolote<\/td><td>Abeja<\/td><\/tr><tr><td>Miles de cabezas<\/td><td>45<\/td><td>205<\/td><td>287<\/td><td>114<\/td><td>306<\/td><td>96<\/td><td>22*<\/td><\/tr><\/tbody><\/table><\/figure>\n\n\n\n<p>*Miles de colmenas<\/p>\n\n\n\n<ul class=\"wp-block-list\"><li>Principales productos: carne de bovino, carne de porcino, leche de bovino, carne de ovino y huevo para plato.<\/li><\/ul>\n\n\n\n<figure class=\"wp-block-embed is-type-wp-embed is-provider-revista-la-campina wp-block-embed-revista-la-campina\"><div class=\"wp-block-embed__wrapper\">\n<blockquote class=\"wp-embedded-content\" data-secret=\"ewiwudcqR3\"><a href=\"https:\/\/revistalacampina.mx\/2019\/06\/12\/grana-cochinilla-oro-rojo-que-se-cosecha-en-tlaxcala\/\">Grana cochinilla, &#8220;oro rojo&#8221; que se cosecha en Tlaxcala<\/a><\/blockquote><iframe class=\"wp-embedded-content\" sandbox=\"allow-scripts\" security=\"restricted\" style=\"position: absolute; visibility: hidden;\" title=\"&#8220;Grana cochinilla, &#8220;oro rojo&#8221; que se cosecha en Tlaxcala&#8221; &#8212; Revista la Campi\u00f1a\" src=\"https:\/\/revistalacampina.mx\/2019\/06\/12\/grana-cochinilla-oro-rojo-que-se-cosecha-en-tlaxcala\/embed\/#?secret=wNO8xqDwX3#?secret=ewiwudcqR3\" data-secret=\"ewiwudcqR3\" width=\"500\" height=\"282\" frameborder=\"0\" marginwidth=\"0\" marginheight=\"0\" scrolling=\"no\"><\/iframe>\n<\/div><\/figure>\n\n\n\n<p><strong>Actividad pesquera&nbsp;<\/strong><\/p>\n\n\n\n<ul class=\"wp-block-list\"><li>En 2020 su producci\u00f3n fue de 59 toneladas y tuvo un valor de 3.2 mdp.<\/li><li>Aportan el 0.1% del total nacional.<\/li><li>El estado cuenta con 113 unidades de producci\u00f3n acu\u00edcola.<\/li><li>Principales productos:\u00a0 carpa, mojarra, charal, peces de ornato y trucha<\/li><\/ul>\n\n\n\n<figure class=\"wp-block-embed is-type-wp-embed is-provider-revista-la-campina wp-block-embed-revista-la-campina\"><div class=\"wp-block-embed__wrapper\">\n<blockquote class=\"wp-embedded-content\" data-secret=\"Iq7jSG6BWB\"><a href=\"https:\/\/revistalacampina.mx\/2020\/06\/01\/tacos-canasta-de-tlaxcala-se-llevan-premio-james-beard-por-su-aparicion-en-las-cronicas-de-netflix\/\">Tacos canasta de Tlaxcala se llevan premio James Beard por su aparici\u00f3n en las cr\u00f3nicas de Netflix<\/a><\/blockquote><iframe class=\"wp-embedded-content\" sandbox=\"allow-scripts\" security=\"restricted\" style=\"position: absolute; visibility: hidden;\" title=\"&#8220;Tacos canasta de Tlaxcala se llevan premio James Beard por su aparici\u00f3n en las cr\u00f3nicas de Netflix&#8221; &#8212; Revista la Campi\u00f1a\" src=\"https:\/\/revistalacampina.mx\/2020\/06\/01\/tacos-canasta-de-tlaxcala-se-llevan-premio-james-beard-por-su-aparicion-en-las-cronicas-de-netflix\/embed\/#?secret=It2CYXf3zg#?secret=Iq7jSG6BWB\" data-secret=\"Iq7jSG6BWB\" width=\"500\" height=\"282\" frameborder=\"0\" marginwidth=\"0\" marginheight=\"0\" scrolling=\"no\"><\/iframe>\n<\/div><\/figure>\n\n\n\n<p><strong>Seis datos sobre Tlaxcala que tal vez no conoc\u00edas<\/strong><\/p>\n\n\n\n<ol class=\"wp-block-list\"><li>A excepci\u00f3n de la Ciudad de M\u00e9xico, Tlaxcala es el estado con la superficie m\u00e1s peque\u00f1a de todas las entidades<\/li><li>La ciudad colonial de Tlaxcala fue fundada sobre la prehisp\u00e1nica en 1520 por Hern\u00e1n Cort\u00e9s.<\/li><li>Tlaxcala fue una de las naciones que logr\u00f3 mantener su independencia ante el Imperio Mexica.<\/li><li>En 1786, Tlaxcala, estuvo integrada a la Intendencia de Puebla, 7 a\u00f1os despu\u00e9s por insistencias del gobierno indigena logr\u00f3 nuevamente ser un territorio independiente.<\/li><li>El territorio de Tlaxcala tiene dos grandes llanos: el de Calpulalpan y Huamantla, as\u00ed como un clima templado la mayor parte del a\u00f1o, lo que permite contar con una gran diversidad de flora y fauna.<\/li><li>Cuenta con 1 mill\u00f3n 395 mil 545 habitantes, que representan el 1.1% de la poblaci\u00f3n total del pa\u00eds.<\/li><\/ol>\n\n\n\n<p>Fuente: https:\/\/revistalacampina.mx\/2022\/05\/25\/conoce-un-poco-de-la-produccion-agropecuaria-y-pesquera-de-tlaxcala\/<\/p>\n","protected":false},"excerpt":{"rendered":"<p>Entre los principales productos se encuentra el ma\u00edz grano, la carne en canal de bovino y carpa REDACCI\u00d3N LA CAMPI\u00d1A [&hellip;]<\/p>\n","protected":false},"author":1,"featured_media":28509,"comment_status":"open","ping_status":"open","sticky":false,"template":"","format":"standard","meta":{"site-sidebar-layout":"default","site-content-layout":"","ast-site-content-layout":"default","site-content-style":"default","site-sidebar-style":"default","ast-global-header-display":"","ast-banner-title-visibility":"","ast-main-header-display":"","ast-hfb-above-header-display":"","ast-hfb-below-header-display":"","ast-hfb-mobile-header-display":"","site-post-title":"","ast-breadcrumbs-content":"","ast-featured-img":"","footer-sml-layout":"","theme-transparent-header-meta":"","adv-header-id-meta":"","stick-header-meta":"","header-above-stick-meta":"","header-main-stick-meta":"","header-below-stick-meta":"","astra-migrate-meta-layouts":"default","ast-page-background-enabled":"default","ast-page-background-meta":{"desktop":{"background-color":"var(--ast-global-color-4)","background-image":"","background-repeat":"repeat","background-position":"center center","background-size":"auto","background-attachment":"scroll","background-type":"","background-media":"","overlay-type":"","overlay-color":"","overlay-opacity":"","overlay-gradient":""},"tablet":{"background-color":"","background-image":"","background-repeat":"repeat","background-position":"center center","background-size":"auto","background-attachment":"scroll","background-type":"","background-media":"","overlay-type":"","overlay-color":"","overlay-opacity":"","overlay-gradient":""},"mobile":{"background-color":"","background-image":"","background-repeat":"repeat","background-position":"center center","background-size":"auto","background-attachment":"scroll","background-type":"","background-media":"","overlay-type":"","overlay-color":"","overlay-opacity":"","overlay-gradient":""}},"ast-content-background-meta":{"desktop":{"background-color":"var(--ast-global-color-5)","background-image":"","background-repeat":"repeat","background-position":"center center","background-size":"auto","background-attachment":"scroll","background-type":"","background-media":"","overlay-type":"","overlay-color":"","overlay-opacity":"","overlay-gradient":""},"tablet":{"background-color":"var(--ast-global-color-5)","background-image":"","background-repeat":"repeat","background-position":"center center","background-size":"auto","background-attachment":"scroll","background-type":"","background-media":"","overlay-type":"","overlay-color":"","overlay-opacity":"","overlay-gradient":""},"mobile":{"background-color":"var(--ast-global-color-5)","background-image":"","background-repeat":"repeat","background-position":"center center","background-size":"auto","background-attachment":"scroll","background-type":"","background-media":"","overlay-type":"","overlay-color":"","overlay-opacity":"","overlay-gradient":""}},"footnotes":""},"categories":[8],"tags":[10379,10380,7133],"class_list":["post-28508","post","type-post","status-publish","format-standard","has-post-thumbnail","hentry","category-noticias","tag-produccion-agropecuaria","tag-produccion-pesquera","tag-tlaxcala"],"_links":{"self":[{"href":"https:\/\/losperiodistas.com.mx\/portal\/wp-json\/wp\/v2\/posts\/28508","targetHints":{"allow":["GET"]}}],"collection":[{"href":"https:\/\/losperiodistas.com.mx\/portal\/wp-json\/wp\/v2\/posts"}],"about":[{"href":"https:\/\/losperiodistas.com.mx\/portal\/wp-json\/wp\/v2\/types\/post"}],"author":[{"embeddable":true,"href":"https:\/\/losperiodistas.com.mx\/portal\/wp-json\/wp\/v2\/users\/1"}],"replies":[{"embeddable":true,"href":"https:\/\/losperiodistas.com.mx\/portal\/wp-json\/wp\/v2\/comments?post=28508"}],"version-history":[{"count":1,"href":"https:\/\/losperiodistas.com.mx\/portal\/wp-json\/wp\/v2\/posts\/28508\/revisions"}],"predecessor-version":[{"id":28510,"href":"https:\/\/losperiodistas.com.mx\/portal\/wp-json\/wp\/v2\/posts\/28508\/revisions\/28510"}],"wp:featuredmedia":[{"embeddable":true,"href":"https:\/\/losperiodistas.com.mx\/portal\/wp-json\/wp\/v2\/media\/28509"}],"wp:attachment":[{"href":"https:\/\/losperiodistas.com.mx\/portal\/wp-json\/wp\/v2\/media?parent=28508"}],"wp:term":[{"taxonomy":"category","embeddable":true,"href":"https:\/\/losperiodistas.com.mx\/portal\/wp-json\/wp\/v2\/categories?post=28508"},{"taxonomy":"post_tag","embeddable":true,"href":"https:\/\/losperiodistas.com.mx\/portal\/wp-json\/wp\/v2\/tags?post=28508"}],"curies":[{"name":"wp","href":"https:\/\/api.w.org\/{rel}","templated":true}]}}