{"id":28505,"date":"2022-05-25T23:09:04","date_gmt":"2022-05-26T04:09:04","guid":{"rendered":"http:\/\/losperiodistas.com.mx\/portal\/?p=28505"},"modified":"2022-05-25T23:09:06","modified_gmt":"2022-05-26T04:09:06","slug":"fallece-el-tigre-eduardo-lizalde-poeta-merecedor-de-la-clavis-palafoxianum-ljo","status":"publish","type":"post","link":"https:\/\/losperiodistas.com.mx\/portal\/fallece-el-tigre-eduardo-lizalde-poeta-merecedor-de-la-clavis-palafoxianum-ljo\/","title":{"rendered":"Fallece \u201cEl Tigre\u201d Eduardo Lizalde, poeta merecedor de la Clavis Palafoxianum | LJO"},"content":{"rendered":"\n<figure class=\"wp-block-image size-large\"><img fetchpriority=\"high\" decoding=\"async\" width=\"1024\" height=\"773\" src=\"https:\/\/losperiodistas.com.mx\/portal\/wp-content\/uploads\/2022\/05\/Captura-de-Pantalla-2022-05-25-a-las-23.05.11-1024x773.jpg\" alt=\"\" class=\"wp-image-28506\" srcset=\"https:\/\/losperiodistas.com.mx\/portal\/wp-content\/uploads\/2022\/05\/Captura-de-Pantalla-2022-05-25-a-las-23.05.11-1024x773.jpg 1024w, https:\/\/losperiodistas.com.mx\/portal\/wp-content\/uploads\/2022\/05\/Captura-de-Pantalla-2022-05-25-a-las-23.05.11-300x226.jpg 300w, https:\/\/losperiodistas.com.mx\/portal\/wp-content\/uploads\/2022\/05\/Captura-de-Pantalla-2022-05-25-a-las-23.05.11-768x580.jpg 768w, https:\/\/losperiodistas.com.mx\/portal\/wp-content\/uploads\/2022\/05\/Captura-de-Pantalla-2022-05-25-a-las-23.05.11-1536x1160.jpg 1536w, https:\/\/losperiodistas.com.mx\/portal\/wp-content\/uploads\/2022\/05\/Captura-de-Pantalla-2022-05-25-a-las-23.05.11.jpg 1722w\" sizes=\"(max-width: 1024px) 100vw, 1024px\" \/><\/figure>\n\n\n\n<p><\/p>\n\n\n\n<p class=\"has-vivid-cyan-blue-color has-text-color has-medium-font-size\">PAULA CARRIZOSA \/ LA JORNADA DE ORIENTE<\/p>\n\n\n\n<p>\u201cEl poeta escribe pese al contexto violento, porque aunque quisiera inventar otro mundo no puede hacerlo, ya que la realidad es as\u00ed y cada vez ser\u00e1 peor y m\u00e1s siniestra\u201d, expres\u00f3 el reconocido poeta Eduardo Lizalde al ser el primero en recibir en Puebla la Clavis Palafoxianum, desaparecido galard\u00f3n que, en su momento, fue entregado a los personajes que han destacado por su trayectoria y aportaci\u00f3n en el campo de la cultura y las letras.&nbsp;<\/p>\n\n\n\n<p>Este mi\u00e9rcoles 25 de mayo, a la edad de 93 a\u00f1os, falleci\u00f3 el escritor, poeta y acad\u00e9mico mexicano, quien recibi\u00f3 en el a\u00f1o 2009 la Medalla de Oro&nbsp;<a href=\"https:\/\/twitter.com\/mbellasartes\" target=\"_blank\" rel=\"noreferrer noopener\">Bellas Artes<\/a>&nbsp;en reconocimiento a su trayectoria.&nbsp;<\/p>\n\n\n\n<p>La Secretar\u00eda de Cultura federal y el Instituto Nacional de Bellas Artes informaron que, en acuerdo con su familia, realizar\u00e1n pr\u00f3ximamente un homenaje p\u00f3stumo a Eduardo Lizalde Ch\u00e1vez en la Sala Principal del Palacio de Bellas Artes.\u00a0<\/p>\n\n\n\n<p><strong>Dolor-amor, ternura-violencia, esperanza-desencanto, los contrastes de la vida, fueron plasmados con fidelidad por Eduardo Lizalde Ch\u00e1vez<\/strong>&nbsp;en su vasta obra literaria, que deja como un imprescindible legado en las letras de M\u00e9xico y el mundo.&nbsp;&nbsp;<\/p>\n\n\n\n<p>&nbsp;A Lizalde se le conoc\u00eda tambi\u00e9n como \u201cEl Tigre\u201d, por la recurrencia de este felino en obras como El tigre en la casa, por el cual obtuvo el Premio Xavier Villaurrutia en 1970; Memoria del tigre, \u00a1Tigre, tigre!, La caza del tigre, Otros tigres, Rosas y otros tigres, entre otras.&nbsp;<\/p>\n\n\n\n<p><strong>Eduardo Lizalde Ch\u00e1vez naci\u00f3 en la Ciudad de M\u00e9xico el 14 de julio de 1929, desde ni\u00f1o aprendi\u00f3 a construir sonetos bajo la gu\u00eda de su padre.<u><\/u>&nbsp;<\/strong><\/p>\n\n\n\n<p>Estudiante de la Facultad de Filosof\u00eda y Letras de la Universidad Nacional Aut\u00f3noma de M\u00e9xico (UNAM), en 1948 empez\u00f3 a publicar sus primeros poemas en un peri\u00f3dico e inicia el movimiento \u201cPoeticismo\u201d junto a Enrique Gonz\u00e1lez Rojo y Marco Antonio Montes de Oca, que pretend\u00eda combatir la imprecisi\u00f3n verbal y conceptual de la poes\u00eda de su tiempo. Movimiento que critica m\u00e1s adelante en el libro Autobiograf\u00eda de un fracaso. Su primer libro de poemas fue publicado cuando ten\u00eda 27 a\u00f1os, bajo el t\u00edtulo La mala hora.\u00a0<\/p>\n\n\n\n<p>Entre los&nbsp;<a href=\"https:\/\/www.lajornadadeoriente.com.mx\/puebla\/premio-gusanos-memoria-jovenes\/\" target=\"_blank\" rel=\"noreferrer noopener\">reconocimientos<\/a>&nbsp;que obtuvo est\u00e1n: Premio Nacional de Poes\u00eda Aguascalientes 1974 por La zorra enferma. Nacional de Literatura y Ling\u00fc\u00edstica 1988; Iberoamericano Ram\u00f3n L\u00f3pez Velarde 2002, San Luis al M\u00e9rito Literario 2009; X&nbsp;<a href=\"https:\/\/www.jornada.com.mx\/2013\/11\/04\/cultura\/a09n1cul\" target=\"_blank\" rel=\"noreferrer noopener\">Premio Internacional de Poes\u00eda Ciudad de Granada Federico Garc\u00eda Lorca<\/a>; Premio Internacional Alfonso Reyes y Premio Internacional Carlos Fuentes de Creaci\u00f3n Literaria por \u201cser el poeta vivo m\u00e1s importante en M\u00e9xico\u201d; adem\u00e1s de recibir el doctor honoris causa 2015 por la UNAM.&nbsp;<\/p>\n\n\n\n<p>Colabor\u00f3 con rese\u00f1as literarias en los suplementos Revista Mexicana de Cultura, M\u00e9xico en la Cultura, as\u00ed como en otras publicaciones, como Ideas de M\u00e9xico, Universidad de M\u00e9xico, El Gallo Ilustrado, El Nacional, Vuelta, Letras libres y La Letra y la Imagen. Dirigi\u00f3 durante un a\u00f1o (1982-1983) el suplemento del diario Novedades: El Semanario Cultural. De 1988 a 1994 fue presidente de Pen Club de M\u00e9xico. Fue el primer entrevistador de Julio Cort\u00e1zar en M\u00e9xico.&nbsp;<\/p>\n\n\n\n<p>Fue becario del Fonca y de la Fundaci\u00f3n Guggenheim. Miembro del Sistema Nacional de Creadores de Arte como creador em\u00e9rito, desde 1994. Miembro de la Academia Mexicana de la Lengua a partir de 2007, su discurso de ingreso fue La poes\u00eda mexicana, esplendor e infortunios.\u00a0<\/p>\n\n\n\n<p>Fuente: https:\/\/www.lajornadadeoriente.com.mx\/puebla\/fallece-tigre-eduardo-lizalde-poeta-clavis-palafoxianum\/ <\/p>\n","protected":false},"excerpt":{"rendered":"<p>PAULA CARRIZOSA \/ LA JORNADA DE ORIENTE \u201cEl poeta escribe pese al contexto violento, porque aunque quisiera inventar otro mundo [&hellip;]<\/p>\n","protected":false},"author":1,"featured_media":28506,"comment_status":"open","ping_status":"open","sticky":false,"template":"","format":"standard","meta":{"site-sidebar-layout":"default","site-content-layout":"","ast-site-content-layout":"default","site-content-style":"default","site-sidebar-style":"default","ast-global-header-display":"","ast-banner-title-visibility":"","ast-main-header-display":"","ast-hfb-above-header-display":"","ast-hfb-below-header-display":"","ast-hfb-mobile-header-display":"","site-post-title":"","ast-breadcrumbs-content":"","ast-featured-img":"","footer-sml-layout":"","theme-transparent-header-meta":"","adv-header-id-meta":"","stick-header-meta":"","header-above-stick-meta":"","header-main-stick-meta":"","header-below-stick-meta":"","astra-migrate-meta-layouts":"default","ast-page-background-enabled":"default","ast-page-background-meta":{"desktop":{"background-color":"var(--ast-global-color-4)","background-image":"","background-repeat":"repeat","background-position":"center center","background-size":"auto","background-attachment":"scroll","background-type":"","background-media":"","overlay-type":"","overlay-color":"","overlay-opacity":"","overlay-gradient":""},"tablet":{"background-color":"","background-image":"","background-repeat":"repeat","background-position":"center center","background-size":"auto","background-attachment":"scroll","background-type":"","background-media":"","overlay-type":"","overlay-color":"","overlay-opacity":"","overlay-gradient":""},"mobile":{"background-color":"","background-image":"","background-repeat":"repeat","background-position":"center center","background-size":"auto","background-attachment":"scroll","background-type":"","background-media":"","overlay-type":"","overlay-color":"","overlay-opacity":"","overlay-gradient":""}},"ast-content-background-meta":{"desktop":{"background-color":"var(--ast-global-color-5)","background-image":"","background-repeat":"repeat","background-position":"center center","background-size":"auto","background-attachment":"scroll","background-type":"","background-media":"","overlay-type":"","overlay-color":"","overlay-opacity":"","overlay-gradient":""},"tablet":{"background-color":"var(--ast-global-color-5)","background-image":"","background-repeat":"repeat","background-position":"center center","background-size":"auto","background-attachment":"scroll","background-type":"","background-media":"","overlay-type":"","overlay-color":"","overlay-opacity":"","overlay-gradient":""},"mobile":{"background-color":"var(--ast-global-color-5)","background-image":"","background-repeat":"repeat","background-position":"center center","background-size":"auto","background-attachment":"scroll","background-type":"","background-media":"","overlay-type":"","overlay-color":"","overlay-opacity":"","overlay-gradient":""}},"footnotes":""},"categories":[8],"tags":[10378,10376,10377,10247],"class_list":["post-28505","post","type-post","status-publish","format-standard","has-post-thumbnail","hentry","category-noticias","tag-clavis-palafoxianum","tag-eduardo-lizalde-chavez","tag-inba","tag-literatura"],"_links":{"self":[{"href":"https:\/\/losperiodistas.com.mx\/portal\/wp-json\/wp\/v2\/posts\/28505","targetHints":{"allow":["GET"]}}],"collection":[{"href":"https:\/\/losperiodistas.com.mx\/portal\/wp-json\/wp\/v2\/posts"}],"about":[{"href":"https:\/\/losperiodistas.com.mx\/portal\/wp-json\/wp\/v2\/types\/post"}],"author":[{"embeddable":true,"href":"https:\/\/losperiodistas.com.mx\/portal\/wp-json\/wp\/v2\/users\/1"}],"replies":[{"embeddable":true,"href":"https:\/\/losperiodistas.com.mx\/portal\/wp-json\/wp\/v2\/comments?post=28505"}],"version-history":[{"count":1,"href":"https:\/\/losperiodistas.com.mx\/portal\/wp-json\/wp\/v2\/posts\/28505\/revisions"}],"predecessor-version":[{"id":28507,"href":"https:\/\/losperiodistas.com.mx\/portal\/wp-json\/wp\/v2\/posts\/28505\/revisions\/28507"}],"wp:featuredmedia":[{"embeddable":true,"href":"https:\/\/losperiodistas.com.mx\/portal\/wp-json\/wp\/v2\/media\/28506"}],"wp:attachment":[{"href":"https:\/\/losperiodistas.com.mx\/portal\/wp-json\/wp\/v2\/media?parent=28505"}],"wp:term":[{"taxonomy":"category","embeddable":true,"href":"https:\/\/losperiodistas.com.mx\/portal\/wp-json\/wp\/v2\/categories?post=28505"},{"taxonomy":"post_tag","embeddable":true,"href":"https:\/\/losperiodistas.com.mx\/portal\/wp-json\/wp\/v2\/tags?post=28505"}],"curies":[{"name":"wp","href":"https:\/\/api.w.org\/{rel}","templated":true}]}}