{"id":28474,"date":"2022-05-25T13:55:45","date_gmt":"2022-05-25T18:55:45","guid":{"rendered":"http:\/\/losperiodistas.com.mx\/portal\/?p=28474"},"modified":"2022-05-25T13:55:47","modified_gmt":"2022-05-25T18:55:47","slug":"bulevar-xonacatepec-se-suma-a-las-vialidades-intervenidas-por-el-ayuntamiento-de-puebla-de-manera-integral","status":"publish","type":"post","link":"https:\/\/losperiodistas.com.mx\/portal\/bulevar-xonacatepec-se-suma-a-las-vialidades-intervenidas-por-el-ayuntamiento-de-puebla-de-manera-integral\/","title":{"rendered":"Bulevar Xonacatepec se suma a las vialidades intervenidas por el Ayuntamiento de Puebla de manera integral"},"content":{"rendered":"\n<p><em>Por 3 d\u00edas se estar\u00e1 trabajando en mejorar la imagen urbana de esta v\u00eda de acceso al municipio.<\/em><\/p>\n\n\n\n<p><\/p>\n\n\n\n<figure class=\"wp-block-image size-large\"><img fetchpriority=\"high\" decoding=\"async\" width=\"1024\" height=\"682\" src=\"https:\/\/losperiodistas.com.mx\/portal\/wp-content\/uploads\/2022\/05\/WhatsApp-Image-2022-05-25-at-9.38.50-AM-1024x682.jpeg\" alt=\"\" class=\"wp-image-28483\" srcset=\"https:\/\/losperiodistas.com.mx\/portal\/wp-content\/uploads\/2022\/05\/WhatsApp-Image-2022-05-25-at-9.38.50-AM-1024x682.jpeg 1024w, https:\/\/losperiodistas.com.mx\/portal\/wp-content\/uploads\/2022\/05\/WhatsApp-Image-2022-05-25-at-9.38.50-AM-300x200.jpeg 300w, https:\/\/losperiodistas.com.mx\/portal\/wp-content\/uploads\/2022\/05\/WhatsApp-Image-2022-05-25-at-9.38.50-AM-768x512.jpeg 768w, https:\/\/losperiodistas.com.mx\/portal\/wp-content\/uploads\/2022\/05\/WhatsApp-Image-2022-05-25-at-9.38.50-AM.jpeg 1280w\" sizes=\"(max-width: 1024px) 100vw, 1024px\" \/><figcaption>Ayuntamiento Puebla<\/figcaption><\/figure>\n\n\n\n<p><\/p>\n\n\n\n<p class=\"has-vivid-cyan-blue-color has-text-color has-medium-font-size\">REDACCI\u00d3N<\/p>\n\n\n\n<p>El Ayuntamiento de Puebla que encabeza Eduardo Rivera P\u00e9rez, contin\u00faa trabajando para tener una ciudad m\u00e1s limpia y accesible tanto para sus habitantes como para visitantes, por ello se llev\u00f3 a cabo una jornada integral en el Bulevar Xonacatepec.<\/p>\n\n\n\n<p>La intervenci\u00f3n se efectuar\u00e1 desde el Puente de la Autopista al Soriana, en los cuales se dar\u00e1 mantenimiento a 32 mil metros cuadrados de \u00e1reas verdes; adicionalmente, se realizar\u00e1 la supervisi\u00f3n de luminarias, lavado de contenedores de basura, se despejar\u00e1 la v\u00eda p\u00fablica mediante el despapeleo de postes y retiro de pendones, entre otras acciones.<\/p>\n\n\n\n<p>Las labores por parte de esta Administraci\u00f3n son constantes, tan s\u00f3lo este a\u00f1o se han intervenido 16 grandes vialidades desde el 27 de enero, dando como resultado la limpieza y mejoramiento de la imagen urbana mediante el barrido de 155 mil metros cuadrados; por lo que Ad\u00e1n Dom\u00ednguez S\u00e1nchez, Gerente Municipal, agradeci\u00f3 a todas las dependencias, a sus trabajadoras y trabajadores por todo el empe\u00f1o durante estas faenas integrales.<\/p>\n\n\n\n<p>El Gerente Municipal tambi\u00e9n invit\u00f3 a los habitantes a ser parte del mejoramiento de la ciudad, evitando tirar la basura fuera de los contenedores para mantener las calles limpias; en caso de tener residuos de gran volumen se puede solicitar el servicio gratuito de descacharrizaci\u00f3n al 22 22 44 00 04, extensi\u00f3n 109.<\/p>\n\n\n\n<p>Por su parte, Eduardo Vergara L\u00f3pez, Director de Calles, Parques y Jardines, reiter\u00f3 que el trabajo coordinado de todas las dependencias, as\u00ed como tener un mismo objetivo ha sido clave para que el mantenimiento de las principales vialidades del municipio tenga resultados positivos en pro del bienestar de todas y todos.<\/p>\n\n\n\n<p>A esta intervenci\u00f3n n\u00famero 17 se sumaron Myriam Arabian Couttolenc, titular de Medio Ambiente; Enrique Guevara Montiel, Director de Normatividad y Regulaci\u00f3n Comercial; Manuel D\u00edaz Garc\u00eda, Director de Normatividad Ambiental de la Secretar\u00eda de Desarrollo Urbano; con el objetivo de tener una \u00abCiudad de 10\u00bb.<\/p>\n","protected":false},"excerpt":{"rendered":"<p>Por 3 d\u00edas se estar\u00e1 trabajando en mejorar la imagen urbana de esta v\u00eda de acceso al municipio. REDACCI\u00d3N El [&hellip;]<\/p>\n","protected":false},"author":1,"featured_media":28484,"comment_status":"open","ping_status":"open","sticky":false,"template":"","format":"standard","meta":{"site-sidebar-layout":"default","site-content-layout":"","ast-site-content-layout":"default","site-content-style":"default","site-sidebar-style":"default","ast-global-header-display":"","ast-banner-title-visibility":"","ast-main-header-display":"","ast-hfb-above-header-display":"","ast-hfb-below-header-display":"","ast-hfb-mobile-header-display":"","site-post-title":"","ast-breadcrumbs-content":"","ast-featured-img":"","footer-sml-layout":"","theme-transparent-header-meta":"","adv-header-id-meta":"","stick-header-meta":"","header-above-stick-meta":"","header-main-stick-meta":"","header-below-stick-meta":"","astra-migrate-meta-layouts":"default","ast-page-background-enabled":"default","ast-page-background-meta":{"desktop":{"background-color":"var(--ast-global-color-4)","background-image":"","background-repeat":"repeat","background-position":"center center","background-size":"auto","background-attachment":"scroll","background-type":"","background-media":"","overlay-type":"","overlay-color":"","overlay-opacity":"","overlay-gradient":""},"tablet":{"background-color":"","background-image":"","background-repeat":"repeat","background-position":"center center","background-size":"auto","background-attachment":"scroll","background-type":"","background-media":"","overlay-type":"","overlay-color":"","overlay-opacity":"","overlay-gradient":""},"mobile":{"background-color":"","background-image":"","background-repeat":"repeat","background-position":"center center","background-size":"auto","background-attachment":"scroll","background-type":"","background-media":"","overlay-type":"","overlay-color":"","overlay-opacity":"","overlay-gradient":""}},"ast-content-background-meta":{"desktop":{"background-color":"var(--ast-global-color-5)","background-image":"","background-repeat":"repeat","background-position":"center center","background-size":"auto","background-attachment":"scroll","background-type":"","background-media":"","overlay-type":"","overlay-color":"","overlay-opacity":"","overlay-gradient":""},"tablet":{"background-color":"var(--ast-global-color-5)","background-image":"","background-repeat":"repeat","background-position":"center center","background-size":"auto","background-attachment":"scroll","background-type":"","background-media":"","overlay-type":"","overlay-color":"","overlay-opacity":"","overlay-gradient":""},"mobile":{"background-color":"var(--ast-global-color-5)","background-image":"","background-repeat":"repeat","background-position":"center center","background-size":"auto","background-attachment":"scroll","background-type":"","background-media":"","overlay-type":"","overlay-color":"","overlay-opacity":"","overlay-gradient":""}},"footnotes":""},"categories":[8],"tags":[7279,10375,4807],"class_list":["post-28474","post","type-post","status-publish","format-standard","has-post-thumbnail","hentry","category-noticias","tag-contigoyconrumbo","tag-blvd-xonacatepec","tag-ciudad-de-10"],"_links":{"self":[{"href":"https:\/\/losperiodistas.com.mx\/portal\/wp-json\/wp\/v2\/posts\/28474","targetHints":{"allow":["GET"]}}],"collection":[{"href":"https:\/\/losperiodistas.com.mx\/portal\/wp-json\/wp\/v2\/posts"}],"about":[{"href":"https:\/\/losperiodistas.com.mx\/portal\/wp-json\/wp\/v2\/types\/post"}],"author":[{"embeddable":true,"href":"https:\/\/losperiodistas.com.mx\/portal\/wp-json\/wp\/v2\/users\/1"}],"replies":[{"embeddable":true,"href":"https:\/\/losperiodistas.com.mx\/portal\/wp-json\/wp\/v2\/comments?post=28474"}],"version-history":[{"count":1,"href":"https:\/\/losperiodistas.com.mx\/portal\/wp-json\/wp\/v2\/posts\/28474\/revisions"}],"predecessor-version":[{"id":28485,"href":"https:\/\/losperiodistas.com.mx\/portal\/wp-json\/wp\/v2\/posts\/28474\/revisions\/28485"}],"wp:featuredmedia":[{"embeddable":true,"href":"https:\/\/losperiodistas.com.mx\/portal\/wp-json\/wp\/v2\/media\/28484"}],"wp:attachment":[{"href":"https:\/\/losperiodistas.com.mx\/portal\/wp-json\/wp\/v2\/media?parent=28474"}],"wp:term":[{"taxonomy":"category","embeddable":true,"href":"https:\/\/losperiodistas.com.mx\/portal\/wp-json\/wp\/v2\/categories?post=28474"},{"taxonomy":"post_tag","embeddable":true,"href":"https:\/\/losperiodistas.com.mx\/portal\/wp-json\/wp\/v2\/tags?post=28474"}],"curies":[{"name":"wp","href":"https:\/\/api.w.org\/{rel}","templated":true}]}}