{"id":28467,"date":"2022-05-25T07:36:43","date_gmt":"2022-05-25T12:36:43","guid":{"rendered":"http:\/\/losperiodistas.com.mx\/portal\/?p=28467"},"modified":"2022-05-25T08:03:19","modified_gmt":"2022-05-25T13:03:19","slug":"tiroteo-en-texas-el-santuario-de-la-segunda-enmienda-donde-cualquiera-puede-ir-armado-el-confidencial","status":"publish","type":"post","link":"https:\/\/losperiodistas.com.mx\/portal\/tiroteo-en-texas-el-santuario-de-la-segunda-enmienda-donde-cualquiera-puede-ir-armado-el-confidencial\/","title":{"rendered":"Tiroteo en Texas, el &#8216;santuario&#8217; de la Segunda Enmienda donde cualquiera puede ir armado | El Confidencial"},"content":{"rendered":"\n<p><em>El tiroteo en una escuela de educaci\u00f3n primaria en Uvalde, Texas, poco despu\u00e9s de otro incidente en un supermercado en B\u00fafalo, reabre la controversia sobre la cultura de las armas en el pa\u00eds norteamericano<\/em><\/p>\n\n\n\n<figure class=\"wp-block-image size-large\"><img fetchpriority=\"high\" decoding=\"async\" width=\"1024\" height=\"768\" src=\"https:\/\/losperiodistas.com.mx\/portal\/wp-content\/uploads\/2022\/05\/f.elconfidencial.com_original_508_867_15b_50886715bc1bc40be39f5ac2b5aee90a-1024x768.jpg\" alt=\"\" class=\"wp-image-28468\" srcset=\"https:\/\/losperiodistas.com.mx\/portal\/wp-content\/uploads\/2022\/05\/f.elconfidencial.com_original_508_867_15b_50886715bc1bc40be39f5ac2b5aee90a-1024x768.jpg 1024w, https:\/\/losperiodistas.com.mx\/portal\/wp-content\/uploads\/2022\/05\/f.elconfidencial.com_original_508_867_15b_50886715bc1bc40be39f5ac2b5aee90a-300x225.jpg 300w, https:\/\/losperiodistas.com.mx\/portal\/wp-content\/uploads\/2022\/05\/f.elconfidencial.com_original_508_867_15b_50886715bc1bc40be39f5ac2b5aee90a-768x576.jpg 768w, https:\/\/losperiodistas.com.mx\/portal\/wp-content\/uploads\/2022\/05\/f.elconfidencial.com_original_508_867_15b_50886715bc1bc40be39f5ac2b5aee90a.jpg 1200w\" sizes=\"(max-width: 1024px) 100vw, 1024px\" \/><figcaption>Dos personas en una galer\u00eda de tiro en El Paso, Texas. (Reuters\/Julio Cesar Ch\u00e1vez)<\/figcaption><\/figure>\n\n\n\n<p class=\"has-vivid-cyan-blue-color has-text-color has-medium-font-size\">ANDREA FARN\u00d3S \/ Louisiana \/ EL CONFIDENCIAL<\/p>\n\n\n\n<p>\u201c<a href=\"https:\/\/www.elconfidencial.com\/mundo\/2022-05-25\/biden-lobby-armas-tiroteo-escuela-texas_3430519\/\" target=\"_blank\" rel=\"noreferrer noopener\">Pol\u00edticos de todos los niveles<\/a>, desde el federal hasta el local, han amenazado con quitarles las armas a los ciudadanos respetuosos de la ley.&nbsp;<strong>Pero no dejaremos que esto pase en&nbsp;<a href=\"https:\/\/www.elconfidencial.com\/mundo\/2022-05-24\/al-menos-dos-ninos-muertos-y-12-heridos-en-un-tiroteo-en-una-escuela-de-texas-eeuu_3430492\/\">Texas<\/a><\/strong>\u201d. Estas fueron las palabras del gobernador del estado de la &#8216;Amistad&#8217;, Greg Abbott, cuando hace menos de un a\u00f1o consagraba Texas como un&nbsp;<strong>\u2018santuario\u2019 de la Segunda Enmienda<\/strong>&nbsp;de la Constituci\u00f3n estadounidense. El republicano, flanqueado por varios miembros de la Asociaci\u00f3n Nacional del Rifle, firm\u00f3<strong>&nbsp;siete leyes estatales<\/strong>&nbsp;para prohibir que se aplique ninguna legislaci\u00f3n federal de control de armas en el territorio y mantener Texas como \u00abun basti\u00f3n de la libertad\u00bb donde se puede llevar una pistola sin licencia. Pocos creen que la masacre de Uvalde vaya a cambiar las cosas.<\/p>\n\n\n\n<p>Este martes, un joven de 18 a\u00f1os, identificado como&nbsp;<a href=\"https:\/\/www.elconfidencial.com\/mundo\/2022-05-25\/salvador-ramos-autor-tiroteo-escuela-texas_3430552\/\">Salvador Ramos<\/a>, abri\u00f3 fuego en una escuela primaria de esta localidad texana de 16.000 habitantes y ha causado la muerte de 21 personas \u201419 menores y dos adultos\u2014. La tragedia ha devuelto el debate sobre&nbsp;<strong>la regulaci\u00f3n de las armas a las portadas de los medios<\/strong>, un fen\u00f3meno c\u00edclico en Estados Unidos que lleva d\u00e9cadas siendo una de las grietas m\u00e1s profundas en la sociedad norteamericana. Los ac\u00e9rrimos defensores de la Segunda Enmienda de la Constituci\u00f3n mantienen su derecho a la libertad y a la autodefensa para poder llevar una&nbsp;<a href=\"https:\/\/www.elconfidencial.com\/mundo\/2018-02-15\/tiroteo-florida-muertos-columbine_1522263\/\" target=\"_blank\" rel=\"noreferrer noopener\">pistola \u2014o un subfusil\u2014 al cinto<\/a>; mientras sus cr\u00edticos exigen limitar la tenencia y porte, porque&nbsp;<strong>atenta contra el derecho a la vida<\/strong>.<\/p>\n\n\n\n<p>\u00abComo naci\u00f3n, nos tenemos que preguntar: \u00bfcu\u00e1ndo, en nombre de Dios,\u00a0<strong>vamos a ponernos firmes con el &#8216;lobby&#8217; de las armas<\/strong>?\u00bb, dijo el presidente Joe Biden en un discurso a la naci\u00f3n. \u00abCu\u00e1ntos ni\u00f1os peque\u00f1os, que han sido testigos de lo sucedido, ven a sus amigos morir como si estuvieran en un campo de batalla, por amor de Dios\u00bb, agreg\u00f3. Hasta la fecha no existe ninguna regulaci\u00f3n federal al respecto. <\/p>\n\n\n\n<figure class=\"wp-block-embed is-type-rich is-provider-twitter wp-block-embed-twitter\"><div class=\"wp-block-embed__wrapper\">\n<blockquote class=\"twitter-tweet\" data-width=\"500\" data-dnt=\"true\"><p lang=\"en\" dir=\"ltr\">Biden is threatening our 2nd Amendment rights.<br><br>He just announced a new liberal power grab to take away our guns.<br><br>We will NOT allow this in TX. <br><br>It&#39;s time to get legislation making TX a 2nd Amendment Sanctuary State passed and to my desk for signing. <a href=\"https:\/\/t.co\/d4EydwmQnf\">https:\/\/t.co\/d4EydwmQnf<\/a><\/p>&mdash; Greg Abbott (@GregAbbott_TX) <a href=\"https:\/\/twitter.com\/GregAbbott_TX\/status\/1380200140439498754?ref_src=twsrc%5Etfw\">April 8, 2021<\/a><\/blockquote><script async src=\"https:\/\/platform.twitter.com\/widgets.js\" charset=\"utf-8\"><\/script>\n<\/div><\/figure>\n\n\n\n<p>Los &#8216;santuarios&#8217; de la Segunda Enmienda o&nbsp;<strong>&#8216;santuarios de armas&#8217;<\/strong>, son los estados, condados y localidades de los Estados Unidos que han aprobado&nbsp;<strong>leyes para impedir que se apliquen medidas o restricciones federales al control de armas<\/strong>, al considerar que dichas medidas violar\u00edan el derecho a poseer y portar armas consagrado en la Constituci\u00f3n. Algunas de las medidas consideradas contrarias a la Enmienda ser\u00edan las verificaciones de antecedentes de armas, la prohibici\u00f3n de cargadores de alta capacidad o la prohibici\u00f3n de armas de asalto, entre otras. Las leyes de Texas permiten portar pistolas sin licencia, llevar armas a los hoteles y permiten a los ciudadanos a llevar sus armas en la funda de su preferencia.<\/p>\n\n\n\n<p>Las autoridades locales informaron que el sospechoso Salvador Ramos, de 18 a\u00f1os, lleg\u00f3 en su coche, que estrell\u00f3 fuera de la escuela, y abri\u00f3 fuego en torno a las 11:30 hora local en la Escuela Primaria Robb dos d\u00edas antes de las vacaciones de verano. Actu\u00f3 solo y fue abatido, confirm\u00f3 Pete Arredondo, el jefe de polic\u00eda del distrito escolar de Uvalde. El tirador ten\u00eda al menos una pistola y un rifle, aunque todav\u00eda no se sabe c\u00f3mo obtuvo las armas.<\/p>\n\n\n\n<figure class=\"wp-block-image\"><img decoding=\"async\" src=\"https:\/\/images.ecestaticos.com\/jGLhhPPsdsJp84NdtJy3NM5qcf4=\/0x0:2272x1515\/1200x900\/filters:fill(white):format(jpg)\/f.elconfidencial.com%2Foriginal%2Fe24%2Fc5c%2Ff85%2Fe24c5cf8534ed96b3a4596f92c68c26f.jpg\" alt=\"Foto: Polic\u00edas acordonando la zona tras el tiroteo. (Reuters)\"\/><\/figure>\n\n\n\n<p><a href=\"https:\/\/www.elconfidencial.com\/mundo\/2022-05-14\/tiroteo-eeuu_3425072\/\">Al menos 10 muertos en un tiroteo en un supermercado del estado de Nueva York<\/a>EFE<\/p>\n\n\n\n<p>Medios locales dijeron, citando al Departamento de Seguridad P\u00fablica de Texas, que el sospechoso llevaba&nbsp;<strong>un chaleco antibalas durante el incidente&nbsp;<\/strong>y que los primeros agentes sobre el terreno no pudieron neutralizarlos, por lo que tuvieron que esperar a los equipos t\u00e1cticos.<\/p>\n\n\n\n<h2 class=\"wp-block-heading\">Una tragedia c\u00edclica<\/h2>\n\n\n\n<p>\u00ab<strong>No se pueden detener las balas con &#8216;pensamientos y oraciones<\/strong>\u00ab, dijo el grupo Marcha por nuestras vidas, formado por supervivientes del tiroteo masivo de la escuela de Parkland, Florida, de 2018. \u00abEl asesinato masivo de ni\u00f1os como este es solo &#8216;normal&#8217; en Am\u00e9rica. Para honrar a aquellos que perdimos y salvar innumerables vidas, necesitamos acci\u00f3n. Estamos muriendo mientras esperamos\u00bb, agregaron.<\/p>\n\n\n\n<p>Esta \u00faltima tragedia llega menos de dos semanas despu\u00e9s del atentado racista en un supermercado de B\u00fafalo, en el estado de Nueva York, en el que murieron 10 personas, y&nbsp;<strong>coincide con el d\u00e9cimo aniversario de los asesinatos de Sandy Hook<\/strong>&nbsp;\u2014donde 20 menores de entre seis y siete a\u00f1os fueron asesinados en el estado de Connecticut\u2014. Adem\u00e1s, falta apenas una semana para la celebraci\u00f3n anual de la&nbsp;<a href=\"https:\/\/www.elconfidencial.com\/mundo\/2020-08-06\/la-fiscalia-de-nueva-york-pide-la-disolucion-de-la-poderosa-asociacion-del-rifle-de-eeuu_2707420\/\" target=\"_blank\" rel=\"noreferrer noopener\">Asociaci\u00f3n Nacional del Rifle<\/a>&nbsp;\u2014defensores incondicionales de las armas\u2014 en Houston. Seg\u00fan datos de la organizaci\u00f3n suiza Small Arms Survey, existen&nbsp;<strong>120 armas de fuego por cada 100 ciudadanos<\/strong>&nbsp;estadounidenses.<\/p>\n\n\n\n<figure class=\"wp-block-image\"><img decoding=\"async\" src=\"https:\/\/images.ecestaticos.com\/fXVR8zIQpe-uoOMGIXWJPd26QHU=\/0x119:2271x1394\/1600x900\/filters:fill(white):format(jpg)\/f.elconfidencial.com%2Foriginal%2Ff32%2Fe31%2F717%2Ff32e31717f82a00169270783f128f613.jpg\" alt=\"Foto: Recinto del concierto donde se produjo el tiroteo de Las Vegas. Al fondo, el hotel Mandalay Bay desde el que se hicieron los disparos. (Reuters)\"\/><\/figure>\n\n\n\n<p><a href=\"https:\/\/www.elconfidencial.com\/mundo\/2017-10-03\/tiroteos-masivos-eeuu-claves-fenomeno_1454116\/\">Tiroteos masivos en EEUU: claves de un fen\u00f3meno que se repite una y otra vez<\/a>Argemino Barro. Nueva York<\/p>\n\n\n\n<p>\u00abLos legisladores como Abbott y otros que tratan de construir una marca pol\u00edtica agitando a los votantes de la ANR (Asociaci\u00f3n Nacional del Rifle),&nbsp;<strong>tienen mucha sangre en sus manos<\/strong>\u00ab, opin\u00f3&nbsp;<strong>Igor Volsky<\/strong>, director ejecutivo de Guns Down America, a grupo de prevenci\u00f3n de violencia, a medios locales. \u00abSus ambiciones pol\u00edticas y su deseo de poder son simplemente m\u00e1s importantes que la vida de sus ciudadanos\u00bb, agreg\u00f3 el activista.<\/p>\n\n\n\n<p>Y, aunque el propio gobernador del estado ha lamentado lo ocurrido, la realidad es que actualmente\u00a0<strong>los texanos pueden portar armas\u00a0<a href=\"https:\/\/www.elconfidencial.com\/mundo\/2021-06-17\/texas-eeuu-llevar-pistola-sin-licencia-ni-formacion_3136664\/\" target=\"_blank\" rel=\"noreferrer noopener\">sin ning\u00fan tipo de licencia<\/a><\/strong>\u00a0o acreditaci\u00f3n. No es la primera vez que Texas es el foco de estos tiroteos. En 2019 se produjo la masacre de\u00a0<a href=\"https:\/\/www.elconfidencial.com\/mundo\/2019-08-09\/autor-tiroteo-el-paso-objetivo-matar-mexicanos_2172203\/\" target=\"_blank\" rel=\"noreferrer noopener\">Walmart de El Paso<\/a>, donde murieron 22 personas; y en 2017, 25 personas perdieron la vida a manos de un tirador en una iglesia de Sutherland Springs.<\/p>\n\n\n\n<p>Fuente: https:\/\/www.elconfidencial.com\/mundo\/2022-05-25\/texas-segunda-enmienda-portar-armas-tiroteo_3430529\/<\/p>\n","protected":false},"excerpt":{"rendered":"<p>El tiroteo en una escuela de educaci\u00f3n primaria en Uvalde, Texas, poco despu\u00e9s de otro incidente en un supermercado en [&hellip;]<\/p>\n","protected":false},"author":1,"featured_media":28468,"comment_status":"open","ping_status":"open","sticky":false,"template":"","format":"standard","meta":{"site-sidebar-layout":"default","site-content-layout":"","ast-site-content-layout":"default","site-content-style":"default","site-sidebar-style":"default","ast-global-header-display":"","ast-banner-title-visibility":"","ast-main-header-display":"","ast-hfb-above-header-display":"","ast-hfb-below-header-display":"","ast-hfb-mobile-header-display":"","site-post-title":"","ast-breadcrumbs-content":"","ast-featured-img":"","footer-sml-layout":"","theme-transparent-header-meta":"","adv-header-id-meta":"","stick-header-meta":"","header-above-stick-meta":"","header-main-stick-meta":"","header-below-stick-meta":"","astra-migrate-meta-layouts":"default","ast-page-background-enabled":"default","ast-page-background-meta":{"desktop":{"background-color":"var(--ast-global-color-4)","background-image":"","background-repeat":"repeat","background-position":"center center","background-size":"auto","background-attachment":"scroll","background-type":"","background-media":"","overlay-type":"","overlay-color":"","overlay-opacity":"","overlay-gradient":""},"tablet":{"background-color":"","background-image":"","background-repeat":"repeat","background-position":"center center","background-size":"auto","background-attachment":"scroll","background-type":"","background-media":"","overlay-type":"","overlay-color":"","overlay-opacity":"","overlay-gradient":""},"mobile":{"background-color":"","background-image":"","background-repeat":"repeat","background-position":"center center","background-size":"auto","background-attachment":"scroll","background-type":"","background-media":"","overlay-type":"","overlay-color":"","overlay-opacity":"","overlay-gradient":""}},"ast-content-background-meta":{"desktop":{"background-color":"var(--ast-global-color-5)","background-image":"","background-repeat":"repeat","background-position":"center center","background-size":"auto","background-attachment":"scroll","background-type":"","background-media":"","overlay-type":"","overlay-color":"","overlay-opacity":"","overlay-gradient":""},"tablet":{"background-color":"var(--ast-global-color-5)","background-image":"","background-repeat":"repeat","background-position":"center center","background-size":"auto","background-attachment":"scroll","background-type":"","background-media":"","overlay-type":"","overlay-color":"","overlay-opacity":"","overlay-gradient":""},"mobile":{"background-color":"var(--ast-global-color-5)","background-image":"","background-repeat":"repeat","background-position":"center center","background-size":"auto","background-attachment":"scroll","background-type":"","background-media":"","overlay-type":"","overlay-color":"","overlay-opacity":"","overlay-gradient":""}},"footnotes":""},"categories":[8],"tags":[10371,10373,10372,10374,10357],"class_list":["post-28467","post","type-post","status-publish","format-standard","has-post-thumbnail","hentry","category-noticias","tag-asociacion-nacional-del-rifle","tag-santuarios-de-armas","tag-segunda-enmienda","tag-texas-matabza","tag-uvalde"],"_links":{"self":[{"href":"https:\/\/losperiodistas.com.mx\/portal\/wp-json\/wp\/v2\/posts\/28467","targetHints":{"allow":["GET"]}}],"collection":[{"href":"https:\/\/losperiodistas.com.mx\/portal\/wp-json\/wp\/v2\/posts"}],"about":[{"href":"https:\/\/losperiodistas.com.mx\/portal\/wp-json\/wp\/v2\/types\/post"}],"author":[{"embeddable":true,"href":"https:\/\/losperiodistas.com.mx\/portal\/wp-json\/wp\/v2\/users\/1"}],"replies":[{"embeddable":true,"href":"https:\/\/losperiodistas.com.mx\/portal\/wp-json\/wp\/v2\/comments?post=28467"}],"version-history":[{"count":2,"href":"https:\/\/losperiodistas.com.mx\/portal\/wp-json\/wp\/v2\/posts\/28467\/revisions"}],"predecessor-version":[{"id":28470,"href":"https:\/\/losperiodistas.com.mx\/portal\/wp-json\/wp\/v2\/posts\/28467\/revisions\/28470"}],"wp:featuredmedia":[{"embeddable":true,"href":"https:\/\/losperiodistas.com.mx\/portal\/wp-json\/wp\/v2\/media\/28468"}],"wp:attachment":[{"href":"https:\/\/losperiodistas.com.mx\/portal\/wp-json\/wp\/v2\/media?parent=28467"}],"wp:term":[{"taxonomy":"category","embeddable":true,"href":"https:\/\/losperiodistas.com.mx\/portal\/wp-json\/wp\/v2\/categories?post=28467"},{"taxonomy":"post_tag","embeddable":true,"href":"https:\/\/losperiodistas.com.mx\/portal\/wp-json\/wp\/v2\/tags?post=28467"}],"curies":[{"name":"wp","href":"https:\/\/api.w.org\/{rel}","templated":true}]}}