{"id":28464,"date":"2022-05-25T07:17:04","date_gmt":"2022-05-25T12:17:04","guid":{"rendered":"http:\/\/losperiodistas.com.mx\/portal\/?p=28464"},"modified":"2022-05-25T07:17:08","modified_gmt":"2022-05-25T12:17:08","slug":"efemerides-25-de-mayo-que-paso-en-mexico-y-el-mundo-adn-40","status":"publish","type":"post","link":"https:\/\/losperiodistas.com.mx\/portal\/efemerides-25-de-mayo-que-paso-en-mexico-y-el-mundo-adn-40\/","title":{"rendered":"Efem\u00e9rides 25 de mayo: Qu\u00e9 pas\u00f3 en M\u00e9xico y el mundo | ADN 40"},"content":{"rendered":"\n<p><em>Sab\u00edas que una de las efem\u00e9rides que se celebra el 25 de mayo es el D\u00eda del Orgullo Geek, la iniciativa comenz\u00f3 en Espa\u00f1a, pero ahora se festeja en todo el mudo<\/em><\/p>\n\n\n\n<figure class=\"wp-block-image size-large\"><img fetchpriority=\"high\" decoding=\"async\" width=\"1024\" height=\"682\" src=\"https:\/\/losperiodistas.com.mx\/portal\/wp-content\/uploads\/2022\/05\/Captura-de-Pantalla-2022-05-25-a-las-7.09.44-1024x682.jpg\" alt=\"\" class=\"wp-image-28465\" srcset=\"https:\/\/losperiodistas.com.mx\/portal\/wp-content\/uploads\/2022\/05\/Captura-de-Pantalla-2022-05-25-a-las-7.09.44-1024x682.jpg 1024w, https:\/\/losperiodistas.com.mx\/portal\/wp-content\/uploads\/2022\/05\/Captura-de-Pantalla-2022-05-25-a-las-7.09.44-300x200.jpg 300w, https:\/\/losperiodistas.com.mx\/portal\/wp-content\/uploads\/2022\/05\/Captura-de-Pantalla-2022-05-25-a-las-7.09.44-768x511.jpg 768w, https:\/\/losperiodistas.com.mx\/portal\/wp-content\/uploads\/2022\/05\/Captura-de-Pantalla-2022-05-25-a-las-7.09.44-1536x1022.jpg 1536w, https:\/\/losperiodistas.com.mx\/portal\/wp-content\/uploads\/2022\/05\/Captura-de-Pantalla-2022-05-25-a-las-7.09.44.jpg 1902w\" sizes=\"(max-width: 1024px) 100vw, 1024px\" \/><\/figure>\n\n\n\n<p><\/p>\n\n\n\n<p class=\"has-vivid-cyan-blue-color has-text-color has-medium-font-size\">ADN 40<\/p>\n\n\n\n<p>El 25 de mayo esta marcado por las efem\u00e9rides de M\u00e9xico y el mundo por los diversos eventos que se conmemoran los cuales van desde el D\u00eda Mundial de la Tiroides y el D\u00eda del Orgullo Friki.<\/p>\n\n\n\n<h2 class=\"wp-block-heading\">Qu\u00e9 se celebra el 25 de mayo<\/h2>\n\n\n\n<p>&#8211; D\u00eda Mundial de la Tiroides; a trav\u00e9s de esta efem\u00e9ride se pretende concientizar a las personas acerca del funcionamiento de esta gl\u00e1ndula en el organismo y su impacto sobre la salud.<\/p>\n\n\n\n<p>&#8211; D\u00eda de la Toalla<\/p>\n\n\n\n<p>&#8211; D\u00eda del orgullo Geek, en homenaje al lanzamiento de Star Wars en 1977<\/p>\n\n\n\n<figure class=\"wp-block-image\"><img decoding=\"async\" src=\"https:\/\/tvazteca.brightspotcdn.com\/dims4\/default\/9926ce0\/2147483647\/strip\/true\/crop\/800x1000+0+0\/resize\/968x1210!\/format\/jpg\/quality\/80\/?url=https%3A%2F%2Ftvazteca.brightspotcdn.com%2F97%2F67%2Fe5235fd24cd79b7b201819e17860%2Finfografia-orgullo-friki.jpg\" alt=\"d\u00eda del orgullo friki 25 de mayo\"\/><figcaption>El 25 de mayo se celebra el D\u00eda del Orgullo Friki<\/figcaption><\/figure>\n\n\n\n<p>&#8211; D\u00eda del Contador P\u00fablico<\/p>\n\n\n\n<h2 class=\"wp-block-heading\">Efem\u00e9rides del 25 de mayo<\/h2>\n\n\n\n<p>1895.- En Londres, Reino Unido, la polic\u00eda arresta al escritor irland\u00e9s Oscar Wilde por ser homosexual, m\u00e1s exactamente, por \u201ccometer actos de grosera indecencia con otros varones\u201d; fue sentenciado a dos a\u00f1os de c\u00e1rcel.<\/p>\n\n\n\n<p>1911.- Luego de casi 30 a\u00f1os en el poder, Porfirio D\u00edaz renuncia a la Presidencia de M\u00e9xico una vez que las fuerzas revolucionarias derrotan a los soldados de su gobierno.<\/p>\n\n\n\n<p>1927.- En Estados Unidos, el Boeing B40 hace sus primeros vuelos.<\/p>\n\n\n\n<p><br>1940.- En Buenos Aires se inaugura el estadio de La Bombonera del club Boca Juniors.<\/p>\n\n\n\n<figure class=\"wp-block-embed is-type-rich is-provider-twitter wp-block-embed-twitter\"><div class=\"wp-block-embed__wrapper\">\n<blockquote class=\"twitter-tweet\" data-width=\"500\" data-dnt=\"true\"><p lang=\"es\" dir=\"ltr\">25 de mayo: <a href=\"https:\/\/twitter.com\/hashtag\/Argentina?src=hash&amp;ref_src=twsrc%5Etfw\">#Argentina<\/a> Se inauguran el Estadio Monumental de River Plate (1938) y el estadio de La Bombonera del club Boca Juniors (1940).<\/p>&mdash; Javier Dom\u00ednguez (@cursosjavier) <a href=\"https:\/\/twitter.com\/cursosjavier\/status\/73453344982704128?ref_src=twsrc%5Etfw\">May 25, 2011<\/a><\/blockquote><script async src=\"https:\/\/platform.twitter.com\/widgets.js\" charset=\"utf-8\"><\/script>\n<\/div><\/figure>\n\n\n\n<p>1957.- En Roma, Italia, se crea el Parlamento Europeo.<\/p>\n\n\n\n<p>1961.- En Estados Unidos, el presidente John F. Kennedy anuncia que su gobierno est\u00e1 preparado para comenzar el proyecto que llevar\u00e1 al ser humano a la Luna antes del final de la d\u00e9cada: Programa Apolo.<\/p>\n\n\n\n<p>1977.- Se estrena la pel\u00edcula Star Wars y seis a\u00f1os despu\u00e9s, el 23 de mayo de 1983, se estrena la pel\u00edcula\u00a0<em>Star Wars Episode VI: Return of the Jedi<\/em>.<\/p>\n\n\n\n<figure class=\"wp-block-embed is-type-rich is-provider-twitter wp-block-embed-twitter\"><div class=\"wp-block-embed__wrapper\">\n<blockquote class=\"twitter-tweet\" data-width=\"500\" data-dnt=\"true\"><p lang=\"es\" dir=\"ltr\">Un 25 de mayo de  1977, se estrena la primera pel\u00edcula de <a href=\"https:\/\/twitter.com\/hashtag\/StarWars?src=hash&amp;ref_src=twsrc%5Etfw\">#StarWars<\/a> en EE. UU. Escrita y dirigida por <a href=\"https:\/\/twitter.com\/hashtag\/GeorgeLucas?src=hash&amp;ref_src=twsrc%5Etfw\">#GeorgeLucas<\/a> y lanzada por 20th Century Fox la primera entrega de la famosa saga Star Wars recaud\u00f3 casi 800 millones en todo el mundo generando un seguimiento de culto . <a href=\"https:\/\/t.co\/sAxiqMd8Yw\">pic.twitter.com\/sAxiqMd8Yw<\/a><\/p>&mdash; Biblioteca UTFSM JMC (@BiblioUsmJmc) <a href=\"https:\/\/twitter.com\/BiblioUsmJmc\/status\/1397253281852936192?ref_src=twsrc%5Etfw\">May 25, 2021<\/a><\/blockquote><script async src=\"https:\/\/platform.twitter.com\/widgets.js\" charset=\"utf-8\"><\/script>\n<\/div><\/figure>\n\n\n\n<p>2001.- Los estadounidenses Erik Weihenmayer (de 32 a\u00f1os) y Sherman Bull (de 64 a\u00f1os) se convierten, respectivamente, en la primera persona ciega y en la persona de mayor edad que han escalado el pico m\u00e1s alto del mundo: El Everest.<\/p>\n\n\n\n<p>2004.- En Estados Unidos salen a la venta las nuevas versiones de Los Sims: Los Sims m\u00e1s vivos que nunca, Los Sims House Party y Los Sims de vacaciones.<\/p>\n\n\n\n<p>2005.- Liverpool FC gana la Copa de Europa de F\u00fatbol por quinta vez.<\/p>\n\n\n\n<p>2006.- Luego de realizar un exhaustivo estudio en \u00c1frica, un grupo internacional de cient\u00edficos confirma que el virus del Sida inicialmente fue transmitido por chimpanc\u00e9s salvajes al hombre.<\/p>\n\n\n\n<h2 class=\"wp-block-heading\">Qui\u00e9n naci\u00f3 el 25 de mayo<\/h2>\n\n\n\n<p>1925.-Nace la escritora mexicana Rosario Castellanos, ganadora de varios premios literarios y quien ocupa diversos cargos p\u00fablicos y diplom\u00e1ticos.<\/p>\n\n\n\n<figure class=\"wp-block-embed is-type-rich is-provider-twitter wp-block-embed-twitter\"><div class=\"wp-block-embed__wrapper\">\n<blockquote class=\"twitter-tweet\" data-width=\"500\" data-dnt=\"true\"><p lang=\"es\" dir=\"ltr\">Rosario Castellanos<br>Nace 25 de Mayo de 1925 <br>En Comit\u00e1n Chiapas<br>Muere el 7 de Agosto de 1974 <br>En Tel Aviv Israel <br>Poeta, promotora cultural, Novelista y diplom\u00e1tica<br>Llevo a M\u00e9xico en su coraz\u00f3n y en su poes\u00eda <a href=\"https:\/\/t.co\/mvmZSfqtPR\">pic.twitter.com\/mvmZSfqtPR<\/a><\/p>&mdash; De la Vega (@LuceroVianey9) <a href=\"https:\/\/twitter.com\/LuceroVianey9\/status\/1434863392867692545?ref_src=twsrc%5Etfw\">September 6, 2021<\/a><\/blockquote><script async src=\"https:\/\/platform.twitter.com\/widgets.js\" charset=\"utf-8\"><\/script>\n<\/div><\/figure>\n\n\n\n<h2 class=\"wp-block-heading\">Qui\u00e9n muri\u00f3 el 25 de mayo<\/h2>\n\n\n\n<p>1954.- Robert Capa, fot\u00f3grafo de guerra que cubri\u00f3 la Guerra Civil Espa\u00f1ola y la Segunda Guerra Mundial.<\/p>\n\n\n\n<p>2001.- Alberto D\u00edaz Guti\u00e9rrez, \u201cKorda\u201d, fot\u00f3grafo cubano, autor de la famosa imagen de Ernesto \u201cChe\u201d Guevara que ha sido reproducida millones de veces.<\/p>\n\n\n\n<figure class=\"wp-block-embed is-type-rich is-provider-twitter wp-block-embed-twitter\"><div class=\"wp-block-embed__wrapper\">\nhttps:\/\/twitter.com\/CubaCoopera1\/status\/1529032356879028224?ref_src=twsrc%5Etfw%7Ctwcamp%5Etweetembed%7Ctwterm%5E1529032356879028224%7Ctwgr%5E%7Ctwcon%5Es1_c10&#038;ref_url=https%3A%2F%2Fwww.adn40.mx%2Fmexico%2Fefemerides-25-de-mayo-2022-mexico-mundo-lmo\n<\/div><\/figure>\n\n\n\n<p>2010.- Gabriel Vargas, caricaturista mexicano que retrat\u00f3 a la sociedad mexicana a trav\u00e9s de su m\u00e1s famosa historieta, La familia Burr\u00f3n.<\/p>\n\n\n\n<p>2011.- Leonora Carrington, artista pl\u00e1stica mexicana, de origen brit\u00e1nico, a quien se le considera una de las pintoras del surrealismo m\u00e1s destacadas; en 2005 obtiene el Premio Nacional de Bellas Artes.<\/p>\n\n\n\n<figure class=\"wp-block-embed is-type-rich is-provider-twitter wp-block-embed-twitter\"><div class=\"wp-block-embed__wrapper\">\nhttps:\/\/twitter.com\/NathanFrancis__\/status\/1529237169126137857?ref_src=twsrc%5Etfw%7Ctwcamp%5Etweetembed%7Ctwterm%5E1529237169126137857%7Ctwgr%5E%7Ctwcon%5Es1_c10&#038;ref_url=https%3A%2F%2Fwww.adn40.mx%2Fmexico%2Fefemerides-25-de-mayo-2022-mexico-mundo-lmo\n<\/div><\/figure>\n\n\n\n<p>2015.- Jorge Mass\u00edas, compositor y cantante mexicano, autor de canciones populares como \u201cNube viajera\u201d y \u201cCon la misma piedra\u201d.<\/p>\n\n\n\n<p>Fuente: https:\/\/www.adn40.mx\/mexico\/efemerides-25-de-mayo-2022-mexico-mundo-lmo<\/p>\n","protected":false},"excerpt":{"rendered":"<p>Sab\u00edas que una de las efem\u00e9rides que se celebra el 25 de mayo es el D\u00eda del Orgullo Geek, la [&hellip;]<\/p>\n","protected":false},"author":1,"featured_media":28465,"comment_status":"open","ping_status":"open","sticky":false,"template":"","format":"standard","meta":{"site-sidebar-layout":"default","site-content-layout":"","ast-site-content-layout":"default","site-content-style":"default","site-sidebar-style":"default","ast-global-header-display":"","ast-banner-title-visibility":"","ast-main-header-display":"","ast-hfb-above-header-display":"","ast-hfb-below-header-display":"","ast-hfb-mobile-header-display":"","site-post-title":"","ast-breadcrumbs-content":"","ast-featured-img":"","footer-sml-layout":"","theme-transparent-header-meta":"","adv-header-id-meta":"","stick-header-meta":"","header-above-stick-meta":"","header-main-stick-meta":"","header-below-stick-meta":"","astra-migrate-meta-layouts":"default","ast-page-background-enabled":"default","ast-page-background-meta":{"desktop":{"background-color":"var(--ast-global-color-4)","background-image":"","background-repeat":"repeat","background-position":"center center","background-size":"auto","background-attachment":"scroll","background-type":"","background-media":"","overlay-type":"","overlay-color":"","overlay-opacity":"","overlay-gradient":""},"tablet":{"background-color":"","background-image":"","background-repeat":"repeat","background-position":"center center","background-size":"auto","background-attachment":"scroll","background-type":"","background-media":"","overlay-type":"","overlay-color":"","overlay-opacity":"","overlay-gradient":""},"mobile":{"background-color":"","background-image":"","background-repeat":"repeat","background-position":"center center","background-size":"auto","background-attachment":"scroll","background-type":"","background-media":"","overlay-type":"","overlay-color":"","overlay-opacity":"","overlay-gradient":""}},"ast-content-background-meta":{"desktop":{"background-color":"var(--ast-global-color-5)","background-image":"","background-repeat":"repeat","background-position":"center center","background-size":"auto","background-attachment":"scroll","background-type":"","background-media":"","overlay-type":"","overlay-color":"","overlay-opacity":"","overlay-gradient":""},"tablet":{"background-color":"var(--ast-global-color-5)","background-image":"","background-repeat":"repeat","background-position":"center center","background-size":"auto","background-attachment":"scroll","background-type":"","background-media":"","overlay-type":"","overlay-color":"","overlay-opacity":"","overlay-gradient":""},"mobile":{"background-color":"var(--ast-global-color-5)","background-image":"","background-repeat":"repeat","background-position":"center center","background-size":"auto","background-attachment":"scroll","background-type":"","background-media":"","overlay-type":"","overlay-color":"","overlay-opacity":"","overlay-gradient":""}},"footnotes":""},"categories":[8],"tags":[10370,10367,10366,10365,10369,10368],"class_list":["post-28464","post","type-post","status-publish","format-standard","has-post-thumbnail","hentry","category-noticias","tag-dia-mundial-tiroides","tag-familia-burron","tag-gabriel-vargas","tag-leonora-carrington","tag-orgullo-friki","tag-orgullo-geek"],"_links":{"self":[{"href":"https:\/\/losperiodistas.com.mx\/portal\/wp-json\/wp\/v2\/posts\/28464","targetHints":{"allow":["GET"]}}],"collection":[{"href":"https:\/\/losperiodistas.com.mx\/portal\/wp-json\/wp\/v2\/posts"}],"about":[{"href":"https:\/\/losperiodistas.com.mx\/portal\/wp-json\/wp\/v2\/types\/post"}],"author":[{"embeddable":true,"href":"https:\/\/losperiodistas.com.mx\/portal\/wp-json\/wp\/v2\/users\/1"}],"replies":[{"embeddable":true,"href":"https:\/\/losperiodistas.com.mx\/portal\/wp-json\/wp\/v2\/comments?post=28464"}],"version-history":[{"count":1,"href":"https:\/\/losperiodistas.com.mx\/portal\/wp-json\/wp\/v2\/posts\/28464\/revisions"}],"predecessor-version":[{"id":28466,"href":"https:\/\/losperiodistas.com.mx\/portal\/wp-json\/wp\/v2\/posts\/28464\/revisions\/28466"}],"wp:featuredmedia":[{"embeddable":true,"href":"https:\/\/losperiodistas.com.mx\/portal\/wp-json\/wp\/v2\/media\/28465"}],"wp:attachment":[{"href":"https:\/\/losperiodistas.com.mx\/portal\/wp-json\/wp\/v2\/media?parent=28464"}],"wp:term":[{"taxonomy":"category","embeddable":true,"href":"https:\/\/losperiodistas.com.mx\/portal\/wp-json\/wp\/v2\/categories?post=28464"},{"taxonomy":"post_tag","embeddable":true,"href":"https:\/\/losperiodistas.com.mx\/portal\/wp-json\/wp\/v2\/tags?post=28464"}],"curies":[{"name":"wp","href":"https:\/\/api.w.org\/{rel}","templated":true}]}}