{"id":28458,"date":"2022-05-25T06:52:11","date_gmt":"2022-05-25T11:52:11","guid":{"rendered":"http:\/\/losperiodistas.com.mx\/portal\/?p=28458"},"modified":"2022-05-25T06:52:13","modified_gmt":"2022-05-25T11:52:13","slug":"moises-naim-en-la-decada-pasada-se-cargaron-la-democracia-y-no-nos-dimos-cuenta-el-pais","status":"publish","type":"post","link":"https:\/\/losperiodistas.com.mx\/portal\/moises-naim-en-la-decada-pasada-se-cargaron-la-democracia-y-no-nos-dimos-cuenta-el-pais\/","title":{"rendered":"Mois\u00e9s Na\u00edm: \u201cEn la d\u00e9cada pasada se cargaron la democracia y no nos dimos cuenta\u201d | El Pa\u00eds"},"content":{"rendered":"\n<p>E<em>l pensador venezolano sostiene que las autocracias se han impuesto en el mundo y han vencido en muchos pa\u00edses a base de una combinaci\u00f3n perversa de lo que denomina las tres \u2018p\u2019: populismo, polarizaci\u00f3n y posverdad<\/em><\/p>\n\n\n\n<figure class=\"wp-block-image size-large\"><img fetchpriority=\"high\" decoding=\"async\" width=\"1024\" height=\"651\" src=\"https:\/\/losperiodistas.com.mx\/portal\/wp-content\/uploads\/2022\/05\/FDFPX4J6C5BKFOLFP6QNOH5S7Q-1024x651.jpeg\" alt=\"\" class=\"wp-image-28459\" srcset=\"https:\/\/losperiodistas.com.mx\/portal\/wp-content\/uploads\/2022\/05\/FDFPX4J6C5BKFOLFP6QNOH5S7Q-1024x651.jpeg 1024w, https:\/\/losperiodistas.com.mx\/portal\/wp-content\/uploads\/2022\/05\/FDFPX4J6C5BKFOLFP6QNOH5S7Q-300x191.jpeg 300w, https:\/\/losperiodistas.com.mx\/portal\/wp-content\/uploads\/2022\/05\/FDFPX4J6C5BKFOLFP6QNOH5S7Q-768x489.jpeg 768w, https:\/\/losperiodistas.com.mx\/portal\/wp-content\/uploads\/2022\/05\/FDFPX4J6C5BKFOLFP6QNOH5S7Q-1536x977.jpeg 1536w, https:\/\/losperiodistas.com.mx\/portal\/wp-content\/uploads\/2022\/05\/FDFPX4J6C5BKFOLFP6QNOH5S7Q.jpeg 1960w\" sizes=\"(max-width: 1024px) 100vw, 1024px\" \/><figcaption>Mois\u00e9s Na\u00edm, el pasado abril en la Fundaci\u00f3n Rafael del Pino de Madrid. SAMUEL S\u00c1NCHEZ<\/figcaption><\/figure>\n\n\n\n<p class=\"has-vivid-cyan-blue-color has-text-color has-medium-font-size\">JES\u00daS RUIZ MANTILLA \/ EL PA\u00cdS<\/p>\n\n\n\n<p><a href=\"https:\/\/www.moisesnaim.com\/\" target=\"_blank\" rel=\"noreferrer noopener\">Mois\u00e9s Na\u00edm<\/a>&nbsp;conoce el poder. Y por eso nos advierte de sus degeneraciones. As\u00ed lo ha hecho en sus dos \u00faltimos libros:&nbsp;<em>El fin del poder<\/em>&nbsp;y&nbsp;<em>La revancha de los poderosos<\/em>&nbsp;(<a href=\"https:\/\/www.penguinlibros.com\/es\/11355-debate\" target=\"_blank\" rel=\"noreferrer noopener\">Debate<\/a>) o en novelas como&nbsp;<em>Dos esp\u00edas en Caracas<\/em>. Lo ha tenido en sus manos como antiguo ministro de Fomento en Venezuela con Carlos Andr\u00e9s P\u00e9rez y hoy lo estudia, observa y analiza desde un organismo como el&nbsp;<a href=\"https:\/\/carnegieendowment.org\/\" target=\"_blank\" rel=\"noreferrer noopener\">Carnegie Endowment for Peace,&nbsp;<\/a>con sede en Washington, donde vive este venezolano de 69 a\u00f1os, o en su programa de televisi\u00f3n&nbsp;<em>Efecto Na\u00edm<\/em>&nbsp;y sus columnas en EL PA\u00cdS. No deja de alarmarse por el secuestro que sufre la democracia a nivel mundial, sobre todo a manos de estados mafiosos disfrazados de lo que no son.M\u00c1S INFORMACI\u00d3N<a href=\"https:\/\/elpais.com\/opinion\/2021-10-10\/bye-bye-democracia.html#?rel=mas_sumario\">&#8216;\u00bf\u2018Bye, bye\u2019, democracia?&#8217;, p\u00f2r Mois\u00e9s Na\u00edm<\/a><\/p>\n\n\n\n<p><strong>Pregunta<\/strong>. Trump y todos estos: los del Brexit con Boris Johnson, a la cabeza, los Bolsonaro, Orban, Salvini, Le Pen, Maduro y los de Vox, \u00bfson todos empleados de Putin?<\/p>\n\n\n\n<p><strong>Respuesta<\/strong>. Incluyendo los oligarcas, que tambi\u00e9n trabajan para \u00e9l&#8230; Pues s\u00ed, son algunos de los que en la d\u00e9cada pasada se cargaron la democracia y no nos dimos cuenta.<\/p>\n\n\n\n<p><strong>P.<\/strong>&nbsp;En el libro hay un cap\u00edtulo que se titula&nbsp;<a href=\"https:\/\/elpais.com\/internacional\/2012\/05\/05\/actualidad\/1336245036_975620.html\" target=\"_blank\" rel=\"noreferrer noopener\"><em>Estados mafiosos<\/em><\/a>. \u00bfAcabaremos as\u00ed?<\/p>\n\n\n\n<p><strong>R<\/strong>. Es una mutaci\u00f3n perversa y peligros\u00edsima de la corrupci\u00f3n. De esta pasamos a la cleptocracia y de ah\u00ed a una tercera variante, la que Putin encarna: el estado criminalizado. Esto implica que los delincuentes no est\u00e1n fuera del gobierno tratando de influir en \u00e9l, sino que el criminal es el propio gobierno.<\/p>\n\n\n\n<p><strong>P.<\/strong>&nbsp;Def\u00edname las tres \u2018p\u2019 que son la clave de nuestra desdicha: posverdad, polarizaci\u00f3n y populismo\u2026<\/p>\n\n\n\n<p><strong>R<\/strong>. Las tres han existido siempre, lo que sucede es que ahora han sido potenciadas por una situaci\u00f3n de cambio tecnol\u00f3gico, social y transformaciones econ\u00f3micas y geopol\u00edticas.<\/p>\n\n\n\n<p><strong>P.&nbsp;<\/strong>\u00bfEn qu\u00e9 sentidos?<\/p>\n\n\n\n<p><strong>R<\/strong>. Cada uno de ellos est\u00e1 conectado: el pupulismo, primero, no es una ideolog\u00eda. Sino una herramienta. Es el divide y vencer\u00e1s de siempre. Este tiene como consecuencia una polarizaci\u00f3n que aumenta en identidades fracturadas. Y todo esto, en parte se produce por la posverdad, otra cepa de la propaganda, la narraci\u00f3n de un cuento alternativo a la realidad. As\u00ed es c\u00f3mo ellos inventan. Las tres \u2018p\u2019, que se potencian por la tecnolog\u00eda.<\/p>\n\n\n\n<p><strong>P.<\/strong>&nbsp;Por no recordar lo que usted escribe: \u201cPon a un agente de la KGB en Twitter y es como dejar a un ni\u00f1o en una tienda de caramelos\u201d.<\/p>\n\n\n\n<p><strong>R<\/strong>. Desde luego\u2026<\/p>\n\n\n\n<p><strong>P<\/strong>. \u00bfC\u00f3mo a nadie se le ocurri\u00f3 que esos juguetes tecnol\u00f3gicos caer\u00edan tambi\u00e9n en manos de lo peor y le sacar\u00eda partido para conquistar el poder?<\/p>\n\n\n\n<p><strong>R<\/strong>. Al principio de internet, los responsables de las tecnol\u00f3gicas nos contaban que sus inventos iban a ser herramientas de liberaci\u00f3n. Con el tiempo, en gran parte, se han convertido en elementos de represi\u00f3n. Los servicios de inteligencia de las tiran\u00edas vieron que ah\u00ed pod\u00edan identificar opositores activistas. Ahora coexisten. Ayudan a fomentar la democracia y la represi\u00f3n.<\/p>\n\n\n\n<figure class=\"wp-block-image\"><img decoding=\"async\" src=\"https:\/\/imagenes.elpais.com\/resizer\/VtXp1bWEE5h_KCZaVP312eqBWPw=\/414x0\/filters:focal(4203x1768:4213x1778)\/cloudfront-eu-central-1.images.arcpublishing.com\/prisa\/6OYZTOFJZJDFZD66NHBJLKVYVI.jpg\" alt=\"Na\u00edm posa durante la entrevista EL PA\u00cdS.\"\/><figcaption>Na\u00edm posa durante la entrevista EL PA\u00cdS.SAMUEL S\u00c1NCHEZ<\/figcaption><\/figure>\n\n\n\n<p><strong>P.<\/strong>&nbsp;Pero los precursores de las empresas tecnol\u00f3gicas, al ver c\u00f3mo sus inventos llevaban a eso, \u00bfde qu\u00e9 pecaron? \u00bfDe candidez e inmadurez o de avaricia?<\/p>\n\n\n\n<p><strong>R<\/strong>. De ingenuidad pol\u00edtica. Nada en su pasado les hab\u00eda preparado para entender que puedes prescindir de la pol\u00edtica. Yo he asistido a reuniones en las que algunos de ellos cre\u00edan que ser\u00edan capaces de desmontar la pol\u00edtica, que los partidos no ser\u00edan necesarios porque la gente acabar\u00eda escogiendo sus l\u00edderes. Que no necesitar\u00eda ir a Washington.Los servicios de inteligencia de las tiran\u00edas vieron que ah\u00ed [en internet] pod\u00edan identificar opositores activistas. Ahora coexisten. Ayudan a fomentar la democracia y la represi\u00f3n<\/p>\n\n\n\n<p><strong>P.&nbsp;<\/strong>\u00bfHasta que se convirtieron en poderes f\u00e1cticos?<\/p>\n\n\n\n<p><strong>R<\/strong>. Hasta que hoy, los mayores&nbsp;<em>lobistas<\/em>&nbsp;son ellos. La realidad se ha encargado de dejarles claro que la pol\u00edtica existe e importa.<\/p>\n\n\n\n<p><strong>P.<\/strong>&nbsp;De eso se dieron cuenta y sacaron tajada en la era anterior a Trump. Al pedir millones de d\u00f3lares al Gobierno de Estados Unidos para desarrollar programas de control de la NSA, como contaba el agente Snowden. \u00bfObama es inocente?<\/p>\n\n\n\n<p><strong>R<\/strong>. Hay tendencias que trascienden a los l\u00edderes. Es lo que cuento en mi anterior libro,&nbsp;<em>El fin del poder<\/em>, cuya tesis es que resulta f\u00e1cil de obtener, dif\u00edcil de usar y f\u00e1cil de perder. Ese caso en el que pidieron 150.000 millones de d\u00f3lares por ese servicio lo ilustra. Pero las tecnol\u00f3gicas ahora se enfrentan a varias leyes en Estados Unidos y otra en Europa, la Ley de Servicios Digitales, que ser\u00e1 clave e indispensable en su liderazgo, fundamental para controlarlos.<\/p>\n\n\n\n<p><strong>P.&nbsp;<\/strong>Escribiendo estos libros sobre el poder, concretamente el \u00faltimo, nunca habr\u00e1 lamentado suficiente haber tenido raz\u00f3n.<\/p>\n\n\n\n<p><strong>R<\/strong>. Lo que lamento es no haber sido m\u00e1s estridente y m\u00e1s claro en los ataques que sufre la democracia en el mundo.<\/p>\n\n\n\n<p><strong>P.<\/strong>&nbsp;\u00bfQuiere decir m\u00e1s radical, usted que es un paradigma de la moderaci\u00f3n?<\/p>\n\n\n\n<p><strong>R.<\/strong>&nbsp;No tanto. Simplemente debemos hacer un trabajo a conciencia para desenmascarar aut\u00f3cratas disfrazados de dem\u00f3cratas. Complicado, porque, adem\u00e1s estos act\u00faan con sigilo. Hasta ahora no he tenido \u00e9xito.Putin, con su guerra, se ha equivocado. Profundamente<\/p>\n\n\n\n<p><strong>P.<\/strong>&nbsp;\u00bfSiente impotencia? O, m\u00e1s bien, \u00bfvencer\u00e1 la impotencia a quienes defienden verdaderamente la democracia?<\/p>\n\n\n\n<p><strong>R.<\/strong>&nbsp;Hay que conservar la esperanza. Por ejemplo, creo que&nbsp;<a href=\"https:\/\/elpais.com\/internacional\/2022-05-22\/la-guerra-de-putin-se-embarra-en-el-frente-oriental-de-donbas-despues-de-tres-meses-de-combates.html\" target=\"_blank\" rel=\"noreferrer noopener\">Putin, con su guerra<\/a>, se ha equivocado. Profundamente.<\/p>\n\n\n\n<p><strong>P<\/strong>. \u00bfPor desesperaci\u00f3n o por egolatr\u00eda?<\/p>\n\n\n\n<p><strong>R<\/strong>. No debemos especular. Pero se equivoc\u00f3. No hay forma de entenderlo, ni siquiera en base a sus propios intereses. Se equivoc\u00f3 en la forma de invadir, se equivoc\u00f3 sobre las capacidades de su ej\u00e9rcito, en la capacidad de resistencia de los ucranios, que nos asombra a todos y no nos deber\u00eda asombrar. Por otra parte, Rusia es pobre, adem\u00e1s se est\u00e1 aislando del mundo. Sufre una crisis demogr\u00e1fica y va a lamentar una fuga de cerebros importante. Cualquier joven de all\u00ed tiene el mundo por delante y no ve la necesidad de sacrificar su futuro en una sociedad con c\u00f3digos medievales. Muchos se van a ir.<\/p>\n\n\n\n<p><strong>P<\/strong>. Este contexto est\u00e1 produciendo una crisis que afecta a los bolsillos. Y algo resulta hist\u00f3ricamente cierto, que la inflaci\u00f3n produce, como en los a\u00f1os treinta, fascismo.<\/p>\n\n\n\n<p><strong>R<\/strong>. El t\u00e9rmino fascismo se ha convertido en un insulto f\u00e1cil y por tanto se le ha desprovisto de fuerza y significado a la palabra. Prefiero autocracia: lo capta mejor.<\/p>\n\n\n\n<p>Fuente: https:\/\/elpais.com\/cultura\/2022-05-25\/moises-naim-en-la-decada-pasada-se-cargaron-la-democracia-y-no-nos-dimos-cuenta.html<\/p>\n","protected":false},"excerpt":{"rendered":"<p>El pensador venezolano sostiene que las autocracias se han impuesto en el mundo y han vencido en muchos pa\u00edses a [&hellip;]<\/p>\n","protected":false},"author":1,"featured_media":28459,"comment_status":"open","ping_status":"open","sticky":false,"template":"","format":"standard","meta":{"site-sidebar-layout":"default","site-content-layout":"","ast-site-content-layout":"default","site-content-style":"default","site-sidebar-style":"default","ast-global-header-display":"","ast-banner-title-visibility":"","ast-main-header-display":"","ast-hfb-above-header-display":"","ast-hfb-below-header-display":"","ast-hfb-mobile-header-display":"","site-post-title":"","ast-breadcrumbs-content":"","ast-featured-img":"","footer-sml-layout":"","theme-transparent-header-meta":"","adv-header-id-meta":"","stick-header-meta":"","header-above-stick-meta":"","header-main-stick-meta":"","header-below-stick-meta":"","astra-migrate-meta-layouts":"default","ast-page-background-enabled":"default","ast-page-background-meta":{"desktop":{"background-color":"var(--ast-global-color-4)","background-image":"","background-repeat":"repeat","background-position":"center center","background-size":"auto","background-attachment":"scroll","background-type":"","background-media":"","overlay-type":"","overlay-color":"","overlay-opacity":"","overlay-gradient":""},"tablet":{"background-color":"","background-image":"","background-repeat":"repeat","background-position":"center center","background-size":"auto","background-attachment":"scroll","background-type":"","background-media":"","overlay-type":"","overlay-color":"","overlay-opacity":"","overlay-gradient":""},"mobile":{"background-color":"","background-image":"","background-repeat":"repeat","background-position":"center center","background-size":"auto","background-attachment":"scroll","background-type":"","background-media":"","overlay-type":"","overlay-color":"","overlay-opacity":"","overlay-gradient":""}},"ast-content-background-meta":{"desktop":{"background-color":"var(--ast-global-color-5)","background-image":"","background-repeat":"repeat","background-position":"center center","background-size":"auto","background-attachment":"scroll","background-type":"","background-media":"","overlay-type":"","overlay-color":"","overlay-opacity":"","overlay-gradient":""},"tablet":{"background-color":"var(--ast-global-color-5)","background-image":"","background-repeat":"repeat","background-position":"center center","background-size":"auto","background-attachment":"scroll","background-type":"","background-media":"","overlay-type":"","overlay-color":"","overlay-opacity":"","overlay-gradient":""},"mobile":{"background-color":"var(--ast-global-color-5)","background-image":"","background-repeat":"repeat","background-position":"center center","background-size":"auto","background-attachment":"scroll","background-type":"","background-media":"","overlay-type":"","overlay-color":"","overlay-opacity":"","overlay-gradient":""}},"footnotes":""},"categories":[8],"tags":[1916,7451,10363,8128,468],"class_list":["post-28458","post","type-post","status-publish","format-standard","has-post-thumbnail","hentry","category-noticias","tag-democracia","tag-moises-naim","tag-polarizacion","tag-populismo","tag-posverdad"],"_links":{"self":[{"href":"https:\/\/losperiodistas.com.mx\/portal\/wp-json\/wp\/v2\/posts\/28458","targetHints":{"allow":["GET"]}}],"collection":[{"href":"https:\/\/losperiodistas.com.mx\/portal\/wp-json\/wp\/v2\/posts"}],"about":[{"href":"https:\/\/losperiodistas.com.mx\/portal\/wp-json\/wp\/v2\/types\/post"}],"author":[{"embeddable":true,"href":"https:\/\/losperiodistas.com.mx\/portal\/wp-json\/wp\/v2\/users\/1"}],"replies":[{"embeddable":true,"href":"https:\/\/losperiodistas.com.mx\/portal\/wp-json\/wp\/v2\/comments?post=28458"}],"version-history":[{"count":1,"href":"https:\/\/losperiodistas.com.mx\/portal\/wp-json\/wp\/v2\/posts\/28458\/revisions"}],"predecessor-version":[{"id":28460,"href":"https:\/\/losperiodistas.com.mx\/portal\/wp-json\/wp\/v2\/posts\/28458\/revisions\/28460"}],"wp:featuredmedia":[{"embeddable":true,"href":"https:\/\/losperiodistas.com.mx\/portal\/wp-json\/wp\/v2\/media\/28459"}],"wp:attachment":[{"href":"https:\/\/losperiodistas.com.mx\/portal\/wp-json\/wp\/v2\/media?parent=28458"}],"wp:term":[{"taxonomy":"category","embeddable":true,"href":"https:\/\/losperiodistas.com.mx\/portal\/wp-json\/wp\/v2\/categories?post=28458"},{"taxonomy":"post_tag","embeddable":true,"href":"https:\/\/losperiodistas.com.mx\/portal\/wp-json\/wp\/v2\/tags?post=28458"}],"curies":[{"name":"wp","href":"https:\/\/api.w.org\/{rel}","templated":true}]}}