{"id":28455,"date":"2022-05-25T06:25:34","date_gmt":"2022-05-25T11:25:34","guid":{"rendered":"http:\/\/losperiodistas.com.mx\/portal\/?p=28455"},"modified":"2022-05-25T06:25:36","modified_gmt":"2022-05-25T11:25:36","slug":"he-sufrido-mucho-el-chapo-guzman-aseguro-en-una-carta-que-recibe-malos-tratos-en-prision-infobae","status":"publish","type":"post","link":"https:\/\/losperiodistas.com.mx\/portal\/he-sufrido-mucho-el-chapo-guzman-aseguro-en-una-carta-que-recibe-malos-tratos-en-prision-infobae\/","title":{"rendered":"\u201cHe sufrido mucho\u201d: El \u201cChapo\u201d Guzm\u00e1n asegur\u00f3 en una carta que recibe malos tratos en prisi\u00f3n | Infobae"},"content":{"rendered":"\n<p><em>El capo asegur\u00f3 que ni siquiera cuando ha presentad<\/em>o problemas de salud ha sido tomado en cuenta<\/p>\n\n\n\n<figure class=\"wp-block-image size-large\"><img fetchpriority=\"high\" decoding=\"async\" width=\"1024\" height=\"683\" src=\"https:\/\/losperiodistas.com.mx\/portal\/wp-content\/uploads\/2022\/05\/IESQWZLIARC7RFYZBLLTW6OGVE-1024x683.jpg\" alt=\"\" class=\"wp-image-28456\" srcset=\"https:\/\/losperiodistas.com.mx\/portal\/wp-content\/uploads\/2022\/05\/IESQWZLIARC7RFYZBLLTW6OGVE-1024x683.jpg 1024w, https:\/\/losperiodistas.com.mx\/portal\/wp-content\/uploads\/2022\/05\/IESQWZLIARC7RFYZBLLTW6OGVE-300x200.jpg 300w, https:\/\/losperiodistas.com.mx\/portal\/wp-content\/uploads\/2022\/05\/IESQWZLIARC7RFYZBLLTW6OGVE-768x512.jpg 768w, https:\/\/losperiodistas.com.mx\/portal\/wp-content\/uploads\/2022\/05\/IESQWZLIARC7RFYZBLLTW6OGVE.jpg 1440w\" sizes=\"(max-width: 1024px) 100vw, 1024px\" \/><figcaption>La captura de Joaqu\u00edn \u00abEl Chapo\u00bb Guzm\u00e1n, fue una de las grandes capturas a manos de la Marina (Foto: ESPECIAL \/CUARTOSCURO)<\/figcaption><\/figure>\n\n\n\n<p class=\"has-vivid-cyan-blue-color has-text-color has-medium-font-size\">INFOBAE<\/p>\n\n\n\n<p>Luego de un largo juicio en su contra,<a href=\"https:\/\/www.infobae.com\/tag\/chapo-guzman\/\" target=\"_blank\" rel=\"noreferrer noopener\"><strong>&nbsp;Joaqu\u00edn \u201cEl Chapo\u201d Guzm\u00e1n<\/strong><\/a>&nbsp;fue<strong>&nbsp;sentenciado a cadena perpetua<\/strong>&nbsp;tras ser declarado culpable en febrero de 2019 de&nbsp;<strong>10 delitos relacionados con el tr\u00e1fico de drogas y lavado de dinero<\/strong>. Desde entonces ha estado en una prisi\u00f3n de m\u00e1xima seguridad en Colorado, Estados Unidos, y recientemente dijo que<strong>&nbsp;el trato que recibe ah\u00ed es injusto.<\/strong><\/p>\n\n\n\n<blockquote class=\"wp-block-quote is-layout-flow wp-block-quote-is-layout-flow\"><p>\u201cEl trato que recibo es cruel e injusto\u201d<\/p><\/blockquote>\n\n\n\n<p>A trav\u00e9s de una carta a la que tuvo acceso la cadena&nbsp;<em>Univisi\u00f3n,<\/em>&nbsp;el narcotraficante m\u00e1s famoso de M\u00e9xico expres\u00f3 lo que ha padecido dentro de la c\u00e1rcel estadounidense en la que ya lleva tres a\u00f1os. A\u00f1adi\u00f3 que:<\/p>\n\n\n\n<blockquote class=\"wp-block-quote is-layout-flow wp-block-quote-is-layout-flow\"><p>\u201cHe sufrido mucho. Me sirven poca comida y a menudo me quedo con hambre\u201d.<\/p><\/blockquote>\n\n\n\n<p><img decoding=\"async\" alt=\" Joaqu\u00edn &quot;Chapo&quot; Guzm\u00e1n, l\u00edder del c\u00e1rtel de Sinaloa, fue sentenciado en Estados Unidos a cadena perpetua (Foto: ARCHIVO\/ ISAAC ESQUIVEL \/CUARTOSCURO)\" height=\"1280\" width=\"1920\" class=\"\" src=\"https:\/\/cloudfront-us-east-1.images.arcpublishing.com\/infobae\/LKJM4A7RANHOBHB4F42YAGAMMY.jpeg\" srcset=\"https:\/\/www.infobae.com\/new-resizer\/Af_N2FDIHgv4ROFusoAlqXwz1Yc=\/420x280\/filters:format(webp):quality(85)\/cloudfront-us-east-1.images.arcpublishing.com\/infobae\/LKJM4A7RANHOBHB4F42YAGAMMY.jpeg 420w,https:\/\/www.infobae.com\/new-resizer\/5P7RcWWT3PAVh6cKuC1V8La3cnQ=\/768x512\/filters:format(webp):quality(85)\/cloudfront-us-east-1.images.arcpublishing.com\/infobae\/LKJM4A7RANHOBHB4F42YAGAMMY.jpeg 768w,https:\/\/www.infobae.com\/new-resizer\/82xBal-qomuV1ZMH-d_vKhSnc-s=\/992x661\/filters:format(webp):quality(85)\/cloudfront-us-east-1.images.arcpublishing.com\/infobae\/LKJM4A7RANHOBHB4F42YAGAMMY.jpeg 992w,https:\/\/www.infobae.com\/new-resizer\/c_fDiw2pOGFlouT6qZS9EyNt_lk=\/1200x800\/filters:format(webp):quality(85)\/cloudfront-us-east-1.images.arcpublishing.com\/infobae\/LKJM4A7RANHOBHB4F42YAGAMMY.jpeg 1200w,https:\/\/www.infobae.com\/new-resizer\/O-lJHjfZHxY1_g-PUBAF69hIbHU=\/1440x960\/filters:format(webp):quality(85)\/cloudfront-us-east-1.images.arcpublishing.com\/infobae\/LKJM4A7RANHOBHB4F42YAGAMMY.jpeg 1440w\">Joaqu\u00edn \u00abChapo\u00bb Guzm\u00e1n, l\u00edder del c\u00e1rtel de Sinaloa, fue sentenciado en Estados Unidos a cadena perpetua (Foto: ARCHIVO\/ ISAAC ESQUIVEL \/CUARTOSCURO)<\/p>\n\n\n\n<p>La misiva de siete p\u00e1ginas, escrita en ingl\u00e9s, la inici\u00f3 recordando que es un<strong>&nbsp;mexicano de 64 a\u00f1os&nbsp;<\/strong>extraditado de M\u00e9xico a Estados Unidos en enero de 2017. Al final la firm\u00f3 con su nombre \u201cJoaqu\u00edn Guzm\u00e1n L.\u201d.<\/p>\n\n\n\n<p>Guzm\u00e1n Loera, quien anteriormente escap\u00f3 a trav\u00e9s de un t\u00fanel de una prisi\u00f3n de m\u00e1xima seguridad en M\u00e9xico, dijo que ahora est\u00e1 bajo&nbsp;<strong>\u201crevisiones constantes dentro de su celda<\/strong>, c\u00e1maras de vigilancia hasta en el sitio en donde conversa con sus defensores legales y un an\u00e1lisis minucioso de las cartas que ha escrito, son algunas de las medidas que toma el gobierno para evitar que se fugue\u201d.<\/p>\n\n\n\n<p>Asegur\u00f3 que \u201cdebido al trato en ADMAX ahora yo<strong>&nbsp;padezco dolores de cabeza, p\u00e9rdida de memoria, calambres musculares, estr\u00e9s y depresi\u00f3n<\/strong>\u201d.<\/p>\n\n\n\n<p>Subray\u00f3 que<strong>&nbsp;el trato que recibe en dicho lugar es cruel e injusto<\/strong>, y que en consecuencia estaba<strong>&nbsp;sufriendo problemas psicol\u00f3gicos y de salud. \u201cYo rezo para que esta corte intervenga\u201d<\/strong>, sentenci\u00f3 el ahora afectado.<img decoding=\"async\" alt=\"Imagen de archivo de un busto del capo mexicano Joaqu\u00edn &quot;El Chapo&quot; Guzm\u00e1n entre botellas de una marca de cerveza que lleva su sobrenombre (Foto: REUTERS \/ Fernando Carranza)\" height=\"533\" width=\"800\" class=\"\" src=\"https:\/\/cloudfront-us-east-1.images.arcpublishing.com\/infobae\/Z3R7FBE3C57N47FAMEKT6W5BQM.jpg\" srcset=\"https:\/\/www.infobae.com\/new-resizer\/cMAQk8uDqQsjdjl56L_Wp69rKFw=\/420x280\/filters:format(webp):quality(85)\/cloudfront-us-east-1.images.arcpublishing.com\/infobae\/Z3R7FBE3C57N47FAMEKT6W5BQM.jpg 420w,https:\/\/www.infobae.com\/new-resizer\/UzKjm1GpfFvPgxodofUdrQqMXwc=\/768x512\/filters:format(webp):quality(85)\/cloudfront-us-east-1.images.arcpublishing.com\/infobae\/Z3R7FBE3C57N47FAMEKT6W5BQM.jpg 768w,https:\/\/www.infobae.com\/new-resizer\/PIQi7RC3TvhW1IvllfAhxmhsxdU=\/992x661\/filters:format(webp):quality(85)\/cloudfront-us-east-1.images.arcpublishing.com\/infobae\/Z3R7FBE3C57N47FAMEKT6W5BQM.jpg 992w,https:\/\/www.infobae.com\/new-resizer\/b-tJLP136vO5SaLwgaE_zoH-Q5c=\/1200x800\/filters:format(webp):quality(85)\/cloudfront-us-east-1.images.arcpublishing.com\/infobae\/Z3R7FBE3C57N47FAMEKT6W5BQM.jpg 1200w,https:\/\/www.infobae.com\/new-resizer\/9plU11FjRvXEek1sdBxVE6pZFdI=\/1440x960\/filters:format(webp):quality(85)\/cloudfront-us-east-1.images.arcpublishing.com\/infobae\/Z3R7FBE3C57N47FAMEKT6W5BQM.jpg 1440w\">Imagen de archivo de un busto del capo mexicano Joaqu\u00edn \u00abEl Chapo\u00bb Guzm\u00e1n entre botellas de una marca de cerveza que lleva su sobrenombre (Foto: REUTERS \/ Fernando Carranza)<\/p>\n\n\n\n<p>Guzm\u00e1n aleg\u00f3 en su declaraci\u00f3n jurada que<strong>&nbsp;ni si quiera cuando solicita atenci\u00f3n m\u00e9dica le hacen caso y es atendido.&nbsp;<\/strong>Ejemplific\u00f3 con un incidente ocurrido en julio del 2021, cuando los brotes de la pandemia eran severos en todo el mundo y \u00e9l comenz\u00f3 a toser \u201cincontroladamente\u201d, ten\u00eda el pecho congestionado y a\u00fan as\u00ed \u201cnunca recib\u00ed tratamiento m\u00e9dico\u201d.<\/p>\n\n\n\n<blockquote class=\"wp-block-quote is-layout-flow wp-block-quote-is-layout-flow\"><p>\u201cHe sufrido mucho estando en confinamiento solitario. Mi presi\u00f3n arterial se ha elevado, llevando a dolores de cabeza y ansiedad. A veces olvido cosas\u201d, detall\u00f3.<\/p><\/blockquote>\n\n\n\n<p>Aleg\u00f3 que<strong>&nbsp;le sirven poca comida y constantemente se queda con hambre<\/strong>, adem\u00e1s de tener un&nbsp;<strong>trastorno del sue\u00f1o&nbsp;<\/strong>porque despierta despu\u00e9s de la medianoche ocasionado por el calor de la ventilaci\u00f3n que es \u201cextremadamente\u201d fuerte y sale cada quince minutos entre cuatro y cinco veces. Eso ocasiona que su&nbsp;<strong>coraz\u00f3n comience a latir r\u00e1pidamente, elevando su presi\u00f3n arterial.<\/strong><img loading=\"lazy\" decoding=\"async\" alt=\"&quot;El Chapo&quot; fue condenado a cadena perpetua en una corte de Nueva York en 2019 (Fotos: Reuters)\" height=\"1080\" width=\"1920\" class=\"\" src=\"https:\/\/cloudfront-us-east-1.images.arcpublishing.com\/infobae\/K5CTAX7IQFBRHIX43T4HSMRPDI.jpg\" srcset=\"https:\/\/www.infobae.com\/new-resizer\/QPCwxmfXGdDacsxQ4xQGUjtISec=\/420x236\/filters:format(webp):quality(85)\/cloudfront-us-east-1.images.arcpublishing.com\/infobae\/K5CTAX7IQFBRHIX43T4HSMRPDI.jpg 420w,https:\/\/www.infobae.com\/new-resizer\/Rn8b4USp_85REZvJZlZUFbirW0E=\/768x432\/filters:format(webp):quality(85)\/cloudfront-us-east-1.images.arcpublishing.com\/infobae\/K5CTAX7IQFBRHIX43T4HSMRPDI.jpg 768w,https:\/\/www.infobae.com\/new-resizer\/jd9osAZoX9RyGgLLHUHkXPYIlmU=\/992x558\/filters:format(webp):quality(85)\/cloudfront-us-east-1.images.arcpublishing.com\/infobae\/K5CTAX7IQFBRHIX43T4HSMRPDI.jpg 992w,https:\/\/www.infobae.com\/new-resizer\/ZHp_5To-tKmZVYFkWkFIpqCoZNY=\/1200x675\/filters:format(webp):quality(85)\/cloudfront-us-east-1.images.arcpublishing.com\/infobae\/K5CTAX7IQFBRHIX43T4HSMRPDI.jpg 1200w,https:\/\/www.infobae.com\/new-resizer\/RCfANcdcG10GkCrhdpSNBnfx7OA=\/1440x810\/filters:format(webp):quality(85)\/cloudfront-us-east-1.images.arcpublishing.com\/infobae\/K5CTAX7IQFBRHIX43T4HSMRPDI.jpg 1440w\">\u00abEl Chapo\u00bb fue condenado a cadena perpetua en una corte de Nueva York en 2019 (Fotos: Reuters)<\/p>\n\n\n\n<p>\u201cAunque yo no comparto una celda y estoy dentro de mi celda 24 horas al d\u00eda, funcionarios de la prisi\u00f3n entran a mi celda varias veces por semana para hacer registros de mi rutina, cuando ellos mueven y tocan todas mis pertenencias\u201d, detall\u00f3.<\/p>\n\n\n\n<p>De acuerdo con el citado medio de comunicaci\u00f3n, el Departamento de Justicia (DOJ) no ha respondido a la querella. El pasado 12 de mayo el juez<strong>&nbsp;Michael Hegarty<\/strong>, aprob\u00f3 una moci\u00f3n para que se haga hasta el&nbsp;<strong>15 de junio y program\u00f3 una audiencia para el 7 de julio pr\u00f3ximo<\/strong>, mientras tanto, el capo deber\u00e1 mantenerse bajo las mismas condiciones dentro de la prisi\u00f3n de m\u00e1xima seguridad para cumplir su condena.<\/p>\n\n\n\n<p>Cabe recordar que el ex cabecilla del C\u00e1rtel de Sinaloa,\u00a0<strong>durante m\u00e1s de 30 a\u00f1os trafic\u00f3 toneladas de droga desde Centroam\u00e9rica y Sudam\u00e9rica hacia M\u00e9xico, y de ah\u00ed hacia Estados Unidos y Canad\u00e1.<\/strong><\/p>\n\n\n\n<p>Fuente: https:\/\/www.infobae.com\/america\/mexico\/2022\/05\/25\/he-sufrido-mucho-el-chapo-guzman-aseguro-en-una-carta-que-recibe-malos-tratos-en-prision\/<\/p>\n","protected":false},"excerpt":{"rendered":"<p>El capo asegur\u00f3 que ni siquiera cuando ha presentado problemas de salud ha sido tomado en cuenta INFOBAE Luego de [&hellip;]<\/p>\n","protected":false},"author":1,"featured_media":28456,"comment_status":"open","ping_status":"open","sticky":false,"template":"","format":"standard","meta":{"site-sidebar-layout":"default","site-content-layout":"","ast-site-content-layout":"default","site-content-style":"default","site-sidebar-style":"default","ast-global-header-display":"","ast-banner-title-visibility":"","ast-main-header-display":"","ast-hfb-above-header-display":"","ast-hfb-below-header-display":"","ast-hfb-mobile-header-display":"","site-post-title":"","ast-breadcrumbs-content":"","ast-featured-img":"","footer-sml-layout":"","theme-transparent-header-meta":"","adv-header-id-meta":"","stick-header-meta":"","header-above-stick-meta":"","header-main-stick-meta":"","header-below-stick-meta":"","astra-migrate-meta-layouts":"default","ast-page-background-enabled":"default","ast-page-background-meta":{"desktop":{"background-color":"var(--ast-global-color-4)","background-image":"","background-repeat":"repeat","background-position":"center center","background-size":"auto","background-attachment":"scroll","background-type":"","background-media":"","overlay-type":"","overlay-color":"","overlay-opacity":"","overlay-gradient":""},"tablet":{"background-color":"","background-image":"","background-repeat":"repeat","background-position":"center center","background-size":"auto","background-attachment":"scroll","background-type":"","background-media":"","overlay-type":"","overlay-color":"","overlay-opacity":"","overlay-gradient":""},"mobile":{"background-color":"","background-image":"","background-repeat":"repeat","background-position":"center center","background-size":"auto","background-attachment":"scroll","background-type":"","background-media":"","overlay-type":"","overlay-color":"","overlay-opacity":"","overlay-gradient":""}},"ast-content-background-meta":{"desktop":{"background-color":"var(--ast-global-color-5)","background-image":"","background-repeat":"repeat","background-position":"center center","background-size":"auto","background-attachment":"scroll","background-type":"","background-media":"","overlay-type":"","overlay-color":"","overlay-opacity":"","overlay-gradient":""},"tablet":{"background-color":"var(--ast-global-color-5)","background-image":"","background-repeat":"repeat","background-position":"center center","background-size":"auto","background-attachment":"scroll","background-type":"","background-media":"","overlay-type":"","overlay-color":"","overlay-opacity":"","overlay-gradient":""},"mobile":{"background-color":"var(--ast-global-color-5)","background-image":"","background-repeat":"repeat","background-position":"center center","background-size":"auto","background-attachment":"scroll","background-type":"","background-media":"","overlay-type":"","overlay-color":"","overlay-opacity":"","overlay-gradient":""}},"footnotes":""},"categories":[8],"tags":[105,10362],"class_list":["post-28455","post","type-post","status-publish","format-standard","has-post-thumbnail","hentry","category-noticias","tag-el-chapo-guzman","tag-prision-colorado"],"_links":{"self":[{"href":"https:\/\/losperiodistas.com.mx\/portal\/wp-json\/wp\/v2\/posts\/28455","targetHints":{"allow":["GET"]}}],"collection":[{"href":"https:\/\/losperiodistas.com.mx\/portal\/wp-json\/wp\/v2\/posts"}],"about":[{"href":"https:\/\/losperiodistas.com.mx\/portal\/wp-json\/wp\/v2\/types\/post"}],"author":[{"embeddable":true,"href":"https:\/\/losperiodistas.com.mx\/portal\/wp-json\/wp\/v2\/users\/1"}],"replies":[{"embeddable":true,"href":"https:\/\/losperiodistas.com.mx\/portal\/wp-json\/wp\/v2\/comments?post=28455"}],"version-history":[{"count":1,"href":"https:\/\/losperiodistas.com.mx\/portal\/wp-json\/wp\/v2\/posts\/28455\/revisions"}],"predecessor-version":[{"id":28457,"href":"https:\/\/losperiodistas.com.mx\/portal\/wp-json\/wp\/v2\/posts\/28455\/revisions\/28457"}],"wp:featuredmedia":[{"embeddable":true,"href":"https:\/\/losperiodistas.com.mx\/portal\/wp-json\/wp\/v2\/media\/28456"}],"wp:attachment":[{"href":"https:\/\/losperiodistas.com.mx\/portal\/wp-json\/wp\/v2\/media?parent=28455"}],"wp:term":[{"taxonomy":"category","embeddable":true,"href":"https:\/\/losperiodistas.com.mx\/portal\/wp-json\/wp\/v2\/categories?post=28455"},{"taxonomy":"post_tag","embeddable":true,"href":"https:\/\/losperiodistas.com.mx\/portal\/wp-json\/wp\/v2\/tags?post=28455"}],"curies":[{"name":"wp","href":"https:\/\/api.w.org\/{rel}","templated":true}]}}