{"id":28277,"date":"2022-05-23T06:15:46","date_gmt":"2022-05-23T11:15:46","guid":{"rendered":"http:\/\/losperiodistas.com.mx\/portal\/?p=28277"},"modified":"2022-05-23T06:15:50","modified_gmt":"2022-05-23T11:15:50","slug":"guatemala-juana-alonzo-retorna-tras-injusto-encarcelamiento-en-mexico-dw","status":"publish","type":"post","link":"https:\/\/losperiodistas.com.mx\/portal\/guatemala-juana-alonzo-retorna-tras-injusto-encarcelamiento-en-mexico-dw\/","title":{"rendered":"Guatemala: Juana Alonzo retorna tras injusto encarcelamiento en M\u00e9xico | DW"},"content":{"rendered":"\n<p><em>Seg\u00fan la ONU, la migrante ind\u00edgena denunci\u00f3 que \u00ablos oficiales la golpearon y la amenazaron apunt\u00e1ndola con armas de fuego\u00bb para que se incriminara.<\/em><\/p>\n\n\n\n<figure class=\"wp-block-image size-full\"><img fetchpriority=\"high\" decoding=\"async\" width=\"700\" height=\"394\" src=\"https:\/\/losperiodistas.com.mx\/portal\/wp-content\/uploads\/2022\/05\/61896878_303.jpeg\" alt=\"\" class=\"wp-image-28278\" srcset=\"https:\/\/losperiodistas.com.mx\/portal\/wp-content\/uploads\/2022\/05\/61896878_303.jpeg 700w, https:\/\/losperiodistas.com.mx\/portal\/wp-content\/uploads\/2022\/05\/61896878_303-300x169.jpeg 300w\" sizes=\"(max-width: 700px) 100vw, 700px\" \/><\/figure>\n\n\n\n<p><\/p>\n\n\n\n<p class=\"has-vivid-cyan-blue-color has-text-color has-medium-font-size\">DW<\/p>\n\n\n\n<p>Una&nbsp;<a href=\"https:\/\/www.dw.com\/es\/un-mill%C3%B3n-de-migrantes-centroamericanos-fueron-deportados-en-5-a%C3%B1os-seg%C3%BAn-reporte\/a-61871923\">migrante ind\u00edgena guatemalteca<\/a>&nbsp;que fue torturada y encarcelada injustamente en M\u00e9xico por siete a\u00f1os, acusada de secuestro, regres\u00f3 este domingo (22.05.2022) al pa\u00eds centroamericano tras su liberaci\u00f3n la que abog\u00f3 el presidente mexicano Andr\u00e9s Manuel L\u00f3pez Obrador.<\/p>\n\n\n\n<p>\u00abYo soy inmigrante, yo no soy secuestradora\u00bb, dijo Juana Alonzo, de 35 a\u00f1os, al salir del aeropuerto de la capital donde fue recibida por familiares y amistades que viajaron m\u00e1s de 10 horas por carretera desde el poblado maya-chuj de San Mateo Ixtat\u00e1n, noroeste de Guatemala y cerca de la frontera con M\u00e9xico.<\/p>\n\n\n\n<figure class=\"wp-block-embed is-type-rich is-provider-twitter wp-block-embed-twitter\"><div class=\"wp-block-embed__wrapper\">\nhttps:\/\/twitter.com\/PublinewsGT\/status\/1528497601607352328?ref_src=twsrc%5Etfw%7Ctwcamp%5Etweetembed%7Ctwterm%5E1528497601607352328%7Ctwgr%5E%7Ctwcon%5Es1_c10&#038;ref_url=https%3A%2F%2Fwww.dw.com%2Fes%2Fguatemala-juana-alonzo-retorna-tras-injusto-encarcelamiento-en-mC3A9xico%2Fa-61896848\n<\/div><\/figure>\n\n\n\n<p>\u00abYo injustamente estuve ocho a\u00f1os en la c\u00e1rcel, pero gracias a Dios estoy viva\u00bb, agreg\u00f3 \u00abJuanita\u00bb, como se le conoce cari\u00f1osamente, y que estuvo desde 2014 encarcelada en la ciudad de Reynosa, en el estado mexicano de Tamaulipas (norte).<\/p>\n\n\n\n<p>La orden para la liberaci\u00f3n de Alonzo fue firmada el 21 de mayo por Irving Barrios, jefe de la Fiscal\u00eda General de Justicia de Tamaulipas. La orden ocurri\u00f3 despu\u00e9s de que AMLO abogara por la migrante guatemalteca.<\/p>\n\n\n\n<figure class=\"wp-block-embed is-type-rich is-provider-twitter wp-block-embed-twitter\"><div class=\"wp-block-embed__wrapper\">\n<blockquote class=\"twitter-tweet\" data-width=\"500\" data-dnt=\"true\"><p lang=\"es\" dir=\"ltr\"><a href=\"https:\/\/twitter.com\/hashtag\/FGJT_Informa?src=hash&amp;ref_src=twsrc%5Etfw\">#FGJT_Informa<\/a> El Fiscal General <a href=\"https:\/\/twitter.com\/IrvingBarriosM?ref_src=twsrc%5Etfw\">@IrvingBarriosM<\/a> firm\u00f3 petici\u00f3n de incidente de libertad para solicitar al Juez del Proceso audiencia para que se deje en libertad a la C. Juana Alonso Santizo y pueda retornar a su pa\u00eds de origen en las pr\u00f3ximas horas <a href=\"https:\/\/twitter.com\/hashtag\/Reynosa?src=hash&amp;ref_src=twsrc%5Etfw\">#Reynosa<\/a>, <a href=\"https:\/\/twitter.com\/hashtag\/Tamaulipas?src=hash&amp;ref_src=twsrc%5Etfw\">#Tamaulipas<\/a> <a href=\"https:\/\/t.co\/z0dog7lL5G\">pic.twitter.com\/z0dog7lL5G<\/a><\/p>&mdash; Fiscal\u00eda General de Justicia de Tamaulipas (@FGJ_Tam) <a href=\"https:\/\/twitter.com\/FGJ_Tam\/status\/1528130388090007553?ref_src=twsrc%5Etfw\">May 21, 2022<\/a><\/blockquote><script async src=\"https:\/\/platform.twitter.com\/widgets.js\" charset=\"utf-8\"><\/script>\n<\/div><\/figure>\n\n\n\n<p>\u00abEst\u00e1n todas las pruebas de que fue torturada y de que lleva a\u00f1os presa. Incluso las autoridades de Tamaulipas ya aceptaron liberarla. Ojal\u00e1 que lo hagan (&#8230;) porque aceptaron que era una injusticia\u00bb, afirm\u00f3 el 19 de mayo el presidente mexicano.<\/p>\n\n\n\n<figure class=\"wp-block-embed is-type-rich is-provider-twitter wp-block-embed-twitter\"><div class=\"wp-block-embed__wrapper\">\n<blockquote class=\"twitter-tweet\" data-width=\"500\" data-dnt=\"true\"><p lang=\"es\" dir=\"ltr\">El bienestar del pueblo y el combate a la corrupci\u00f3n constituyen la esencia de nuestro quehacer gubernamental. Conferencia matutina <a href=\"https:\/\/t.co\/Xv8oDUJzJd\">https:\/\/t.co\/Xv8oDUJzJd<\/a><\/p>&mdash; Andr\u00e9s Manuel (@lopezobrador_) <a href=\"https:\/\/twitter.com\/lopezobrador_\/status\/1527261327453851651?ref_src=twsrc%5Etfw\">May 19, 2022<\/a><\/blockquote><script async src=\"https:\/\/platform.twitter.com\/widgets.js\" charset=\"utf-8\"><\/script>\n<\/div><\/figure>\n\n\n\n<p>Alonzo migr\u00f3 irregularmente en 2014 a Estados Unidos con intenci\u00f3n de llegar a trabajar. Seg\u00fan un reporte de Naciones Unidas en M\u00e9xico, ese a\u00f1o un\u00a0<em>coyote<\/em>\u00a0-como se les conoce a los traficantes de personas migrantes- la captur\u00f3 en Reynosa con otra mujer y fue llevada a una casa donde fueron obligadas a trabajar. Dos migrantes que estaban en la casa lograron contactar a las autoridades y Alonzo fue acusada de secuestro, aunque sin entender el se\u00f1alamiento pues en ese momento solo hablaba su idioma maya.<\/p>\n\n\n\n<figure class=\"wp-block-embed is-type-rich is-provider-twitter wp-block-embed-twitter\"><div class=\"wp-block-embed__wrapper\">\n<blockquote class=\"twitter-tweet\" data-width=\"500\" data-dnt=\"true\"><p lang=\"es\" dir=\"ltr\"><a href=\"https:\/\/twitter.com\/hashtag\/Acci%C3%B3nConsularGT?src=hash&amp;ref_src=twsrc%5Etfw\">#Acci\u00f3nConsularGT<\/a> | Con el fin de garantizar su retorno digno y seguro al pa\u00eds, autoridades del <a href=\"https:\/\/twitter.com\/hashtag\/MinexGT?src=hash&amp;ref_src=twsrc%5Etfw\">#MinexGT<\/a> brindan asistencia consular a la connacional Juana Alonzo, quien arrib\u00f3 al pa\u00eds esta tarde. <br><br>M\u00e1s inf.\ud83d\udccc<a href=\"https:\/\/t.co\/sSvBt8Dn6N\">https:\/\/t.co\/sSvBt8Dn6N<\/a> <a href=\"https:\/\/t.co\/TxIJ7TNWQY\">pic.twitter.com\/TxIJ7TNWQY<\/a><\/p>&mdash; MINEX Guatemala \ud83c\uddec\ud83c\uddf9 (@MinexGt) <a href=\"https:\/\/twitter.com\/MinexGt\/status\/1528541823207198721?ref_src=twsrc%5Etfw\">May 23, 2022<\/a><\/blockquote><script async src=\"https:\/\/platform.twitter.com\/widgets.js\" charset=\"utf-8\"><\/script>\n<\/div><\/figure>\n\n\n\n<p>\u00abFue posteriormente detenida por la Polic\u00eda y reubicada a una estaci\u00f3n de la polic\u00eda local en Reynosa. Durante su interrogatorio, (&#8230;) nuevamente enfrent\u00f3 la barrera del lenguaje y no pudo contestar a las preguntas que le fueron planteadas\u00bb, indic\u00f3 el reporte. \u00abElla adujo que, en venganza, los oficiales la golpearon y la amenazaron apunt\u00e1ndola con armas de fuego. Eventualmente cedi\u00f3 y firm\u00f3 una declaraci\u00f3n auto-incriminatoria\u00bb, agreg\u00f3&nbsp;<a href=\"https:\/\/www.ohchr.org\/es\/stories\/2018\/08\/migration-nightmare-indigenous-woman-mexico\" target=\"_blank\" rel=\"noreferrer noopener\">el texto de la ONU<\/a>.<\/p>\n\n\n\n<figure class=\"wp-block-image\"><a href=\"https:\/\/www.dw.com\/es\/guatemala-juana-alonzo-retorna-tras-injusto-encarcelamiento-en-m%C3%A9xico\/a-61896848#\"><img decoding=\"async\" src=\"https:\/\/static.dw.com\/image\/61896892_401.jpg\" alt=\"Foto de Juana Alonzo\" title=\"Foto de Juana Alonzo\"\/><\/a><\/figure>\n\n\n\n<p>El canciller guatemalteco, Mario B\u00facaro, quien acompa\u00f1\u00f3 el retorno de Alonzo, se\u00f1al\u00f3 que dar\u00e1n seguimiento al caso por el que se abri\u00f3 una investigaci\u00f3n.<\/p>\n\n\n\n<figure class=\"wp-block-embed is-type-rich is-provider-twitter wp-block-embed-twitter\"><div class=\"wp-block-embed__wrapper\">\n<blockquote class=\"twitter-tweet\" data-width=\"500\" data-dnt=\"true\"><p lang=\"es\" dir=\"ltr\">Fue obligada a firmar una declaraci\u00f3n donde se inculpaba de ser integrante de una banda de secuestradores en el 2014. V\u00eda: <a href=\"https:\/\/twitter.com\/EBercian_PN?ref_src=twsrc%5Etfw\">@EBercian_PN<\/a> <a href=\"https:\/\/t.co\/bhMoimckVs\">pic.twitter.com\/bhMoimckVs<\/a><\/p>&mdash; Publinews Guatemala (@PublinewsGT) <a href=\"https:\/\/twitter.com\/PublinewsGT\/status\/1528508341672198145?ref_src=twsrc%5Etfw\">May 22, 2022<\/a><\/blockquote><script async src=\"https:\/\/platform.twitter.com\/widgets.js\" charset=\"utf-8\"><\/script>\n<\/div><\/figure>\n\n\n\n<p>Cada a\u00f1o, miles de personas guatemaltecas emprenden el peligroso viaje a Estados Unidos de forma irregular huyendo de la pobreza y la violencia. En 2021, el pa\u00eds norteamericano deport\u00f3 v\u00eda a\u00e9rea a 17.806 guatemaltecos, mientras que en 2020 fueron 21.057 expulsiones.<\/p>\n\n\n\n<p>ama (afp, efe, ap, publinews)<\/p>\n\n\n\n<p>Fuente: https:\/\/www.dw.com\/es\/guatemala-juana-alonzo-retorna-tras-injusto-encarcelamiento-en-m%C3%A9xico\/a-61896848<\/p>\n","protected":false},"excerpt":{"rendered":"<p>Seg\u00fan la ONU, la migrante ind\u00edgena denunci\u00f3 que \u00ablos oficiales la golpearon y la amenazaron apunt\u00e1ndola con armas de fuego\u00bb [&hellip;]<\/p>\n","protected":false},"author":1,"featured_media":28278,"comment_status":"open","ping_status":"open","sticky":false,"template":"","format":"standard","meta":{"site-sidebar-layout":"default","site-content-layout":"","ast-site-content-layout":"default","site-content-style":"default","site-sidebar-style":"default","ast-global-header-display":"","ast-banner-title-visibility":"","ast-main-header-display":"","ast-hfb-above-header-display":"","ast-hfb-below-header-display":"","ast-hfb-mobile-header-display":"","site-post-title":"","ast-breadcrumbs-content":"","ast-featured-img":"","footer-sml-layout":"","theme-transparent-header-meta":"","adv-header-id-meta":"","stick-header-meta":"","header-above-stick-meta":"","header-main-stick-meta":"","header-below-stick-meta":"","astra-migrate-meta-layouts":"default","ast-page-background-enabled":"default","ast-page-background-meta":{"desktop":{"background-color":"var(--ast-global-color-4)","background-image":"","background-repeat":"repeat","background-position":"center center","background-size":"auto","background-attachment":"scroll","background-type":"","background-media":"","overlay-type":"","overlay-color":"","overlay-opacity":"","overlay-gradient":""},"tablet":{"background-color":"","background-image":"","background-repeat":"repeat","background-position":"center center","background-size":"auto","background-attachment":"scroll","background-type":"","background-media":"","overlay-type":"","overlay-color":"","overlay-opacity":"","overlay-gradient":""},"mobile":{"background-color":"","background-image":"","background-repeat":"repeat","background-position":"center center","background-size":"auto","background-attachment":"scroll","background-type":"","background-media":"","overlay-type":"","overlay-color":"","overlay-opacity":"","overlay-gradient":""}},"ast-content-background-meta":{"desktop":{"background-color":"var(--ast-global-color-5)","background-image":"","background-repeat":"repeat","background-position":"center center","background-size":"auto","background-attachment":"scroll","background-type":"","background-media":"","overlay-type":"","overlay-color":"","overlay-opacity":"","overlay-gradient":""},"tablet":{"background-color":"var(--ast-global-color-5)","background-image":"","background-repeat":"repeat","background-position":"center center","background-size":"auto","background-attachment":"scroll","background-type":"","background-media":"","overlay-type":"","overlay-color":"","overlay-opacity":"","overlay-gradient":""},"mobile":{"background-color":"var(--ast-global-color-5)","background-image":"","background-repeat":"repeat","background-position":"center center","background-size":"auto","background-attachment":"scroll","background-type":"","background-media":"","overlay-type":"","overlay-color":"","overlay-opacity":"","overlay-gradient":""}},"footnotes":""},"categories":[8],"tags":[10320,3965,10318,3828],"class_list":["post-28277","post","type-post","status-publish","format-standard","has-post-thumbnail","hentry","category-noticias","tag-guatemala","tag-inm","tag-juana-alonzo","tag-migrantes"],"_links":{"self":[{"href":"https:\/\/losperiodistas.com.mx\/portal\/wp-json\/wp\/v2\/posts\/28277","targetHints":{"allow":["GET"]}}],"collection":[{"href":"https:\/\/losperiodistas.com.mx\/portal\/wp-json\/wp\/v2\/posts"}],"about":[{"href":"https:\/\/losperiodistas.com.mx\/portal\/wp-json\/wp\/v2\/types\/post"}],"author":[{"embeddable":true,"href":"https:\/\/losperiodistas.com.mx\/portal\/wp-json\/wp\/v2\/users\/1"}],"replies":[{"embeddable":true,"href":"https:\/\/losperiodistas.com.mx\/portal\/wp-json\/wp\/v2\/comments?post=28277"}],"version-history":[{"count":1,"href":"https:\/\/losperiodistas.com.mx\/portal\/wp-json\/wp\/v2\/posts\/28277\/revisions"}],"predecessor-version":[{"id":28279,"href":"https:\/\/losperiodistas.com.mx\/portal\/wp-json\/wp\/v2\/posts\/28277\/revisions\/28279"}],"wp:featuredmedia":[{"embeddable":true,"href":"https:\/\/losperiodistas.com.mx\/portal\/wp-json\/wp\/v2\/media\/28278"}],"wp:attachment":[{"href":"https:\/\/losperiodistas.com.mx\/portal\/wp-json\/wp\/v2\/media?parent=28277"}],"wp:term":[{"taxonomy":"category","embeddable":true,"href":"https:\/\/losperiodistas.com.mx\/portal\/wp-json\/wp\/v2\/categories?post=28277"},{"taxonomy":"post_tag","embeddable":true,"href":"https:\/\/losperiodistas.com.mx\/portal\/wp-json\/wp\/v2\/tags?post=28277"}],"curies":[{"name":"wp","href":"https:\/\/api.w.org\/{rel}","templated":true}]}}