{"id":28274,"date":"2022-05-23T05:49:48","date_gmt":"2022-05-23T10:49:48","guid":{"rendered":"http:\/\/losperiodistas.com.mx\/portal\/?p=28274"},"modified":"2022-05-23T05:49:49","modified_gmt":"2022-05-23T10:49:49","slug":"la-opera-nacional-de-ucrania-vuelve-a-abrir-al-publico-a-pesar-de-la-guerra-euronews","status":"publish","type":"post","link":"https:\/\/losperiodistas.com.mx\/portal\/la-opera-nacional-de-ucrania-vuelve-a-abrir-al-publico-a-pesar-de-la-guerra-euronews\/","title":{"rendered":"La \u00d3pera Nacional de Ucrania vuelve a abrir al p\u00fablico a pesar de la guerra\u00a0| Euronews"},"content":{"rendered":"\n<p><\/p>\n\n\n\n<figure class=\"wp-block-embed is-type-video is-provider-dailymotion wp-block-embed-dailymotion wp-embed-aspect-16-9 wp-has-aspect-ratio\"><div class=\"wp-block-embed__wrapper\">\n<iframe title=\"La \u00d3pera Nacional de Ucrania vuelve a abrir al p\u00fablico a pesar de la guerra\" frameborder=\"0\" width=\"500\" height=\"281\" src=\"https:\/\/geo.dailymotion.com\/player.html?video=x8b0y7a&#038;\" allowfullscreen allow=\"autoplay; fullscreen; picture-in-picture; web-share\"><\/iframe>\n<\/div><figcaption><em>Una noche en la \u00f3pera&#8230; a pesar de la guerra\u00a0<\/em>\u00a0\u00a0&#8211;\u00a0\u00a0\u00a0Derechos de autor\u00a0\u00a0<a href=\"https:\/\/es.euronews.com\/cultura\/2022\/05\/22\/la-opera-nacional-de-ucrania-vuelve-a-abrir-al-publico-a-pesar-de-la-guerra#\">Alessandra Tarantino\/Copyright 2022 The Associated Press. All rights reserved.<\/a><\/figcaption><\/figure>\n\n\n\n<p><\/p>\n\n\n\n<p class=\"has-vivid-cyan-blue-color has-text-color has-medium-font-size\">EURONEWS \/ NHK<\/p>\n\n\n\n<p>La \u00d3pera Nacional de Ucrania reabre sus puertas en Kiev por primera vez desde que empez\u00f3 la invasi\u00f3n rusa hace tres meses. Esta temporada muy complicada por la guerra abre con \u00abEl barbero de Sevilla\u00bb, de Rossini, y le seguir\u00e1 Rigoletto de Verdi. Con capacidad para 1.000 personas, el aforo se ha reducido a 300 para poder evacuarlas a un refugio subterr\u00e1neo, si sonaran las sirenas en plena representaci\u00f3n. Entre el p\u00fablico, soldados de uniforme y hasta un m\u00e9dico de un hospital militar&#8230;&nbsp;<\/p>\n\n\n\n<p>\u00abMe dedico a curar soldados heridos. Espero que llegue la paz y que todo el mundo pueda venir a espect\u00e1culos como \u00e9ste sin miedo\u00bb, dec\u00eda en el entreacto de la \u00f3pera donde muchos han acudido a escuchar m\u00fasica para, durante al menos dos horas, olvidarse la guerra.<\/p>\n\n\n\n<p>Fuente: https:\/\/es.euronews.com\/cultura\/2022\/05\/22\/la-opera-nacional-de-ucrania-vuelve-a-abrir-al-publico-a-pesar-de-la-guerra<\/p>\n","protected":false},"excerpt":{"rendered":"<p>EURONEWS \/ NHK La \u00d3pera Nacional de Ucrania reabre sus puertas en Kiev por primera vez desde que empez\u00f3 la [&hellip;]<\/p>\n","protected":false},"author":1,"featured_media":28275,"comment_status":"open","ping_status":"open","sticky":false,"template":"","format":"standard","meta":{"site-sidebar-layout":"default","site-content-layout":"","ast-site-content-layout":"default","site-content-style":"default","site-sidebar-style":"default","ast-global-header-display":"","ast-banner-title-visibility":"","ast-main-header-display":"","ast-hfb-above-header-display":"","ast-hfb-below-header-display":"","ast-hfb-mobile-header-display":"","site-post-title":"","ast-breadcrumbs-content":"","ast-featured-img":"","footer-sml-layout":"","theme-transparent-header-meta":"","adv-header-id-meta":"","stick-header-meta":"","header-above-stick-meta":"","header-main-stick-meta":"","header-below-stick-meta":"","astra-migrate-meta-layouts":"default","ast-page-background-enabled":"default","ast-page-background-meta":{"desktop":{"background-color":"var(--ast-global-color-4)","background-image":"","background-repeat":"repeat","background-position":"center center","background-size":"auto","background-attachment":"scroll","background-type":"","background-media":"","overlay-type":"","overlay-color":"","overlay-opacity":"","overlay-gradient":""},"tablet":{"background-color":"","background-image":"","background-repeat":"repeat","background-position":"center center","background-size":"auto","background-attachment":"scroll","background-type":"","background-media":"","overlay-type":"","overlay-color":"","overlay-opacity":"","overlay-gradient":""},"mobile":{"background-color":"","background-image":"","background-repeat":"repeat","background-position":"center center","background-size":"auto","background-attachment":"scroll","background-type":"","background-media":"","overlay-type":"","overlay-color":"","overlay-opacity":"","overlay-gradient":""}},"ast-content-background-meta":{"desktop":{"background-color":"var(--ast-global-color-5)","background-image":"","background-repeat":"repeat","background-position":"center center","background-size":"auto","background-attachment":"scroll","background-type":"","background-media":"","overlay-type":"","overlay-color":"","overlay-opacity":"","overlay-gradient":""},"tablet":{"background-color":"var(--ast-global-color-5)","background-image":"","background-repeat":"repeat","background-position":"center center","background-size":"auto","background-attachment":"scroll","background-type":"","background-media":"","overlay-type":"","overlay-color":"","overlay-opacity":"","overlay-gradient":""},"mobile":{"background-color":"var(--ast-global-color-5)","background-image":"","background-repeat":"repeat","background-position":"center center","background-size":"auto","background-attachment":"scroll","background-type":"","background-media":"","overlay-type":"","overlay-color":"","overlay-opacity":"","overlay-gradient":""}},"footnotes":""},"categories":[8],"tags":[10317,10316],"class_list":["post-28274","post","type-post","status-publish","format-standard","has-post-thumbnail","hentry","category-noticias","tag-el-barbero-de-sevilla","tag-opera-ucrania"],"_links":{"self":[{"href":"https:\/\/losperiodistas.com.mx\/portal\/wp-json\/wp\/v2\/posts\/28274","targetHints":{"allow":["GET"]}}],"collection":[{"href":"https:\/\/losperiodistas.com.mx\/portal\/wp-json\/wp\/v2\/posts"}],"about":[{"href":"https:\/\/losperiodistas.com.mx\/portal\/wp-json\/wp\/v2\/types\/post"}],"author":[{"embeddable":true,"href":"https:\/\/losperiodistas.com.mx\/portal\/wp-json\/wp\/v2\/users\/1"}],"replies":[{"embeddable":true,"href":"https:\/\/losperiodistas.com.mx\/portal\/wp-json\/wp\/v2\/comments?post=28274"}],"version-history":[{"count":1,"href":"https:\/\/losperiodistas.com.mx\/portal\/wp-json\/wp\/v2\/posts\/28274\/revisions"}],"predecessor-version":[{"id":28276,"href":"https:\/\/losperiodistas.com.mx\/portal\/wp-json\/wp\/v2\/posts\/28274\/revisions\/28276"}],"wp:featuredmedia":[{"embeddable":true,"href":"https:\/\/losperiodistas.com.mx\/portal\/wp-json\/wp\/v2\/media\/28275"}],"wp:attachment":[{"href":"https:\/\/losperiodistas.com.mx\/portal\/wp-json\/wp\/v2\/media?parent=28274"}],"wp:term":[{"taxonomy":"category","embeddable":true,"href":"https:\/\/losperiodistas.com.mx\/portal\/wp-json\/wp\/v2\/categories?post=28274"},{"taxonomy":"post_tag","embeddable":true,"href":"https:\/\/losperiodistas.com.mx\/portal\/wp-json\/wp\/v2\/tags?post=28274"}],"curies":[{"name":"wp","href":"https:\/\/api.w.org\/{rel}","templated":true}]}}