{"id":28006,"date":"2022-05-19T08:09:32","date_gmt":"2022-05-19T13:09:32","guid":{"rendered":"http:\/\/losperiodistas.com.mx\/portal\/?p=28006"},"modified":"2022-05-19T08:09:33","modified_gmt":"2022-05-19T13:09:33","slug":"morena-desgracia-para-mexico-pri","status":"publish","type":"post","link":"https:\/\/losperiodistas.com.mx\/portal\/morena-desgracia-para-mexico-pri\/","title":{"rendered":"Morena, desgracia para M\u00e9xico: PRI"},"content":{"rendered":"\n<p class=\"has-medium-font-size\">*An\u00e1lisis del Movimiento Antorchista de las \u201ccorcholatas\u201d presidenciales<\/p>\n\n\n\n<p><\/p>\n\n\n\n<figure class=\"wp-block-image size-full\"><img fetchpriority=\"high\" decoding=\"async\" width=\"980\" height=\"653\" src=\"https:\/\/losperiodistas.com.mx\/portal\/wp-content\/uploads\/2022\/05\/MORENA-DESGRACIA-PARA-EL-PAI\u0301S.jpeg\" alt=\"\" class=\"wp-image-28007\" srcset=\"https:\/\/losperiodistas.com.mx\/portal\/wp-content\/uploads\/2022\/05\/MORENA-DESGRACIA-PARA-EL-PAI\u0301S.jpeg 980w, https:\/\/losperiodistas.com.mx\/portal\/wp-content\/uploads\/2022\/05\/MORENA-DESGRACIA-PARA-EL-PAI\u0301S-300x200.jpeg 300w, https:\/\/losperiodistas.com.mx\/portal\/wp-content\/uploads\/2022\/05\/MORENA-DESGRACIA-PARA-EL-PAI\u0301S-768x512.jpeg 768w\" sizes=\"(max-width: 980px) 100vw, 980px\" \/><\/figure>\n\n\n\n<p class=\"has-vivid-cyan-blue-color has-text-color\" style=\"font-size:26px\"><strong><em>Por Ra\u00fal Torres Salmer\u00f3n<\/em><\/strong><\/p>\n\n\n\n<p>El Presidente del Comit\u00e9 Directivo Estatal (CDE) del PRI en Puebla, el Diputado Local N\u00e9stor Camarillo Medina, en entrevista, calific\u00f3 al partido MORENA como una desgracia para M\u00e9xico.<\/p>\n\n\n\n<p>El dirigente tricolor enlist\u00f3 las causas de esa desgracia de la 4T:<\/p>\n\n\n\n<p>-Fallas constantes en el sistema de salud y en la estrategia de seguridad del Gobierno.<\/p>\n\n\n\n<p>-Falta de control a la violencia contra las mujeres, con el consiguiente aumento de feminicidios.<\/p>\n\n\n\n<p>-Cerraz\u00f3n, impunidad y falta de empat\u00eda del Gobierno Federal respecto a la violencia contra las mujeres. En esta administraci\u00f3n suman m\u00e1s 24 mil desaparecidas.<\/p>\n\n\n\n<p>-El a\u00f1o 2021 fue el m\u00e1s violento para las mexicanas. De acuerdo a datos del Secretariado Ejecutivo del Sistema Nacional de Seguridad P\u00fablica (SESNSP), se registraron m\u00e1s de 3 mil asesinatos. El 96 por ciento de los feminicidios queden impunes.<\/p>\n\n\n\n<p>-La pol\u00edtica de abrazos, no balazos y la implementaci\u00f3n de la Guardia Nacional no han funcionado, ya que suman 120 mil homicidios dolosos y 4 mil 500 secuestros.<\/p>\n\n\n\n<p>-M\u00e9xico se volvi\u00f3 el cuarto pa\u00eds m\u00e1s peligroso en el mundo, adem\u00e1s de que han asesinado a 36 periodistas en el sexenio.<\/p>\n\n\n\n<p>-El Gobierno no cumple con sus promesas. En 2018 dijo que bajar\u00edan el precio de la gasolina, pero en marzo de 2021, se batieron r\u00e9cords hist\u00f3ricos cuando la Premium se vendi\u00f3 hasta en 25.50 pesos y la Regular en 22.3 pesos.<\/p>\n\n\n\n<p>-El colapso de la L\u00ednea 12 del Metro en la Ciudad de M\u00e9xico y los p\u00e9simos megaproyectos del Ejecutivo Federal, ya que el Aeropuerto Internacional Felipe \u00c1ngeles fue un fracaso, el cual buscan rescatar a base de decretos. El Tren Maya tiene sobreprecios, casos de corrupci\u00f3n y un impacto ambiental ocasionado por la tala de miles de \u00e1rboles.<\/p>\n\n\n\n<p>Por todo lo anterior, Camarillo Medina concluy\u00f3 que MORENA es una desgracia y lo peor que le pudo pasar al pueblo de M\u00e9xico, por lo que hizo un llamado a la poblaci\u00f3n a reconsiderar su&nbsp; apoyo y eventual voto.<\/p>\n\n\n\n<p>AN\u00c1LISIS DE \u2018CORCHOLATAS\u2019<\/p>\n\n\n\n<p>Juan Manuel Celis Aguirre, l\u00edder del Movimiento Antorchista en el Estado de Puebla, hizo un an\u00e1lisis de las principales figuras de MORENA que disputar\u00e1n la candidatura presidencial en 2024 a las que el propio Presidente de la Rep\u00fablica ha llamado las \u2018corcholatas\u2019 ya que no hay ahora \u2018tapados\u2019 y Andr\u00e9s Manuel L\u00f3pez Obrador ya los destap\u00f3.<\/p>\n\n\n\n<p>Se han mencionado principalmente a tres personajes: Claudia Sheinbaum, Jefa de Gobierno de la Ciudad de M\u00e9xico; Ad\u00e1n Augusto L\u00f3pez, Secretario de Gobernaci\u00f3n y Marcelo Ebrard, Secretario de Relaciones Exteriores.<\/p>\n\n\n\n<p>Celis Aguirre se\u00f1al\u00f3 que los tres le deben su vida pol\u00edtica al Presidente, pues Claudia Sheinbaum fue parte de su Gabinete en el a\u00f1o 2000, despu\u00e9s la hizo Jefa Delegacional de Tlalpan y finalmente la convirti\u00f3 en la Jefa de Gobierno de la Capital del Pa\u00eds, en donde no le ha ido muy bien.<\/p>\n\n\n\n<p>Sheinbaum fue esposa de Carlos Imaz, un pol\u00edtico cercano a AMLO evidenciado en los famosos videos publicados en marzo de 2003 en los que se ve que el empresario Carlos Ahumada le dio 35 mil d\u00f3lares para hacer fraudes electorales en favor de L\u00f3pez Obrador. Su hija fue beneficiada en 2019 y 2020 con un mill\u00f3n 12 mil pesos por concepto de Subsidios para Capacitaci\u00f3n en Becas.<\/p>\n\n\n\n<p>Sobre Marcelo Ebrard, explic\u00f3 que fue pri\u00edsta, pero AMLO lo convirti\u00f3 en su Secretario de Seguridad y de Desarrollo Social entre el 2000 y 2006, despu\u00e9s, lo hizo su sucesor. Ebrard se convirti\u00f3 en Jefe de Gobierno de la Ciudad de M\u00e9xico y fue el constructor de la famosa l\u00ednea 12 del Metro, que colaps\u00f3 y desde hace 22 a\u00f1os, es un fiel seguidor del Presidente.<\/p>\n\n\n\n<p>Por su parte, Ad\u00e1n Augusto L\u00f3pez, es un tabasque\u00f1o lopezobradorista y quien tambi\u00e9n fue pri\u00edsta de hueso colorado, es parte de la porra oficial del Presidente y se le vio muy activo en las votaciones de Revocaci\u00f3n de Mandato, en donde viol\u00f3 repetidamente la ley.<\/p>\n\n\n\n<p>Celis Aguirre pronostic\u00f3 que los tres se pelear\u00e1n entre s\u00ed para agradar a su jefe, tienen dos a\u00f1os para que cada uno convenza al Presidente de que cada uno ser\u00e1 un esbirro fiel. Comenzar\u00e1n a ser los nuevos acaparadores de las noticias y el Pa\u00eds dejar\u00e1 de pensar en el p\u00e9simo Gobierno de la 4T, que tiene sumido a M\u00e9xico en la pobreza, el desempleo, la inseguridad, la violencia, los asesinatos, el crimen organizado, las crisis sanitaria y social, la falta de obras y un largo etc\u00e9tera.<\/p>\n\n\n\n<p>Finalmente precis\u00f3 que MORENA se ha caracterizado por ser un partido lleno de rateros, corruptos y pol\u00edticos flojos, que han logrado que los gobiernos extranjeros se burlen de la naci\u00f3n mexicana.<\/p>\n\n\n\n<p>En fin, como dicen las coplas chilenas:<\/p>\n\n\n\n<p>Como campanas de palo<\/p>\n\n\n\n<p>son los lamentos del pobre:<\/p>\n\n\n\n<p>repican en todas partes<\/p>\n\n\n\n<p>pero ninguno las oye.<\/p>\n\n\n\n<p>raultorress@hotmail.com<\/p>\n","protected":false},"excerpt":{"rendered":"<p>*An\u00e1lisis del Movimiento Antorchista de las \u201ccorcholatas\u201d presidenciales Por Ra\u00fal Torres Salmer\u00f3n El Presidente del Comit\u00e9 Directivo Estatal (CDE) del [&hellip;]<\/p>\n","protected":false},"author":1,"featured_media":28007,"comment_status":"open","ping_status":"open","sticky":false,"template":"","format":"standard","meta":{"site-sidebar-layout":"default","site-content-layout":"","ast-site-content-layout":"default","site-content-style":"default","site-sidebar-style":"default","ast-global-header-display":"","ast-banner-title-visibility":"","ast-main-header-display":"","ast-hfb-above-header-display":"","ast-hfb-below-header-display":"","ast-hfb-mobile-header-display":"","site-post-title":"","ast-breadcrumbs-content":"","ast-featured-img":"","footer-sml-layout":"","theme-transparent-header-meta":"","adv-header-id-meta":"","stick-header-meta":"","header-above-stick-meta":"","header-main-stick-meta":"","header-below-stick-meta":"","astra-migrate-meta-layouts":"default","ast-page-background-enabled":"default","ast-page-background-meta":{"desktop":{"background-color":"var(--ast-global-color-4)","background-image":"","background-repeat":"repeat","background-position":"center center","background-size":"auto","background-attachment":"scroll","background-type":"","background-media":"","overlay-type":"","overlay-color":"","overlay-opacity":"","overlay-gradient":""},"tablet":{"background-color":"","background-image":"","background-repeat":"repeat","background-position":"center center","background-size":"auto","background-attachment":"scroll","background-type":"","background-media":"","overlay-type":"","overlay-color":"","overlay-opacity":"","overlay-gradient":""},"mobile":{"background-color":"","background-image":"","background-repeat":"repeat","background-position":"center center","background-size":"auto","background-attachment":"scroll","background-type":"","background-media":"","overlay-type":"","overlay-color":"","overlay-opacity":"","overlay-gradient":""}},"ast-content-background-meta":{"desktop":{"background-color":"var(--ast-global-color-5)","background-image":"","background-repeat":"repeat","background-position":"center center","background-size":"auto","background-attachment":"scroll","background-type":"","background-media":"","overlay-type":"","overlay-color":"","overlay-opacity":"","overlay-gradient":""},"tablet":{"background-color":"var(--ast-global-color-5)","background-image":"","background-repeat":"repeat","background-position":"center center","background-size":"auto","background-attachment":"scroll","background-type":"","background-media":"","overlay-type":"","overlay-color":"","overlay-opacity":"","overlay-gradient":""},"mobile":{"background-color":"var(--ast-global-color-5)","background-image":"","background-repeat":"repeat","background-position":"center center","background-size":"auto","background-attachment":"scroll","background-type":"","background-media":"","overlay-type":"","overlay-color":"","overlay-opacity":"","overlay-gradient":""}},"footnotes":""},"categories":[8,19],"tags":[8485,247,8548],"class_list":["post-28006","post","type-post","status-publish","format-standard","has-post-thumbnail","hentry","category-noticias","category-sin-limites-2","tag-antorcha-campesina","tag-morena","tag-nestor-camarillo"],"_links":{"self":[{"href":"https:\/\/losperiodistas.com.mx\/portal\/wp-json\/wp\/v2\/posts\/28006","targetHints":{"allow":["GET"]}}],"collection":[{"href":"https:\/\/losperiodistas.com.mx\/portal\/wp-json\/wp\/v2\/posts"}],"about":[{"href":"https:\/\/losperiodistas.com.mx\/portal\/wp-json\/wp\/v2\/types\/post"}],"author":[{"embeddable":true,"href":"https:\/\/losperiodistas.com.mx\/portal\/wp-json\/wp\/v2\/users\/1"}],"replies":[{"embeddable":true,"href":"https:\/\/losperiodistas.com.mx\/portal\/wp-json\/wp\/v2\/comments?post=28006"}],"version-history":[{"count":1,"href":"https:\/\/losperiodistas.com.mx\/portal\/wp-json\/wp\/v2\/posts\/28006\/revisions"}],"predecessor-version":[{"id":28008,"href":"https:\/\/losperiodistas.com.mx\/portal\/wp-json\/wp\/v2\/posts\/28006\/revisions\/28008"}],"wp:featuredmedia":[{"embeddable":true,"href":"https:\/\/losperiodistas.com.mx\/portal\/wp-json\/wp\/v2\/media\/28007"}],"wp:attachment":[{"href":"https:\/\/losperiodistas.com.mx\/portal\/wp-json\/wp\/v2\/media?parent=28006"}],"wp:term":[{"taxonomy":"category","embeddable":true,"href":"https:\/\/losperiodistas.com.mx\/portal\/wp-json\/wp\/v2\/categories?post=28006"},{"taxonomy":"post_tag","embeddable":true,"href":"https:\/\/losperiodistas.com.mx\/portal\/wp-json\/wp\/v2\/tags?post=28006"}],"curies":[{"name":"wp","href":"https:\/\/api.w.org\/{rel}","templated":true}]}}