{"id":27994,"date":"2022-05-19T07:24:02","date_gmt":"2022-05-19T12:24:02","guid":{"rendered":"http:\/\/losperiodistas.com.mx\/portal\/?p=27994"},"modified":"2022-05-19T07:24:03","modified_gmt":"2022-05-19T12:24:03","slug":"en-el-primer-cuatrimestre-de-2022-la-fge-ha-registrado-483-personas-desaparecidas-en-puebla-ljo","status":"publish","type":"post","link":"https:\/\/losperiodistas.com.mx\/portal\/en-el-primer-cuatrimestre-de-2022-la-fge-ha-registrado-483-personas-desaparecidas-en-puebla-ljo\/","title":{"rendered":"En el primer cuatrimestre de 2022 la FGE ha registrado 483 personas desaparecidas en Puebla\u00a0| LJO"},"content":{"rendered":"\n<figure class=\"wp-block-image size-large\"><img fetchpriority=\"high\" decoding=\"async\" width=\"1024\" height=\"766\" src=\"https:\/\/losperiodistas.com.mx\/portal\/wp-content\/uploads\/2022\/05\/Captura-de-Pantalla-2022-05-19-a-las-7.21.17-1024x766.jpg\" alt=\"\" class=\"wp-image-27995\" srcset=\"https:\/\/losperiodistas.com.mx\/portal\/wp-content\/uploads\/2022\/05\/Captura-de-Pantalla-2022-05-19-a-las-7.21.17-1024x766.jpg 1024w, https:\/\/losperiodistas.com.mx\/portal\/wp-content\/uploads\/2022\/05\/Captura-de-Pantalla-2022-05-19-a-las-7.21.17-300x224.jpg 300w, https:\/\/losperiodistas.com.mx\/portal\/wp-content\/uploads\/2022\/05\/Captura-de-Pantalla-2022-05-19-a-las-7.21.17-768x574.jpg 768w, https:\/\/losperiodistas.com.mx\/portal\/wp-content\/uploads\/2022\/05\/Captura-de-Pantalla-2022-05-19-a-las-7.21.17-1536x1148.jpg 1536w, https:\/\/losperiodistas.com.mx\/portal\/wp-content\/uploads\/2022\/05\/Captura-de-Pantalla-2022-05-19-a-las-7.21.17.jpg 1736w\" sizes=\"(max-width: 1024px) 100vw, 1024px\" \/><\/figure>\n\n\n\n<p><\/p>\n\n\n\n<p class=\"has-vivid-cyan-blue-color has-text-color has-medium-font-size\">MART\u00cdN HERN\u00c1NDEZ ALC\u00c1NTARA \/ LA JORNADA DE ORIENTE<\/p>\n\n\n\n<p>En el primer cuatrimestre del a\u00f1o la Fiscal\u00eda General del Estado (FGE) abri\u00f3 carpetas de investigaci\u00f3n por la desaparici\u00f3n de 483 personas, seg\u00fan el reporte de Incidencia Delictiva del Fuero Com\u00fan de enero a abril de 2022, que se ha conocido esta semana.<\/p>\n\n\n\n<p>Cabe recordar que de 2019 a 2021 la Comisi\u00f3n de B\u00fasqueda de Personas del estado de Puebla registr\u00f3 841 reportes de ausencias, de las cuales 41 por ciento, es decir 344, no hab\u00edan sido localizadas hasta el 18 de enero pasado.<\/p>\n\n\n\n<p>Considerando ambas cifras \u2013la de la FGE y la de la comisi\u00f3n\u2013 tan solo en el primer cuatrimestre del presente de 2022 se han reportado como personas desaparecidas ante las autoridades estatales, el equivalente a 71 por ciento de las registradas en esa condici\u00f3n entre 2019 y 2021.<\/p>\n\n\n\n<p>En el reporte de Incidencia Delictiva del Fuero Com\u00fan de enero a abril de 2022 se consigna que hubo 118 denuncias por desaparici\u00f3n ante la FGE el primer mes del a\u00f1o, 115 en febrero, 114 en marzo y 136 el mes pasado.<\/p>\n\n\n\n<p>Desde el 18 de enero pasado no se ha actualizado el registro de datos sobre el n\u00famero de personas desaparecidas y no localizadas que tiene la Comisi\u00f3n de B\u00fasqueda de Personas del estado de Puebla. De hecho, en su sitio oficial solo hay boletines de b\u00fasqueda y lineamientos generales, am\u00e9n de un bolet\u00edn de prensa que data del 22 de junio del a\u00f1o pasado, cuando el organismo dio a conocer que en sus dos a\u00f1os de existencia hab\u00eda encontrado a 44 7 individuos.<\/p>\n\n\n\n<p>La informaci\u00f3n m\u00e1s reciente de la cifra global la brind\u00f3 la titular de la Secretar\u00eda de Gobernaci\u00f3n estatal, Ana Luc\u00eda Hill Mayoral, al hacer la glosa del tercer informe del gobernador Luis Miguel Barbosa Huerta ante el Congreso local.<\/p>\n\n\n\n<p>En esa ocasi\u00f3n, la responsable de la pol\u00edtica interior en la entidad inform\u00f3 que de 2019 hasta los primeros d\u00edas de este a\u00f1o se report\u00f3 la desaparici\u00f3n de 842 personas en Puebla, de las cuales el 41 por ciento a\u00fan no era localizada, lo que se traduce en que en cuatro de cada 10 denuncias las acciones de b\u00fasqueda no han fructificado.<\/p>\n\n\n\n<p>Fuente: https:\/\/www.lajornadadeoriente.com.mx\/puebla\/en-el-primer-cuatrimestre-de-2022-la-fge-ha-registrado-483-personas-desaparecidas-en-puebla\/<\/p>\n","protected":false},"excerpt":{"rendered":"<p>MART\u00cdN HERN\u00c1NDEZ ALC\u00c1NTARA \/ LA JORNADA DE ORIENTE En el primer cuatrimestre del a\u00f1o la Fiscal\u00eda General del Estado (FGE) [&hellip;]<\/p>\n","protected":false},"author":1,"featured_media":27995,"comment_status":"open","ping_status":"open","sticky":false,"template":"","format":"standard","meta":{"site-sidebar-layout":"default","site-content-layout":"","ast-site-content-layout":"default","site-content-style":"default","site-sidebar-style":"default","ast-global-header-display":"","ast-banner-title-visibility":"","ast-main-header-display":"","ast-hfb-above-header-display":"","ast-hfb-below-header-display":"","ast-hfb-mobile-header-display":"","site-post-title":"","ast-breadcrumbs-content":"","ast-featured-img":"","footer-sml-layout":"","theme-transparent-header-meta":"","adv-header-id-meta":"","stick-header-meta":"","header-above-stick-meta":"","header-main-stick-meta":"","header-below-stick-meta":"","astra-migrate-meta-layouts":"default","ast-page-background-enabled":"default","ast-page-background-meta":{"desktop":{"background-color":"var(--ast-global-color-4)","background-image":"","background-repeat":"repeat","background-position":"center center","background-size":"auto","background-attachment":"scroll","background-type":"","background-media":"","overlay-type":"","overlay-color":"","overlay-opacity":"","overlay-gradient":""},"tablet":{"background-color":"","background-image":"","background-repeat":"repeat","background-position":"center center","background-size":"auto","background-attachment":"scroll","background-type":"","background-media":"","overlay-type":"","overlay-color":"","overlay-opacity":"","overlay-gradient":""},"mobile":{"background-color":"","background-image":"","background-repeat":"repeat","background-position":"center center","background-size":"auto","background-attachment":"scroll","background-type":"","background-media":"","overlay-type":"","overlay-color":"","overlay-opacity":"","overlay-gradient":""}},"ast-content-background-meta":{"desktop":{"background-color":"var(--ast-global-color-5)","background-image":"","background-repeat":"repeat","background-position":"center center","background-size":"auto","background-attachment":"scroll","background-type":"","background-media":"","overlay-type":"","overlay-color":"","overlay-opacity":"","overlay-gradient":""},"tablet":{"background-color":"var(--ast-global-color-5)","background-image":"","background-repeat":"repeat","background-position":"center center","background-size":"auto","background-attachment":"scroll","background-type":"","background-media":"","overlay-type":"","overlay-color":"","overlay-opacity":"","overlay-gradient":""},"mobile":{"background-color":"var(--ast-global-color-5)","background-image":"","background-repeat":"repeat","background-position":"center center","background-size":"auto","background-attachment":"scroll","background-type":"","background-media":"","overlay-type":"","overlay-color":"","overlay-opacity":"","overlay-gradient":""}},"footnotes":""},"categories":[8],"tags":[7731,4650,9863],"class_list":["post-27994","post","type-post","status-publish","format-standard","has-post-thumbnail","hentry","category-noticias","tag-fge","tag-personas-desaparecidas","tag-puebla-desaparecidos"],"_links":{"self":[{"href":"https:\/\/losperiodistas.com.mx\/portal\/wp-json\/wp\/v2\/posts\/27994","targetHints":{"allow":["GET"]}}],"collection":[{"href":"https:\/\/losperiodistas.com.mx\/portal\/wp-json\/wp\/v2\/posts"}],"about":[{"href":"https:\/\/losperiodistas.com.mx\/portal\/wp-json\/wp\/v2\/types\/post"}],"author":[{"embeddable":true,"href":"https:\/\/losperiodistas.com.mx\/portal\/wp-json\/wp\/v2\/users\/1"}],"replies":[{"embeddable":true,"href":"https:\/\/losperiodistas.com.mx\/portal\/wp-json\/wp\/v2\/comments?post=27994"}],"version-history":[{"count":1,"href":"https:\/\/losperiodistas.com.mx\/portal\/wp-json\/wp\/v2\/posts\/27994\/revisions"}],"predecessor-version":[{"id":27996,"href":"https:\/\/losperiodistas.com.mx\/portal\/wp-json\/wp\/v2\/posts\/27994\/revisions\/27996"}],"wp:featuredmedia":[{"embeddable":true,"href":"https:\/\/losperiodistas.com.mx\/portal\/wp-json\/wp\/v2\/media\/27995"}],"wp:attachment":[{"href":"https:\/\/losperiodistas.com.mx\/portal\/wp-json\/wp\/v2\/media?parent=27994"}],"wp:term":[{"taxonomy":"category","embeddable":true,"href":"https:\/\/losperiodistas.com.mx\/portal\/wp-json\/wp\/v2\/categories?post=27994"},{"taxonomy":"post_tag","embeddable":true,"href":"https:\/\/losperiodistas.com.mx\/portal\/wp-json\/wp\/v2\/tags?post=27994"}],"curies":[{"name":"wp","href":"https:\/\/api.w.org\/{rel}","templated":true}]}}