{"id":27991,"date":"2022-05-19T07:18:22","date_gmt":"2022-05-19T12:18:22","guid":{"rendered":"http:\/\/losperiodistas.com.mx\/portal\/?p=27991"},"modified":"2022-05-19T07:18:23","modified_gmt":"2022-05-19T12:18:23","slug":"va-por-mexico-aun-no-tiene-a-un-presidenciable-gustavo-de-hoyos-el-economista","status":"publish","type":"post","link":"https:\/\/losperiodistas.com.mx\/portal\/va-por-mexico-aun-no-tiene-a-un-presidenciable-gustavo-de-hoyos-el-economista\/","title":{"rendered":"Va por M\u00e9xico a\u00fan no tiene a un presidenciable: Gustavo de Hoyos | El Economista"},"content":{"rendered":"\n<p><em>El expresidente de la Coparmex afirma que el sector empresarial rechaza gesti\u00f3n del presidente L\u00f3pez Obrador.\u00a0Hace unos d\u00edas S\u00ed por M\u00e9xico present\u00f3 algunos de los objetivos que se trazaron con miras a las elecciones presidenciales del 2024, con una candidatura opositora \u00fanica.<\/em><\/p>\n\n\n\n<figure class=\"wp-block-image size-large\"><img fetchpriority=\"high\" decoding=\"async\" width=\"1024\" height=\"683\" src=\"https:\/\/losperiodistas.com.mx\/portal\/wp-content\/uploads\/2022\/05\/gustavo_de_hoyos_jpg.jpg_2118499843-1024x683.jpg\" alt=\"\" class=\"wp-image-27992\" srcset=\"https:\/\/losperiodistas.com.mx\/portal\/wp-content\/uploads\/2022\/05\/gustavo_de_hoyos_jpg.jpg_2118499843-1024x683.jpg 1024w, https:\/\/losperiodistas.com.mx\/portal\/wp-content\/uploads\/2022\/05\/gustavo_de_hoyos_jpg.jpg_2118499843-300x200.jpg 300w, https:\/\/losperiodistas.com.mx\/portal\/wp-content\/uploads\/2022\/05\/gustavo_de_hoyos_jpg.jpg_2118499843-768x512.jpg 768w, https:\/\/losperiodistas.com.mx\/portal\/wp-content\/uploads\/2022\/05\/gustavo_de_hoyos_jpg.jpg_2118499843.jpg 1120w\" sizes=\"(max-width: 1024px) 100vw, 1024px\" \/><figcaption>En entrevista el l\u00edder empresarial afirm\u00f3 que buscar\u00e1n sumar a Va por M\u00e9xico a Movimiento Ciudadano hacia 2024. Foto EE: Archivo<\/figcaption><\/figure>\n\n\n\n<p><\/p>\n\n\n\n<p class=\"has-vivid-cyan-blue-color has-text-color has-medium-font-size\">IV\u00c1N RODR\u00cdGUEZ \/ EL ECONOMISTA<\/p>\n\n\n\n<p>Hace unos d\u00edas S\u00ed por M\u00e9xico present\u00f3 algunos de los objetivos que se trazaron con miras a las elecciones presidenciales del 2024, en \u00e9stos estipularon el de promover una candidatura opositora \u00fanica, sin embargo, Gustavo de Hoyos, cofundador de la organizaci\u00f3n civil menciona que Va por M\u00e9xico (alianza entre PAN, PRI y PRD) no cuenta a\u00fan con un \u201ccaudillo\u201d que simpatice con el electorado.<\/p>\n\n\n\n<p>El empresario, que estuvo al frente de la Confederaci\u00f3n Patronal de la Rep\u00fablica Mexicana, sostiene que pese que la alianza opositora es objeto de cr\u00edticas se mantiene firme. Por otro lado, asegura que el sector empresarial, en su generalidad, no considera exitosa ni respalda la gesti\u00f3n del presidente Andr\u00e9s Manuel L\u00f3pez Obrador.<\/p>\n\n\n\n<h2 class=\"wp-block-heading\">\u00bfC\u00f3mo ve a Va por M\u00e9xico rumbo al 2024?<\/h2>\n\n\n\n<p>El primer dato que dejar\u00eda es que la coalici\u00f3n fue muy exitosa en 2021, segundo dato que valdr\u00eda destacar es que se ha mantenido unida como una coalici\u00f3n legislativa, pol\u00edtica y jur\u00eddica (\u2026) es decir tenemos una coalici\u00f3n vibrante y exitosa. En esta elecci\u00f3n de 2022 en la que hay seis gobiernos estatales, en cuatro hay una coalici\u00f3n plena y en dos parcial, de tal manera que se ha venido manteniendo, con esos antecedentes podemos pronosticar que s\u00ed habr\u00e1 una coalici\u00f3n opositora en 2024.<\/p>\n\n\n\n<p>Desde luego que hay quienes critican este tipo de coaliciones, sin embargo, yo sostengo que en las democracias modernas el reto es encontrar c\u00f3mo concebir la diversidad. Cuando revisamos los gobiernos exitosos del mundo podemos encontrar que se conform\u00f3 por lo que podemos llamar ant\u00edpodas (\u2026) las coaliciones electorales han sido la constante en M\u00e9xico pr\u00e1cticamente desde 1988 con Cuauht\u00e9moc C\u00e1rdenas.<\/p>\n\n\n\n<h3 class=\"wp-block-heading\">\u00bfPor qu\u00e9 se confiar\u00eda en Va por M\u00e9xico, tomando en cuenta que cuando fueron gobierno (PRI y PAN) no entregaron buenas cuentas?<\/h3>\n\n\n\n<p>En M\u00e9xico la alternancia es la constante, si algo tiene los mexicanos es la capacidad de variar sus decisiones y orientaci\u00f3n pol\u00edtica (\u2026) yo no tengo ninguna duda que as\u00ed como 30 millones de ciudadanos le dieron oportunidad al presidente L\u00f3pez Obrador y su movimiento ahora que les ha fallado seguramente le van a retirar su apoyo.<\/p>\n\n\n\n<h3 class=\"wp-block-heading\">\u00bfQui\u00e9nes son las cartas fuertes, cu\u00e1l es el perfil id\u00f3neo?<\/h3>\n\n\n\n<p>Lo respondo con toda claridad, mientras que en el oficialismo hay un gran destapador y ya ha dicho qui\u00e9nes son sus corcholatas, en la oposici\u00f3n al no haber un caudillo, un l\u00edder carism\u00e1tico y omnipresente estamos construyendo paso a paso, pero con firmeza, primero en la coalici\u00f3n, en segundo lugar estamos trabajando en el proyecto de pa\u00eds (\u2026) me parece que llegar\u00e1 el momento, que no es hoy en d\u00eda, para que puedan ponerse varias propuestas de los partidos y la sociedad civil para que la oposici\u00f3n, eventualmente, pueda elegir mediante un m\u00e9todo en el que se d\u00e9 la debida legitimidad a la candidatura.<\/p>\n\n\n\n<h3 class=\"wp-block-heading\">\u00bfQu\u00e9 tan dif\u00edcil ser\u00e1 convencer a Movimiento Ciudadano?<\/h3>\n\n\n\n<p>Nosotros tenemos una gran relaci\u00f3n, un di\u00e1logo continuo con sus dirigentes hist\u00f3ricos y en el gobierno. MC acompa\u00f1\u00f3 las pl\u00e1ticas para la conformaci\u00f3n de la coalici\u00f3n que compiti\u00f3 en 2021, finalmente decidi\u00f3 no participar. Nos parece que tienen mucho que aportar y desde luego que vamos a hacer todo lo que est\u00e9 a nuestro alcance para que pueda formar parte. No lo garantizar\u00eda, no es indispensable, pero desde luego que es lo m\u00e1s deseable.<\/p>\n\n\n\n<h3 class=\"wp-block-heading\">\u00bfQu\u00e9 tanto respaldo tendr\u00e1 la alianza del sector empresarial?<\/h3>\n\n\n\n<p>Se entiende que los empresarios, aquellos que est\u00e1n al frente de empresas p\u00fablicas tienen que cuidar una relaci\u00f3n armoniosa con el titular del Ejecutivo, est\u00e9 quien est\u00e9 as\u00ed ha ocurrido hoy y en el pasado, pero me atrevo a garantizar, y vaya que conozco a ese sector, que no hay ning\u00fan empresario en sus cinco cabales, que no tenga un conflicto de inter\u00e9s, que considere exitosa y mucho menos que respalde la gesti\u00f3n de AMLO.<\/p>\n\n\n\n<p>Los organismos empresariales no tienen como misi\u00f3n la participaci\u00f3n pol\u00edtico-electoral, tienen ideolog\u00edas y desde luego la defienden. Yo lo que creo es que muchos cientos de miles de empresarios, como ciudadanos, van a activarse.<\/p>\n\n\n\n<h3 class=\"wp-block-heading\">Con la reforma electoral, \u00bfc\u00f3mo se afectar\u00eda a su proyecto?<\/h3>\n\n\n\n<p>Mi pron\u00f3stico es que la propuesta de reforma constitucional que present\u00f3 el presidente en materia electoral va a ser desechada (&#8230;) creo que habr\u00e1 consenso, no solamente de la oposici\u00f3n sino incluso en algunos aliados del oficialismo, en que la propuesta es inoportuna.<\/p>\n\n\n\n<p><a href=\"mailto:ivan.rodriguez@eleconomista.mx\">ivan.rodriguez@eleconomista.mx<\/a><\/p>\n\n\n\n<p>Fuente: https:\/\/www.eleconomista.com.mx\/politica\/Va-por-Mexico-aun-no-tiene-a-un-presidenciable-Gustavo-de-Hoyos-20220518-0161.html<\/p>\n","protected":false},"excerpt":{"rendered":"<p>El expresidente de la Coparmex afirma que el sector empresarial rechaza gesti\u00f3n del presidente L\u00f3pez Obrador.\u00a0Hace unos d\u00edas S\u00ed por [&hellip;]<\/p>\n","protected":false},"author":1,"featured_media":27992,"comment_status":"open","ping_status":"open","sticky":false,"template":"","format":"standard","meta":{"site-sidebar-layout":"default","site-content-layout":"","ast-site-content-layout":"default","site-content-style":"default","site-sidebar-style":"default","ast-global-header-display":"","ast-banner-title-visibility":"","ast-main-header-display":"","ast-hfb-above-header-display":"","ast-hfb-below-header-display":"","ast-hfb-mobile-header-display":"","site-post-title":"","ast-breadcrumbs-content":"","ast-featured-img":"","footer-sml-layout":"","theme-transparent-header-meta":"","adv-header-id-meta":"","stick-header-meta":"","header-above-stick-meta":"","header-main-stick-meta":"","header-below-stick-meta":"","astra-migrate-meta-layouts":"default","ast-page-background-enabled":"default","ast-page-background-meta":{"desktop":{"background-color":"var(--ast-global-color-4)","background-image":"","background-repeat":"repeat","background-position":"center center","background-size":"auto","background-attachment":"scroll","background-type":"","background-media":"","overlay-type":"","overlay-color":"","overlay-opacity":"","overlay-gradient":""},"tablet":{"background-color":"","background-image":"","background-repeat":"repeat","background-position":"center center","background-size":"auto","background-attachment":"scroll","background-type":"","background-media":"","overlay-type":"","overlay-color":"","overlay-opacity":"","overlay-gradient":""},"mobile":{"background-color":"","background-image":"","background-repeat":"repeat","background-position":"center center","background-size":"auto","background-attachment":"scroll","background-type":"","background-media":"","overlay-type":"","overlay-color":"","overlay-opacity":"","overlay-gradient":""}},"ast-content-background-meta":{"desktop":{"background-color":"var(--ast-global-color-5)","background-image":"","background-repeat":"repeat","background-position":"center center","background-size":"auto","background-attachment":"scroll","background-type":"","background-media":"","overlay-type":"","overlay-color":"","overlay-opacity":"","overlay-gradient":""},"tablet":{"background-color":"var(--ast-global-color-5)","background-image":"","background-repeat":"repeat","background-position":"center center","background-size":"auto","background-attachment":"scroll","background-type":"","background-media":"","overlay-type":"","overlay-color":"","overlay-opacity":"","overlay-gradient":""},"mobile":{"background-color":"var(--ast-global-color-5)","background-image":"","background-repeat":"repeat","background-position":"center center","background-size":"auto","background-attachment":"scroll","background-type":"","background-media":"","overlay-type":"","overlay-color":"","overlay-opacity":"","overlay-gradient":""}},"footnotes":""},"categories":[8],"tags":[5486,1661],"class_list":["post-27991","post","type-post","status-publish","format-standard","has-post-thumbnail","hentry","category-noticias","tag-elecciones-2024","tag-va-por-mexico"],"_links":{"self":[{"href":"https:\/\/losperiodistas.com.mx\/portal\/wp-json\/wp\/v2\/posts\/27991","targetHints":{"allow":["GET"]}}],"collection":[{"href":"https:\/\/losperiodistas.com.mx\/portal\/wp-json\/wp\/v2\/posts"}],"about":[{"href":"https:\/\/losperiodistas.com.mx\/portal\/wp-json\/wp\/v2\/types\/post"}],"author":[{"embeddable":true,"href":"https:\/\/losperiodistas.com.mx\/portal\/wp-json\/wp\/v2\/users\/1"}],"replies":[{"embeddable":true,"href":"https:\/\/losperiodistas.com.mx\/portal\/wp-json\/wp\/v2\/comments?post=27991"}],"version-history":[{"count":1,"href":"https:\/\/losperiodistas.com.mx\/portal\/wp-json\/wp\/v2\/posts\/27991\/revisions"}],"predecessor-version":[{"id":27993,"href":"https:\/\/losperiodistas.com.mx\/portal\/wp-json\/wp\/v2\/posts\/27991\/revisions\/27993"}],"wp:featuredmedia":[{"embeddable":true,"href":"https:\/\/losperiodistas.com.mx\/portal\/wp-json\/wp\/v2\/media\/27992"}],"wp:attachment":[{"href":"https:\/\/losperiodistas.com.mx\/portal\/wp-json\/wp\/v2\/media?parent=27991"}],"wp:term":[{"taxonomy":"category","embeddable":true,"href":"https:\/\/losperiodistas.com.mx\/portal\/wp-json\/wp\/v2\/categories?post=27991"},{"taxonomy":"post_tag","embeddable":true,"href":"https:\/\/losperiodistas.com.mx\/portal\/wp-json\/wp\/v2\/tags?post=27991"}],"curies":[{"name":"wp","href":"https:\/\/api.w.org\/{rel}","templated":true}]}}