{"id":27988,"date":"2022-05-19T07:06:25","date_gmt":"2022-05-19T12:06:25","guid":{"rendered":"http:\/\/losperiodistas.com.mx\/portal\/?p=27988"},"modified":"2022-05-19T07:06:27","modified_gmt":"2022-05-19T12:06:27","slug":"mp-formaliza-imputacion-contra-abogados-cercanos-a-scherer-ibarra-la-jornada","status":"publish","type":"post","link":"https:\/\/losperiodistas.com.mx\/portal\/mp-formaliza-imputacion-contra-abogados-cercanos-a-scherer-ibarra-la-jornada\/","title":{"rendered":"MP formaliza imputaci\u00f3n contra abogados cercanos a Scherer Ibarra\u00a0| La Jornada"},"content":{"rendered":"\n<figure class=\"wp-block-image size-full\"><img fetchpriority=\"high\" decoding=\"async\" width=\"452\" height=\"304\" src=\"https:\/\/losperiodistas.com.mx\/portal\/wp-content\/uploads\/2022\/05\/scherer.jpeg\" alt=\"\" class=\"wp-image-27989\" srcset=\"https:\/\/losperiodistas.com.mx\/portal\/wp-content\/uploads\/2022\/05\/scherer.jpeg 452w, https:\/\/losperiodistas.com.mx\/portal\/wp-content\/uploads\/2022\/05\/scherer-300x202.jpeg 300w\" sizes=\"(max-width: 452px) 100vw, 452px\" \/><figcaption>El Ministerio P\u00fablico Federal no ha formalizado ninguna acusaci\u00f3n contra el ex consejero jur\u00eddico de la Presidencia de la Rep\u00fablica, Julio Scherer Ibarra.\u00a0Foto\u00a0<strong>Presidencia \/ archivo<\/strong><\/figcaption><\/figure>\n\n\n\n<p>GUSTAVO CASTILLO \/ C\u00c9SAR ARELLANO \/ LA JORNADA<\/p>\n\n\n\n<p><em>Ciudad de M\u00e9xico<\/em>. El Ministerio P\u00fablico Federal formaliz\u00f3 la petici\u00f3n de imputaci\u00f3n contra los litigantes Juan Antonio Araujo Riva Palacio, C\u00e9sar Omar Gonz\u00e1lez Hern\u00e1ndez, David G\u00f3mez Arnau e Issac P\u00e9rez Rodr\u00edguez, por los delitos de asociaci\u00f3n delictuosa, tr\u00e1fico de influencias, extorsi\u00f3n agravada y operaciones con recursos de procedencia il\u00edcita.<\/p>\n\n\n\n<p>Durante la audiencia en el Centro de Justicia Penal Federal adscrito al Reclusorio Sur y que lleva m\u00e1s de 12 horas, los cuatro investigados ya solicitaron al juez de control Felipe de Jes\u00fas Delgadillo Padierna que defina su situaci\u00f3n jur\u00eddica en esta misma diligencia, la cual podr\u00eda extenderse hasta la ma\u00f1ana de este jueves.<\/p>\n\n\n\n<p>Cabe se\u00f1alar que en este procedimiento que la FGR pretende llevar a cabo en contra de los litigantes, el Ministerio P\u00fablico Federal no ha formalizado ninguna acusaci\u00f3n contra el ex consejero jur\u00eddico de la Presidencia de la Rep\u00fablica, Julio Scherer Ibarra, a pesar de que lo ha considerado como el punto central del tr\u00e1fico de influencias en esta red de corrupci\u00f3n.<\/p>\n\n\n\n<p>Lo anterior pese a que se\u00f1al\u00f3 que Scherer Ibarra, forma parte de los coacusados, porque se\u00f1al\u00f3, junto con los litigantes formaron parte de una asociaci\u00f3n delictuosa que oper\u00f3 de noviembre de 2018 a julio de 2021 con el prop\u00f3sito de realizar diversas conductas delictivas y que en diferentes momentos los imputados promovieron acciones ilegales en contra de Juan Ram\u00f3n Collado Mocelo.<\/p>\n\n\n\n<p>Fuente: https:\/\/www.jornada.com.mx\/notas\/2022\/05\/19\/politica\/mp-formaliza-imputacion-contra-coacusados-pero-excluye-a-julio-sherer\/<\/p>\n","protected":false},"excerpt":{"rendered":"<p>GUSTAVO CASTILLO \/ C\u00c9SAR ARELLANO \/ LA JORNADA Ciudad de M\u00e9xico. El Ministerio P\u00fablico Federal formaliz\u00f3 la petici\u00f3n de imputaci\u00f3n [&hellip;]<\/p>\n","protected":false},"author":1,"featured_media":27989,"comment_status":"open","ping_status":"open","sticky":false,"template":"","format":"standard","meta":{"site-sidebar-layout":"default","site-content-layout":"","ast-site-content-layout":"default","site-content-style":"default","site-sidebar-style":"default","ast-global-header-display":"","ast-banner-title-visibility":"","ast-main-header-display":"","ast-hfb-above-header-display":"","ast-hfb-below-header-display":"","ast-hfb-mobile-header-display":"","site-post-title":"","ast-breadcrumbs-content":"","ast-featured-img":"","footer-sml-layout":"","theme-transparent-header-meta":"","adv-header-id-meta":"","stick-header-meta":"","header-above-stick-meta":"","header-main-stick-meta":"","header-below-stick-meta":"","astra-migrate-meta-layouts":"default","ast-page-background-enabled":"default","ast-page-background-meta":{"desktop":{"background-color":"var(--ast-global-color-4)","background-image":"","background-repeat":"repeat","background-position":"center center","background-size":"auto","background-attachment":"scroll","background-type":"","background-media":"","overlay-type":"","overlay-color":"","overlay-opacity":"","overlay-gradient":""},"tablet":{"background-color":"","background-image":"","background-repeat":"repeat","background-position":"center center","background-size":"auto","background-attachment":"scroll","background-type":"","background-media":"","overlay-type":"","overlay-color":"","overlay-opacity":"","overlay-gradient":""},"mobile":{"background-color":"","background-image":"","background-repeat":"repeat","background-position":"center center","background-size":"auto","background-attachment":"scroll","background-type":"","background-media":"","overlay-type":"","overlay-color":"","overlay-opacity":"","overlay-gradient":""}},"ast-content-background-meta":{"desktop":{"background-color":"var(--ast-global-color-5)","background-image":"","background-repeat":"repeat","background-position":"center center","background-size":"auto","background-attachment":"scroll","background-type":"","background-media":"","overlay-type":"","overlay-color":"","overlay-opacity":"","overlay-gradient":""},"tablet":{"background-color":"var(--ast-global-color-5)","background-image":"","background-repeat":"repeat","background-position":"center center","background-size":"auto","background-attachment":"scroll","background-type":"","background-media":"","overlay-type":"","overlay-color":"","overlay-opacity":"","overlay-gradient":""},"mobile":{"background-color":"var(--ast-global-color-5)","background-image":"","background-repeat":"repeat","background-position":"center center","background-size":"auto","background-attachment":"scroll","background-type":"","background-media":"","overlay-type":"","overlay-color":"","overlay-opacity":"","overlay-gradient":""}},"footnotes":""},"categories":[8],"tags":[6722,8960],"class_list":["post-27988","post","type-post","status-publish","format-standard","has-post-thumbnail","hentry","category-noticias","tag-asociacion-delictuosa","tag-julio-scherer-ibarra"],"_links":{"self":[{"href":"https:\/\/losperiodistas.com.mx\/portal\/wp-json\/wp\/v2\/posts\/27988","targetHints":{"allow":["GET"]}}],"collection":[{"href":"https:\/\/losperiodistas.com.mx\/portal\/wp-json\/wp\/v2\/posts"}],"about":[{"href":"https:\/\/losperiodistas.com.mx\/portal\/wp-json\/wp\/v2\/types\/post"}],"author":[{"embeddable":true,"href":"https:\/\/losperiodistas.com.mx\/portal\/wp-json\/wp\/v2\/users\/1"}],"replies":[{"embeddable":true,"href":"https:\/\/losperiodistas.com.mx\/portal\/wp-json\/wp\/v2\/comments?post=27988"}],"version-history":[{"count":1,"href":"https:\/\/losperiodistas.com.mx\/portal\/wp-json\/wp\/v2\/posts\/27988\/revisions"}],"predecessor-version":[{"id":27990,"href":"https:\/\/losperiodistas.com.mx\/portal\/wp-json\/wp\/v2\/posts\/27988\/revisions\/27990"}],"wp:featuredmedia":[{"embeddable":true,"href":"https:\/\/losperiodistas.com.mx\/portal\/wp-json\/wp\/v2\/media\/27989"}],"wp:attachment":[{"href":"https:\/\/losperiodistas.com.mx\/portal\/wp-json\/wp\/v2\/media?parent=27988"}],"wp:term":[{"taxonomy":"category","embeddable":true,"href":"https:\/\/losperiodistas.com.mx\/portal\/wp-json\/wp\/v2\/categories?post=27988"},{"taxonomy":"post_tag","embeddable":true,"href":"https:\/\/losperiodistas.com.mx\/portal\/wp-json\/wp\/v2\/tags?post=27988"}],"curies":[{"name":"wp","href":"https:\/\/api.w.org\/{rel}","templated":true}]}}