{"id":27841,"date":"2022-05-17T07:24:39","date_gmt":"2022-05-17T12:24:39","guid":{"rendered":"http:\/\/losperiodistas.com.mx\/portal\/?p=27841"},"modified":"2022-05-17T07:24:40","modified_gmt":"2022-05-17T12:24:40","slug":"efemerides-17-de-mayo-que-paso-en-mexico-y-el-mundo-adn-40","status":"publish","type":"post","link":"https:\/\/losperiodistas.com.mx\/portal\/efemerides-17-de-mayo-que-paso-en-mexico-y-el-mundo-adn-40\/","title":{"rendered":"Efem\u00e9rides 17 de mayo: Qu\u00e9 pas\u00f3 en M\u00e9xico y el mundo | ADN 40"},"content":{"rendered":"\n<p><em>El 17 de mayo se conmemoran el D\u00eda Internacional contra la Homofobia y la Transfobia, el D\u00eda Mundial del Reciclaje y el aniversario luctuoso de Mario Benedetti.<\/em><\/p>\n\n\n\n<figure class=\"wp-block-image size-full\"><img fetchpriority=\"high\" decoding=\"async\" width=\"968\" height=\"542\" src=\"https:\/\/losperiodistas.com.mx\/portal\/wp-content\/uploads\/2022\/05\/efem-mayo-17.jpeg\" alt=\"\" class=\"wp-image-27842\" srcset=\"https:\/\/losperiodistas.com.mx\/portal\/wp-content\/uploads\/2022\/05\/efem-mayo-17.jpeg 968w, https:\/\/losperiodistas.com.mx\/portal\/wp-content\/uploads\/2022\/05\/efem-mayo-17-300x168.jpeg 300w, https:\/\/losperiodistas.com.mx\/portal\/wp-content\/uploads\/2022\/05\/efem-mayo-17-768x430.jpeg 768w\" sizes=\"(max-width: 968px) 100vw, 968px\" \/><figcaption>Twitter<\/figcaption><\/figure>\n\n\n\n<p><\/p>\n\n\n\n<p class=\"has-vivid-cyan-blue-color has-text-color has-medium-font-size\">ADN 40<\/p>\n\n\n\n<p>El 17 de mayo est marcado por diversas&nbsp;<strong>efem\u00e9rides<\/strong>&nbsp;tanto en M\u00e9xico como en el mundo, las m\u00e1s importanrtes tienen que ver con la tolerancia al ser el D\u00eda contra la Homofobia y el cuidado del medioambient con el D\u00eda Mundial del Reciclaje.<\/p>\n\n\n\n<h2 class=\"wp-block-heading\">Qu\u00e9 se celebra el 17 de mayo<\/h2>\n\n\n\n<p>&#8211; D\u00eda Internacional contra la Homofobia y la Transfobia.<\/p>\n\n\n\n<figure class=\"wp-block-embed is-type-rich is-provider-twitter wp-block-embed-twitter\"><div class=\"wp-block-embed__wrapper\">\n<blockquote class=\"twitter-tweet\" data-width=\"500\" data-dnt=\"true\"><p lang=\"es\" dir=\"ltr\">Este martes 17 de mayo se conmemora el D\u00eda Internacional contra la Homofobia, Bifobia y Transfobia  <a href=\"https:\/\/twitter.com\/hashtag\/IDAHOBIT2022?src=hash&amp;ref_src=twsrc%5Etfw\">#IDAHOBIT2022<\/a> por sus siglas en ingl\u00e9s. Para que nunca m\u00e1s en Chile una persona sea agredida o asesinada por su orientaci\u00f3n sexual, identidad o expresi\u00f3n de g\u00e9nero. <a href=\"https:\/\/twitter.com\/hashtag\/LGBTIQ?src=hash&amp;ref_src=twsrc%5Etfw\">#LGBTIQ<\/a> <a href=\"https:\/\/t.co\/uwUDj8wa1R\">pic.twitter.com\/uwUDj8wa1R<\/a><\/p>&mdash; Acciongay (@acciongay) <a href=\"https:\/\/twitter.com\/acciongay\/status\/1526347105819799552?ref_src=twsrc%5Etfw\">May 16, 2022<\/a><\/blockquote><script async src=\"https:\/\/platform.twitter.com\/widgets.js\" charset=\"utf-8\"><\/script>\n<\/div><\/figure>\n\n\n\n<p>&#8211; D\u00eda de Internet.<\/p>\n\n\n\n<p>&nbsp;D\u00eda Mundial de la Hipertensi\u00f3n.<\/p>\n\n\n\n<p>&#8211; D\u00eda Mundial de los jugadores del videojuego Minecraft.<\/p>\n\n\n\n<p>&#8211; D\u00eda Mundial del Reciclaje.<\/p>\n\n\n\n<figure class=\"wp-block-embed is-type-rich is-provider-twitter wp-block-embed-twitter\"><div class=\"wp-block-embed__wrapper\">\n<blockquote class=\"twitter-tweet\" data-width=\"500\" data-dnt=\"true\"><p lang=\"es\" dir=\"ltr\">\u267b\ufe0f\u00a1Ma\u00f1ana es el d\u00eda mundial del reciclaje!, y este a\u00f1o celebramos a todos los h\u00e9roes an\u00f3nimos que hacen que hoy M\u00e9xico sea l\u00edder en Am\u00e9rica, con una tasa de recuperaci\u00f3n del PET del 59%.<br><br> <a href=\"https:\/\/twitter.com\/hashtag\/SiemprePodemosReciclar?src=hash&amp;ref_src=twsrc%5Etfw\">#SiemprePodemosReciclar<\/a> <a href=\"https:\/\/t.co\/9kmncqFrIr\">pic.twitter.com\/9kmncqFrIr<\/a><\/p>&mdash; Rogelio Varela (@corpo_varela) <a href=\"https:\/\/twitter.com\/corpo_varela\/status\/1526277049215852548?ref_src=twsrc%5Etfw\">May 16, 2022<\/a><\/blockquote><script async src=\"https:\/\/platform.twitter.com\/widgets.js\" charset=\"utf-8\"><\/script>\n<\/div><\/figure>\n\n\n\n<p>&#8211; D\u00eda del Museo<\/p>\n\n\n\n<h2 class=\"wp-block-heading\">Efem\u00e9rides del 17 de mayo<\/h2>\n\n\n\n<p>1973.- En Nueva York, Estados Unidos, la OMS excluye la homosexualidad de la Clasificaci\u00f3n Estad\u00edstica Internacional de Enfermedades y otros Problemas de Salud.<\/p>\n\n\n\n<p>2004.- El artista pl\u00e1stico ruso nacionalizado mexicano Vladimir Kibalchich, conocido como \u201cVlady\u201d, dona al pueblo de M\u00e9xico 4 mil 600 obras de su acervo personal hecho durante 50 a\u00f1os de trabajo art\u00edstico.<\/p>\n\n\n\n<p>2005.- En Los \u00c1ngeles, California, el dem\u00f3crata Antonio Villaraigosa, hijo de inmigrantes mexicanos, se convierte en el primer alcalde hispano de esa ciudad.<\/p>\n\n\n\n<p>Ese mismo 17 de mayo, arque\u00f3logos estadounidenses descubren en la zona arqueol\u00f3gica de Chuna Al Zubeib, provincia de Sohag, a 556 kil\u00f3metros del sur de El Cairo, los vestigios del templo funerario del rey Jasejemuy, \u00faltimo soberano de la II dinast\u00eda fara\u00f3nica&nbsp;de Egipto.<\/p>\n\n\n\n<p>2006.- Un equipo internacional de cient\u00edficos completa la secuencia del cromosoma uno humano, el mayor de todos y que es asociado a unas 350 enfermedades como ciertos tipos de c\u00e1ncer, el Alzheimer o el mal de Parkinson.<\/p>\n\n\n\n<p>2007.- La Asamblea General de la ONU declara el 2008 como el A\u00f1o Internacional de los Idiomas, con el fin de fomentar el multiling\u00fcismo, la unidad y la comprensi\u00f3n internacional.<\/p>\n\n\n\n<h2 class=\"wp-block-heading\">Qui\u00e9n naci\u00f3 el 17 de mayo<\/h2>\n\n\n\n<p>1749.- Edward Jenner, m\u00e9dico brit\u00e1nico, considerado el padre de la vacuna al desarrollar la inoculaci\u00f3n contra la viruela.<\/p>\n\n\n\n<p>1889.- Alfonso Reyes, ensayista, cr\u00edtico y dramaturgo mexicano, conocido en el mundo como \u201cEl escritor de M\u00e9xico\u201d.<\/p>\n\n\n\n<p>1930.- Mar\u00eda Luisa \u201cLa China\u201d Mendoza, periodista y escritora mexicana; ha recibido el Premio Nacional de Periodismo y el Premio Nacional de Novela Jos\u00e9 Rub\u00e9n Romero 2001; adem\u00e1s de ser acad\u00e9mica mexicana de la Lengua.<\/p>\n\n\n\n<h2 class=\"wp-block-heading\">Qui\u00e9n muri\u00f3 el 17 de mayo<\/h2>\n\n\n\n<p>1510.- Sandro Botticelli, uno de los m\u00e1s ilustres pintores del Renacimiento, autor de obras maestras como \u201cEl nacimiento de Venus\u201d, \u201cLa adoraci\u00f3n de los magos\u201d y \u201cLa primavera\u201d.<\/p>\n\n\n\n<p>2010.- Mario Benedetti, escritor, poeta, dramaturgo y periodista uruguayo, integrante de la Generaci\u00f3n del 45. Su prol\u00edfica producci\u00f3n po\u00e9tica y literaria incluye alrededor de 80 t\u00edtulos, algunos de ellos traducidos a m\u00e1s de 20 idiomas.<\/p>\n\n\n\n<figure class=\"wp-block-embed is-type-rich is-provider-twitter wp-block-embed-twitter\"><div class=\"wp-block-embed__wrapper\">\n<blockquote class=\"twitter-tweet\" data-width=\"500\" data-dnt=\"true\"><p lang=\"es\" dir=\"ltr\"><a href=\"https:\/\/twitter.com\/hashtag\/UnDiaComoHoy?src=hash&amp;ref_src=twsrc%5Etfw\">#UnDiaComoHoy<\/a>, del a\u00f1o 2009, fallece el notable escritor uruguayo, autor de m\u00e1s de 80 libros, entre ellos, LA TREGUA, Mario Benedetti. <a href=\"https:\/\/t.co\/m74Re8iMEM\">pic.twitter.com\/m74Re8iMEM<\/a><\/p>&mdash; Alfaguara Editorial (@AlfaguaraMex) <a href=\"https:\/\/twitter.com\/AlfaguaraMex\/status\/864854350027522049?ref_src=twsrc%5Etfw\">May 17, 2017<\/a><\/blockquote><script async src=\"https:\/\/platform.twitter.com\/widgets.js\" charset=\"utf-8\"><\/script>\n<\/div><\/figure>\n\n\n\n<p>2017.- Johannes Gr\u00fctzke, pintor, dibujante y artista gr\u00e1fico alem\u00e1n, cuyos rasgos distintivos en su trabajo eran la iron\u00eda y la exageraci\u00f3n de las facciones de los humanos.<\/p>\n\n\n\n<p>Fuente: https:\/\/www.adn40.mx\/mexico\/efemerides-17-de-mayo-2022-mexico-mundo-lmo<\/p>\n","protected":false},"excerpt":{"rendered":"<p>El 17 de mayo se conmemoran el D\u00eda Internacional contra la Homofobia y la Transfobia, el D\u00eda Mundial del Reciclaje [&hellip;]<\/p>\n","protected":false},"author":1,"featured_media":27842,"comment_status":"open","ping_status":"open","sticky":false,"template":"","format":"standard","meta":{"site-sidebar-layout":"default","site-content-layout":"","ast-site-content-layout":"default","site-content-style":"default","site-sidebar-style":"default","ast-global-header-display":"","ast-banner-title-visibility":"","ast-main-header-display":"","ast-hfb-above-header-display":"","ast-hfb-below-header-display":"","ast-hfb-mobile-header-display":"","site-post-title":"","ast-breadcrumbs-content":"","ast-featured-img":"","footer-sml-layout":"","theme-transparent-header-meta":"","adv-header-id-meta":"","stick-header-meta":"","header-above-stick-meta":"","header-main-stick-meta":"","header-below-stick-meta":"","astra-migrate-meta-layouts":"default","ast-page-background-enabled":"default","ast-page-background-meta":{"desktop":{"background-color":"var(--ast-global-color-4)","background-image":"","background-repeat":"repeat","background-position":"center center","background-size":"auto","background-attachment":"scroll","background-type":"","background-media":"","overlay-type":"","overlay-color":"","overlay-opacity":"","overlay-gradient":""},"tablet":{"background-color":"","background-image":"","background-repeat":"repeat","background-position":"center center","background-size":"auto","background-attachment":"scroll","background-type":"","background-media":"","overlay-type":"","overlay-color":"","overlay-opacity":"","overlay-gradient":""},"mobile":{"background-color":"","background-image":"","background-repeat":"repeat","background-position":"center center","background-size":"auto","background-attachment":"scroll","background-type":"","background-media":"","overlay-type":"","overlay-color":"","overlay-opacity":"","overlay-gradient":""}},"ast-content-background-meta":{"desktop":{"background-color":"var(--ast-global-color-5)","background-image":"","background-repeat":"repeat","background-position":"center center","background-size":"auto","background-attachment":"scroll","background-type":"","background-media":"","overlay-type":"","overlay-color":"","overlay-opacity":"","overlay-gradient":""},"tablet":{"background-color":"var(--ast-global-color-5)","background-image":"","background-repeat":"repeat","background-position":"center center","background-size":"auto","background-attachment":"scroll","background-type":"","background-media":"","overlay-type":"","overlay-color":"","overlay-opacity":"","overlay-gradient":""},"mobile":{"background-color":"var(--ast-global-color-5)","background-image":"","background-repeat":"repeat","background-position":"center center","background-size":"auto","background-attachment":"scroll","background-type":"","background-media":"","overlay-type":"","overlay-color":"","overlay-opacity":"","overlay-gradient":""}},"footnotes":""},"categories":[8],"tags":[10188,10186,10184,10183,10185,10187,2301],"class_list":["post-27841","post","type-post","status-publish","format-standard","has-post-thumbnail","hentry","category-noticias","tag-bifobia","tag-dia-contra-homofobia","tag-dia-hipertension","tag-dia-internet","tag-dia-reciclaje","tag-lesbofobia","tag-transfobia"],"_links":{"self":[{"href":"https:\/\/losperiodistas.com.mx\/portal\/wp-json\/wp\/v2\/posts\/27841","targetHints":{"allow":["GET"]}}],"collection":[{"href":"https:\/\/losperiodistas.com.mx\/portal\/wp-json\/wp\/v2\/posts"}],"about":[{"href":"https:\/\/losperiodistas.com.mx\/portal\/wp-json\/wp\/v2\/types\/post"}],"author":[{"embeddable":true,"href":"https:\/\/losperiodistas.com.mx\/portal\/wp-json\/wp\/v2\/users\/1"}],"replies":[{"embeddable":true,"href":"https:\/\/losperiodistas.com.mx\/portal\/wp-json\/wp\/v2\/comments?post=27841"}],"version-history":[{"count":1,"href":"https:\/\/losperiodistas.com.mx\/portal\/wp-json\/wp\/v2\/posts\/27841\/revisions"}],"predecessor-version":[{"id":27845,"href":"https:\/\/losperiodistas.com.mx\/portal\/wp-json\/wp\/v2\/posts\/27841\/revisions\/27845"}],"wp:featuredmedia":[{"embeddable":true,"href":"https:\/\/losperiodistas.com.mx\/portal\/wp-json\/wp\/v2\/media\/27842"}],"wp:attachment":[{"href":"https:\/\/losperiodistas.com.mx\/portal\/wp-json\/wp\/v2\/media?parent=27841"}],"wp:term":[{"taxonomy":"category","embeddable":true,"href":"https:\/\/losperiodistas.com.mx\/portal\/wp-json\/wp\/v2\/categories?post=27841"},{"taxonomy":"post_tag","embeddable":true,"href":"https:\/\/losperiodistas.com.mx\/portal\/wp-json\/wp\/v2\/tags?post=27841"}],"curies":[{"name":"wp","href":"https:\/\/api.w.org\/{rel}","templated":true}]}}