{"id":27838,"date":"2022-05-17T07:12:18","date_gmt":"2022-05-17T12:12:18","guid":{"rendered":"http:\/\/losperiodistas.com.mx\/portal\/?p=27838"},"modified":"2022-05-17T07:12:20","modified_gmt":"2022-05-17T12:12:20","slug":"ven-viable-una-candidatura-unica-opositora-para-2024-el-economista","status":"publish","type":"post","link":"https:\/\/losperiodistas.com.mx\/portal\/ven-viable-una-candidatura-unica-opositora-para-2024-el-economista\/","title":{"rendered":"Ven viable una candidatura \u00fanica opositora para 2024 | El Economista"},"content":{"rendered":"\n<p><em>Si se une, la oposici\u00f3n en su conjunto s\u00ed tiene posibilidades de ganar la presidencia de la Rep\u00fablica en 2024, coincidieron los polit\u00f3logos de la UNAM Francisco Jim\u00e9nez Ruiz y Germ\u00e1n P\u00e9rez Fern\u00e1ndez.<\/em><\/p>\n\n\n\n<figure class=\"wp-block-image size-large\"><img fetchpriority=\"high\" decoding=\"async\" width=\"1024\" height=\"681\" src=\"https:\/\/losperiodistas.com.mx\/portal\/wp-content\/uploads\/2022\/05\/gustavo_de_hoyos.jpg_1107382593-1024x681.jpg\" alt=\"\" class=\"wp-image-27839\" srcset=\"https:\/\/losperiodistas.com.mx\/portal\/wp-content\/uploads\/2022\/05\/gustavo_de_hoyos.jpg_1107382593-1024x681.jpg 1024w, https:\/\/losperiodistas.com.mx\/portal\/wp-content\/uploads\/2022\/05\/gustavo_de_hoyos.jpg_1107382593-300x200.jpg 300w, https:\/\/losperiodistas.com.mx\/portal\/wp-content\/uploads\/2022\/05\/gustavo_de_hoyos.jpg_1107382593-768x511.jpg 768w, https:\/\/losperiodistas.com.mx\/portal\/wp-content\/uploads\/2022\/05\/gustavo_de_hoyos.jpg_1107382593.jpg 1120w\" sizes=\"(max-width: 1024px) 100vw, 1024px\" \/><figcaption>La organizaci\u00f3n civil present\u00f3 sus objetivos con miras en la elecci\u00f3n presidencial del 2024, entre los que se incluye tener presencia en los 32 estados. Foto: Especial<\/figcaption><\/figure>\n\n\n\n<p class=\"has-vivid-cyan-blue-color has-text-color has-medium-font-size\">ROLANDO RAMOS \/ EL ECONOMISTA<\/p>\n\n\n\n<p>Si se une, la oposici\u00f3n en su conjunto s\u00ed tiene posibilidades de ganar la presidencia de la Rep\u00fablica en 2024, coincidieron los polit\u00f3logos de la UNAM Francisco Jim\u00e9nez Ruiz y Germ\u00e1n P\u00e9rez Fern\u00e1ndez.<\/p>\n\n\n\n<p>\u201cSiento que es dif\u00edcil la conformaci\u00f3n de la alianza, pero creo que est\u00e1n dadas las condiciones, sin embargo, para una negociaci\u00f3n\u201d, explic\u00f3 P\u00e9rez Fern\u00e1ndez para quien los pr\u00f3ximos comicios presidenciales no ser\u00e1n \u201cun d\u00eda de campo para Morena\u201d, la fuerza pol\u00edtica que \u201csigue teniendo preferencias fuertes\u201d.<\/p>\n\n\n\n<p>Pero la suma de todos los partidos pol\u00edticos de oposici\u00f3n, incluyendo no s\u00f3lo al PAN, PRI y PRD, sino tambi\u00e9n a MC, dijo, hacen \u201cviable una candidatura\u201d que puede ganar.<\/p>\n\n\n\n<p>Desde la \u00f3ptica de los expertos en materia electoral, garant\u00eda de triunfo de la oposici\u00f3n no hay, aunque se una.<\/p>\n\n\n\n<p>Para Jim\u00e9nez Ruiz, la estrategia anunciada por la asociaci\u00f3n civil S\u00ed por M\u00e9xico de conformar una gran coalici\u00f3n opositora que postule un candidato presidencial de unidad dentro de dos a\u00f1os \u201ces viable, necesaria y bien encaminada hacia la b\u00fasqueda de ser verdaderos competidores en la elecci\u00f3n presidencial de 2024\u201d, pero ello no implica \u201cgarant\u00eda de triunfo\u201d.<\/p>\n\n\n\n<p>\u201cSi los partidos de oposici\u00f3n arman un buen plan estrat\u00e9gico de cara a 2024 Morena no tiene segura la continuidad en la presidencia de la Rep\u00fablica, pero es el partido con mayores posibilidades de ganar la elecci\u00f3n\u201d, explic\u00f3, porque la pasada consulta sobre revocaci\u00f3n de mandato presidencial mostr\u00f3 que Morena es el partido que parte con un voto duro \u201cmuy fuerte\u201d de 16.5 millones de votos.<\/p>\n\n\n\n<blockquote class=\"wp-block-quote is-layout-flow wp-block-quote-is-layout-flow\"><p>Eso es mucho. Es un recurso electoral que si Morena lo sabe aprovechar tendr\u00eda un triunfo si no aplastante como en el 2018, s\u00ed ser\u00eda un triunfo claro del candidato o la candidata de Morena\u201d.<\/p><\/blockquote>\n\n\n\n<h2 class=\"wp-block-heading\">Sin carta fuerte<\/h2>\n\n\n\n<p>En lo que no coincidieron P\u00e9rez Fern\u00e1ndez y Jim\u00e9nez Ruiz es en que el empresario Claudio X. Gonz\u00e1lez pueda ser un buen contendiente presidencial para echar a Morena del poder, como es el prop\u00f3sito de Va por M\u00e9xico, seg\u00fan declaraciones de Gustavo de Hoyos.<\/p>\n\n\n\n<p>Como candidato, dijo P\u00e9rez Fern\u00e1ndez, Claudio X. Gonz\u00e1lez \u201cencender\u00eda los \u00e1nimos del presidente de tal manera que el presidente va a luchar por su vida porque \u00e9l sabe que, si una persona como Claudio X. Gonz\u00e1lez gana muy probablemente \u00e9l va a terminar en la c\u00e1rcel\u201d.<\/p>\n\n\n\n<p>El empresario, opin\u00f3 Jim\u00e9nez Ruiz, no ser\u00eda un fuerte contendiente porque \u201cno tiene arraigo nacional\u201d.<\/p>\n\n\n\n<p>Dijo que hasta hoy no ve \u201ca ninguna mujer u hombre con una talla pol\u00edtica nacional en el seno de los partidos de oposici\u00f3n; no lo hay hasta el momento\u201d.<\/p>\n\n\n\n<p>Del PAN tampoco ve a nadie a\u00fan como la \u201cfigura id\u00f3nea. Yo creo que s\u00ed tienen capacidad para identificar una candidatura, el problema es si lo sabr\u00e1n hacer; si los intereses de grupo no prevalecen sobre los intereses de la coalici\u00f3n.<\/p>\n\n\n\n<blockquote class=\"wp-block-quote is-layout-flow wp-block-quote-is-layout-flow\"><p>Pero si el proyecto de la coalici\u00f3n prevalece, yo creo que s\u00ed van a presentar una buena o un buen candidato que pueda poner en aprietos a la o el candidato de Morena\u201d.<\/p><\/blockquote>\n\n\n\n<p>Por el lado del PRI, estim\u00f3 que Alejandro Moreno no es el candidato presidencial que requiere la oposici\u00f3n para competir con posibilidades reales de \u00e9xito.<\/p>\n\n\n\n<p>\u201cEs muy peque\u00f1o, adem\u00e1s tiene problemas internos y su llegada a la presidencia del partido no est\u00e1 muy clara\u201d.<\/p>\n\n\n\n<p><a href=\"mailto:rolando.ramos@eleconomista.mx\">rolando.ramos@eleconomista.mx<\/a><\/p>\n\n\n\n<p>Fuente: https:\/\/www.eleconomista.com.mx\/politica\/Ven-viable-una-candidatura-unica-opositora-para-2024-20220516-0153.html<\/p>\n","protected":false},"excerpt":{"rendered":"<p>Si se une, la oposici\u00f3n en su conjunto s\u00ed tiene posibilidades de ganar la presidencia de la Rep\u00fablica en 2024, [&hellip;]<\/p>\n","protected":false},"author":1,"featured_media":27839,"comment_status":"open","ping_status":"open","sticky":false,"template":"","format":"standard","meta":{"site-sidebar-layout":"default","site-content-layout":"","ast-site-content-layout":"default","site-content-style":"default","site-sidebar-style":"default","ast-global-header-display":"","ast-banner-title-visibility":"","ast-main-header-display":"","ast-hfb-above-header-display":"","ast-hfb-below-header-display":"","ast-hfb-mobile-header-display":"","site-post-title":"","ast-breadcrumbs-content":"","ast-featured-img":"","footer-sml-layout":"","theme-transparent-header-meta":"","adv-header-id-meta":"","stick-header-meta":"","header-above-stick-meta":"","header-main-stick-meta":"","header-below-stick-meta":"","astra-migrate-meta-layouts":"default","ast-page-background-enabled":"default","ast-page-background-meta":{"desktop":{"background-color":"var(--ast-global-color-4)","background-image":"","background-repeat":"repeat","background-position":"center center","background-size":"auto","background-attachment":"scroll","background-type":"","background-media":"","overlay-type":"","overlay-color":"","overlay-opacity":"","overlay-gradient":""},"tablet":{"background-color":"","background-image":"","background-repeat":"repeat","background-position":"center center","background-size":"auto","background-attachment":"scroll","background-type":"","background-media":"","overlay-type":"","overlay-color":"","overlay-opacity":"","overlay-gradient":""},"mobile":{"background-color":"","background-image":"","background-repeat":"repeat","background-position":"center center","background-size":"auto","background-attachment":"scroll","background-type":"","background-media":"","overlay-type":"","overlay-color":"","overlay-opacity":"","overlay-gradient":""}},"ast-content-background-meta":{"desktop":{"background-color":"var(--ast-global-color-5)","background-image":"","background-repeat":"repeat","background-position":"center center","background-size":"auto","background-attachment":"scroll","background-type":"","background-media":"","overlay-type":"","overlay-color":"","overlay-opacity":"","overlay-gradient":""},"tablet":{"background-color":"var(--ast-global-color-5)","background-image":"","background-repeat":"repeat","background-position":"center center","background-size":"auto","background-attachment":"scroll","background-type":"","background-media":"","overlay-type":"","overlay-color":"","overlay-opacity":"","overlay-gradient":""},"mobile":{"background-color":"var(--ast-global-color-5)","background-image":"","background-repeat":"repeat","background-position":"center center","background-size":"auto","background-attachment":"scroll","background-type":"","background-media":"","overlay-type":"","overlay-color":"","overlay-opacity":"","overlay-gradient":""}},"footnotes":""},"categories":[8],"tags":[10182,5743,4973],"class_list":["post-27838","post","type-post","status-publish","format-standard","has-post-thumbnail","hentry","category-noticias","tag-candidato-unidad","tag-elecciones-mexico-2024","tag-si-por-mexico"],"_links":{"self":[{"href":"https:\/\/losperiodistas.com.mx\/portal\/wp-json\/wp\/v2\/posts\/27838","targetHints":{"allow":["GET"]}}],"collection":[{"href":"https:\/\/losperiodistas.com.mx\/portal\/wp-json\/wp\/v2\/posts"}],"about":[{"href":"https:\/\/losperiodistas.com.mx\/portal\/wp-json\/wp\/v2\/types\/post"}],"author":[{"embeddable":true,"href":"https:\/\/losperiodistas.com.mx\/portal\/wp-json\/wp\/v2\/users\/1"}],"replies":[{"embeddable":true,"href":"https:\/\/losperiodistas.com.mx\/portal\/wp-json\/wp\/v2\/comments?post=27838"}],"version-history":[{"count":1,"href":"https:\/\/losperiodistas.com.mx\/portal\/wp-json\/wp\/v2\/posts\/27838\/revisions"}],"predecessor-version":[{"id":27840,"href":"https:\/\/losperiodistas.com.mx\/portal\/wp-json\/wp\/v2\/posts\/27838\/revisions\/27840"}],"wp:featuredmedia":[{"embeddable":true,"href":"https:\/\/losperiodistas.com.mx\/portal\/wp-json\/wp\/v2\/media\/27839"}],"wp:attachment":[{"href":"https:\/\/losperiodistas.com.mx\/portal\/wp-json\/wp\/v2\/media?parent=27838"}],"wp:term":[{"taxonomy":"category","embeddable":true,"href":"https:\/\/losperiodistas.com.mx\/portal\/wp-json\/wp\/v2\/categories?post=27838"},{"taxonomy":"post_tag","embeddable":true,"href":"https:\/\/losperiodistas.com.mx\/portal\/wp-json\/wp\/v2\/tags?post=27838"}],"curies":[{"name":"wp","href":"https:\/\/api.w.org\/{rel}","templated":true}]}}