{"id":27835,"date":"2022-05-17T07:05:53","date_gmt":"2022-05-17T12:05:53","guid":{"rendered":"http:\/\/losperiodistas.com.mx\/portal\/?p=27835"},"modified":"2022-05-17T07:05:55","modified_gmt":"2022-05-17T12:05:55","slug":"unam-respondio-a-los-ataques-de-amlo-miles-de-universitarios-se-entregaron-con-pasion-infobae","status":"publish","type":"post","link":"https:\/\/losperiodistas.com.mx\/portal\/unam-respondio-a-los-ataques-de-amlo-miles-de-universitarios-se-entregaron-con-pasion-infobae\/","title":{"rendered":"UNAM respondi\u00f3 a los ataques de AMLO: \u201cMiles de universitarios se entregaron con pasi\u00f3n\u201d | Infobae"},"content":{"rendered":"\n<p><em>El presidente de M\u00e9xico asegur\u00f3 en conferencia que durante la pandemia, m\u00e9dicas y m\u00e9dicos de la UNAM \u201cse fueron a sus casas\u201d<\/em><\/p>\n\n\n\n<figure class=\"wp-block-image size-large\"><img fetchpriority=\"high\" decoding=\"async\" width=\"1024\" height=\"683\" src=\"https:\/\/losperiodistas.com.mx\/portal\/wp-content\/uploads\/2022\/05\/NBXWNOUZDVDY3CDDIY3TWCBDIU-1024x683.jpg\" alt=\"\" class=\"wp-image-27836\" srcset=\"https:\/\/losperiodistas.com.mx\/portal\/wp-content\/uploads\/2022\/05\/NBXWNOUZDVDY3CDDIY3TWCBDIU-1024x683.jpg 1024w, https:\/\/losperiodistas.com.mx\/portal\/wp-content\/uploads\/2022\/05\/NBXWNOUZDVDY3CDDIY3TWCBDIU-300x200.jpg 300w, https:\/\/losperiodistas.com.mx\/portal\/wp-content\/uploads\/2022\/05\/NBXWNOUZDVDY3CDDIY3TWCBDIU-768x512.jpg 768w, https:\/\/losperiodistas.com.mx\/portal\/wp-content\/uploads\/2022\/05\/NBXWNOUZDVDY3CDDIY3TWCBDIU.jpg 1440w\" sizes=\"(max-width: 1024px) 100vw, 1024px\" \/><figcaption>UNAM respondi\u00f3 a los ataques de AMLO: \u201cMiles de universitarios se entregaron con pasi\u00f3n\u201d FOTO: ROGELIO MORALES \/CUARTOSCURO.COM<\/figcaption><\/figure>\n\n\n\n<p class=\"has-vivid-cyan-blue-color has-text-color has-medium-font-size\">INFOBAE<\/p>\n\n\n\n<p>Andr\u00e9s Manuel L\u00f3pez Obrador (AMLO), presidente de la Rep\u00fablica, se lanz\u00f3 nuevamente contra la Universidad Nacional Aut\u00f3noma de M\u00e9xico (UNAM) durante su m\u00e1s reciente conferencia ma\u00f1anera, por el supuesto actual de su comunidad m\u00e9dica en la pandemia.<\/p>\n\n\n\n<p>De acuerdo con el jefe del Ejecutivo Federal, las autoridades de la UNAM&nbsp;<strong>enviaron a sus m\u00e9dicos, estudiantes, internos, etc\u00e9tera a sus casas<\/strong>, en vez de convocarlos a enfrentar la pandemia por COVID-19 que azot\u00f3 a gran parte del mundo.<\/p>\n\n\n\n<blockquote class=\"wp-block-quote is-layout-flow wp-block-quote-is-layout-flow\"><p>Eso no deben hacer las universidades, ni p\u00fablicas ni privadas, pero mucho menos las p\u00fablicas y mucho menos la UNAM, pero entiendo<\/p><\/blockquote>\n\n\n\n<p><img decoding=\"async\" alt=\"AMLO acus\u00f3 que la UNAM envi\u00f3 a sus m\u00e9dicas y m\u00e9dicos a casa durante la pandemia\n\nREUTERS\/Daniel Becerril\" height=\"3667\" width=\"5500\" class=\"\" src=\"https:\/\/cloudfront-us-east-1.images.arcpublishing.com\/infobae\/BE44GPYXTRAVDMKNO66VPUTQZA.jpg\" srcset=\"https:\/\/www.infobae.com\/new-resizer\/j42Rw7phnVmjoBItGDi34vwXSDQ=\/420x280\/filters:format(webp):quality(85)\/cloudfront-us-east-1.images.arcpublishing.com\/infobae\/BE44GPYXTRAVDMKNO66VPUTQZA.jpg 420w,https:\/\/www.infobae.com\/new-resizer\/yRNLDozLe3Oh9OYxPp1HOQNpCUc=\/768x512\/filters:format(webp):quality(85)\/cloudfront-us-east-1.images.arcpublishing.com\/infobae\/BE44GPYXTRAVDMKNO66VPUTQZA.jpg 768w,https:\/\/www.infobae.com\/new-resizer\/SmQpVu5oNW__95FvDws65JAZnfs=\/992x661\/filters:format(webp):quality(85)\/cloudfront-us-east-1.images.arcpublishing.com\/infobae\/BE44GPYXTRAVDMKNO66VPUTQZA.jpg 992w,https:\/\/www.infobae.com\/new-resizer\/SdQD78xytY96gWP6XdMw-KxFlsQ=\/1200x800\/filters:format(webp):quality(85)\/cloudfront-us-east-1.images.arcpublishing.com\/infobae\/BE44GPYXTRAVDMKNO66VPUTQZA.jpg 1200w,https:\/\/www.infobae.com\/new-resizer\/pRH3crtREwSkZQFm5U7ClyhfxO8=\/1440x960\/filters:format(webp):quality(85)\/cloudfront-us-east-1.images.arcpublishing.com\/infobae\/BE44GPYXTRAVDMKNO66VPUTQZA.jpg 1440w\">AMLO acus\u00f3 que la UNAM envi\u00f3 a sus m\u00e9dicas y m\u00e9dicos a casa durante la pandemia REUTERS\/Daniel Becerril<\/p>\n\n\n\n<p>Al respecto, la Universidad Nacional Aut\u00f3noma de M\u00e9xico ofreci\u00f3 un posicionamiento a trav\u00e9s de su Sala de Prensa; en \u00e9ste, hizo algunas declaraciones al respecto de los se\u00f1alamientos sobre los estudios a distancia durante la pandemia por COVID-19.<\/p>\n\n\n\n<p>En primer lugar, aseguraron que las autoridades sanitarias ordenaron la suspensi\u00f3n de actividades el d\u00eda 19 de marzo de 2020, cuando los contagios por SARS-CoV-2 comenzaban a crecer de manera preocupante; y solicit\u00f3 a directores y directoras de Hospitales y Jurisdicciones<strong>&nbsp;que los estudiantes no acudieran a las instituciones de salud.<\/strong><\/p>\n\n\n\n<p>En ese mismo d\u00eda, en el mismo acuerdo, se impidi\u00f3, adem\u00e1s, que los internos de pregrado en hospitales de primer y segundo nivel de atenci\u00f3n. Con el objetivo de contener los contagios y cuidar la salud, la Universidad decidi\u00f3 apegarse al aviso.<\/p>\n\n\n\n<p>Sin embargo, fue desde el \u00faltimo cuatrimestre de 2021 cuando los estudiantes se integraron de manera paulatina a las actividades hospitalarias, de acuerdo con las propias reglas de prevenci\u00f3n de las instituciones de salud.<img decoding=\"async\" alt=\"La UNAM record\u00f3 que universitarias y universitarios participaron en la aplicaci\u00f3n de pruebas COVID y en las jornadas de vacunaci\u00f3n\n\nFoto: Karina Hern\u00e1ndez \/ Infobae\" height=\"3264\" width=\"4896\" class=\"\" src=\"https:\/\/cloudfront-us-east-1.images.arcpublishing.com\/infobae\/YVVDGZG6BJA4HGUF5JNNBZJMAM.JPG\" srcset=\"https:\/\/www.infobae.com\/new-resizer\/77n3vD8deEhMIoMXeGOTj2ybe6M=\/420x280\/filters:format(webp):quality(85)\/cloudfront-us-east-1.images.arcpublishing.com\/infobae\/YVVDGZG6BJA4HGUF5JNNBZJMAM.JPG 420w,https:\/\/www.infobae.com\/new-resizer\/tlRz2RclV-hB_mt4jYWyTlSnmNs=\/768x512\/filters:format(webp):quality(85)\/cloudfront-us-east-1.images.arcpublishing.com\/infobae\/YVVDGZG6BJA4HGUF5JNNBZJMAM.JPG 768w,https:\/\/www.infobae.com\/new-resizer\/QUjdkIDp8t4h0c0j-VrTY_m0T6Y=\/992x661\/filters:format(webp):quality(85)\/cloudfront-us-east-1.images.arcpublishing.com\/infobae\/YVVDGZG6BJA4HGUF5JNNBZJMAM.JPG 992w,https:\/\/www.infobae.com\/new-resizer\/UA3LsTEbCe8EP5i7drDKXoJ12Js=\/1200x800\/filters:format(webp):quality(85)\/cloudfront-us-east-1.images.arcpublishing.com\/infobae\/YVVDGZG6BJA4HGUF5JNNBZJMAM.JPG 1200w,https:\/\/www.infobae.com\/new-resizer\/-ftXCxzBe5BSIOAyMg8xoDy8qvs=\/1440x960\/filters:format(webp):quality(85)\/cloudfront-us-east-1.images.arcpublishing.com\/infobae\/YVVDGZG6BJA4HGUF5JNNBZJMAM.JPG 1440w\">La UNAM record\u00f3 que universitarias y universitarios participaron en la aplicaci\u00f3n de pruebas COVID y en las jornadas de vacunaci\u00f3n Foto: Karina Hern\u00e1ndez \/ Infobae<\/p>\n\n\n\n<p>Por otra parte, los pasantes que se encontraban en su servicio social dentro de unidades hospitalarias, tuvieron que ser trasladados a centros de salud, de acuerdo con las instrucciones sanitarias, pero&nbsp;<strong>continuaron brindando su apoyo ahora en el Programa Nacional de Salud.<\/strong>PUBLICIDAD<\/p>\n\n\n\n<p>Adem\u00e1s, agregaron que los pasantes que se ubicaban entonces en las \u00e1reas rurales<strong>, tuvieron que permanecer en ellas haciendo frente a las carencias de dichas poblaciones<\/strong>, adem\u00e1s de los efectos que sumo la pandemia en \u201cla poblaci\u00f3n rural marginada\u201d.<\/p>\n\n\n\n<p>\u201cEn esas condiciones actuaron los m\u00e1s de mil quinientos pasantes de medicina de la UNAM, quienes se sumaron a los 14 mil pasantes de otras instituciones educativas del pa\u00eds\u201d, aseguraron.<\/p>\n\n\n\n<p>En un tercer punto, hicieron hincapi\u00e9 en que aproximadamente 15 mil m\u00e9dicos residentes, quienes se encontraban en posgrados de especialidad, estuvieron presente durante los meses que ha durado la pandemia, incluso durante el periodo de encierro.<\/p>\n\n\n\n<p>\u201cMostraron&nbsp;<strong>gran&nbsp;profesionalismo, empat\u00eda&nbsp; y dedicaci\u00f3n en jornadas extenuantes de trabajo, no obstante los riesgos a su salud y la de sus allegados y&nbsp; familiares<\/strong>\u201d, aseguraron las autoridades universitarias.<\/p>\n\n\n\n<blockquote class=\"wp-block-quote is-layout-flow wp-block-quote-is-layout-flow\"><p>Los m\u00e9dicos, investigadores, docentes, y estudiantes de medicina y enfermer\u00eda de la UNAM se mantuvieron siempre en la primera l\u00ednea de contenci\u00f3n al virus SARS-CoV-2 y en la atenci\u00f3n a pacientes infectados.<\/p><\/blockquote>\n\n\n\n<p><img loading=\"lazy\" decoding=\"async\" alt=\"UNAM respondi\u00f3 a las acusaciones de AMLO (Foto: Presidencia de M\u00e9xico)\" height=\"682\" width=\"1024\" class=\"\" src=\"https:\/\/cloudfront-us-east-1.images.arcpublishing.com\/infobae\/ZEE7OFS7QBDHZAPGFOC2EUDBMU.jpeg\" srcset=\"https:\/\/www.infobae.com\/new-resizer\/wege7MfByTSfEq30d8kdT-vRJu0=\/420x280\/filters:format(webp):quality(85)\/cloudfront-us-east-1.images.arcpublishing.com\/infobae\/ZEE7OFS7QBDHZAPGFOC2EUDBMU.jpeg 420w,https:\/\/www.infobae.com\/new-resizer\/czcQf9w3ZMmceW5ODoWtTvs6pjQ=\/768x512\/filters:format(webp):quality(85)\/cloudfront-us-east-1.images.arcpublishing.com\/infobae\/ZEE7OFS7QBDHZAPGFOC2EUDBMU.jpeg 768w,https:\/\/www.infobae.com\/new-resizer\/CEZ5IIu1iDp9Pmm9a8qQfHobu7I=\/992x661\/filters:format(webp):quality(85)\/cloudfront-us-east-1.images.arcpublishing.com\/infobae\/ZEE7OFS7QBDHZAPGFOC2EUDBMU.jpeg 992w,https:\/\/www.infobae.com\/new-resizer\/Km7Qtr65hNMeK_YLQ0x0n3Di3VM=\/1200x800\/filters:format(webp):quality(85)\/cloudfront-us-east-1.images.arcpublishing.com\/infobae\/ZEE7OFS7QBDHZAPGFOC2EUDBMU.jpeg 1200w,https:\/\/www.infobae.com\/new-resizer\/cdi3X5IAzf3D28w4eDrG0WNVfdg=\/1440x960\/filters:format(webp):quality(85)\/cloudfront-us-east-1.images.arcpublishing.com\/infobae\/ZEE7OFS7QBDHZAPGFOC2EUDBMU.jpeg 1440w\">UNAM respondi\u00f3 a las acusaciones de AMLO (Foto: Presidencia de M\u00e9xico)<\/p>\n\n\n\n<p>Tambi\u00e9n informaron que hubo diversas actividades extraordinarias en las que sus profesionales fueron requeridos.&nbsp;<strong>Tal es el caso de la operaci\u00f3n m\u00e9dica de la Unidad Temporal COVID-19, del centro Citibanamex en la Ciudad de M\u00e9xico<\/strong>.<\/p>\n\n\n\n<p>De acuerdo con la informaci\u00f3n proporcionada, en el inmueble se presentaron<strong>&nbsp;m\u00e9dicas y m\u00e9dicos pasantes, egresados y egresadas, fisioterapeutas;&nbsp; enfermeros y enfermeras, de las entidades acad\u00e9micas de la Facultad de Medicina,&nbsp;FES Iztacala y Zaragoza, as\u00ed como de la ENEO.<\/strong><\/p>\n\n\n\n<p>Adem\u00e1s, se montaron diversos puestos de pruebas COVID-19, en las que personal m\u00e9dico universitario logr\u00f3 practicar hasta<strong>&nbsp;23 mil pruebas en diversas cedes ubicadas principalmente en la Ciudad de M\u00e9xico, adem\u00e1s de las sedes de la UNAM habilitadas como centros de vacunaci\u00f3n.<\/strong><\/p>\n\n\n\n<p>Adem\u00e1s, hasta 226 hospitales privados solicitaron a m\u00e9dicas y m\u00e9dicos universitarios a trav\u00e9s de la iniciativa p\u00fablica Juntos por la Salud, con<strong>&nbsp;el objetivo de que sus cl\u00ednicas pudieran atender personas que no presentaran cuadros COVID.<\/strong><img loading=\"lazy\" decoding=\"async\" alt=\"AMLO arremeti\u00f3 contra la UNAM en conferencia de prensa (Foto: Presidencia de M\u00e9xico)\" height=\"682\" width=\"1024\" class=\"\" src=\"https:\/\/cloudfront-us-east-1.images.arcpublishing.com\/infobae\/GJ26UE3AQZHCLNSDKZOKCXGUUE.jpeg\" srcset=\"https:\/\/www.infobae.com\/new-resizer\/5FyhfnYreUdItlB5e7vCy8ftzl4=\/420x280\/filters:format(webp):quality(85)\/cloudfront-us-east-1.images.arcpublishing.com\/infobae\/GJ26UE3AQZHCLNSDKZOKCXGUUE.jpeg 420w,https:\/\/www.infobae.com\/new-resizer\/_i8KvE1_Fs4HikKNcRVmnadk_hU=\/768x512\/filters:format(webp):quality(85)\/cloudfront-us-east-1.images.arcpublishing.com\/infobae\/GJ26UE3AQZHCLNSDKZOKCXGUUE.jpeg 768w,https:\/\/www.infobae.com\/new-resizer\/TmFJWKkmdUBknotgjYagEDGzc6Y=\/992x661\/filters:format(webp):quality(85)\/cloudfront-us-east-1.images.arcpublishing.com\/infobae\/GJ26UE3AQZHCLNSDKZOKCXGUUE.jpeg 992w,https:\/\/www.infobae.com\/new-resizer\/rB1aAfRbPJSFtP36ICvSJNDZJvY=\/1200x800\/filters:format(webp):quality(85)\/cloudfront-us-east-1.images.arcpublishing.com\/infobae\/GJ26UE3AQZHCLNSDKZOKCXGUUE.jpeg 1200w,https:\/\/www.infobae.com\/new-resizer\/rtYYVqfYBQw1HNY5WyM7dBYhH5o=\/1440x960\/filters:format(webp):quality(85)\/cloudfront-us-east-1.images.arcpublishing.com\/infobae\/GJ26UE3AQZHCLNSDKZOKCXGUUE.jpeg 1440w\">AMLO arremeti\u00f3 contra la UNAM en conferencia de prensa (Foto: Presidencia de M\u00e9xico)<\/p>\n\n\n\n<p>Agregaron que desde la Universidad Nacional Aut\u00f3noma de M\u00e9xico y la Fundaci\u00f3n UNAM se adquirieron y distribuyeron hasta 4 mil 700 respiradores, adem\u00e1s del<strong>&nbsp;reparto de 1.3 millones de kits en 300 hospitales del pa\u00eds, incluidos 2.6 millones de cubrebocas<\/strong>, y m\u00e1s de 800 mil kits a profesionales de la salud de instituciones p\u00fablicas de toda la Rep\u00fablica.<\/p>\n\n\n\n<p>Tambi\u00e9n a\u00f1adieron al conteo la&nbsp;<strong>capacitaci\u00f3n de aproximadamente 21 mil personas alrededor de la prevenci\u00f3n y atenci\u00f3n de COVID-19<\/strong>; el asesoramiento a la ciudadan\u00eda en general a trav\u00e9s del Call &amp; Chat Center; o la capacitaci\u00f3n de&nbsp;<strong>mil 133 estudiantes y acad\u00e9micos de las carreras de Medicina, Enfermer\u00eda y Odontolog\u00eda.<\/strong><\/p>\n\n\n\n<p>\u201cSirvan estos datos y esta aclaraci\u00f3n<strong>\u00a0para que la sociedad est\u00e9 debidamente informada sobre el quehacer acad\u00e9mico<\/strong>\u00a0y el compromiso de la Universidad Nacional Aut\u00f3noma de M\u00e9xico\u201d, concluyeron las autoridades universitarias.<\/p>\n\n\n\n<p>Fuente: https:\/\/www.infobae.com\/america\/mexico\/2022\/05\/17\/unam-respondio-a-los-ataques-de-amlo-miles-de-universitarios-se-entregaron-con-pasion\/<\/p>\n","protected":false},"excerpt":{"rendered":"<p>El presidente de M\u00e9xico asegur\u00f3 en conferencia que durante la pandemia, m\u00e9dicas y m\u00e9dicos de la UNAM \u201cse fueron a [&hellip;]<\/p>\n","protected":false},"author":1,"featured_media":27836,"comment_status":"open","ping_status":"open","sticky":false,"template":"","format":"standard","meta":{"site-sidebar-layout":"default","site-content-layout":"","ast-site-content-layout":"default","site-content-style":"default","site-sidebar-style":"default","ast-global-header-display":"","ast-banner-title-visibility":"","ast-main-header-display":"","ast-hfb-above-header-display":"","ast-hfb-below-header-display":"","ast-hfb-mobile-header-display":"","site-post-title":"","ast-breadcrumbs-content":"","ast-featured-img":"","footer-sml-layout":"","theme-transparent-header-meta":"","adv-header-id-meta":"","stick-header-meta":"","header-above-stick-meta":"","header-main-stick-meta":"","header-below-stick-meta":"","astra-migrate-meta-layouts":"default","ast-page-background-enabled":"default","ast-page-background-meta":{"desktop":{"background-color":"var(--ast-global-color-4)","background-image":"","background-repeat":"repeat","background-position":"center center","background-size":"auto","background-attachment":"scroll","background-type":"","background-media":"","overlay-type":"","overlay-color":"","overlay-opacity":"","overlay-gradient":""},"tablet":{"background-color":"","background-image":"","background-repeat":"repeat","background-position":"center center","background-size":"auto","background-attachment":"scroll","background-type":"","background-media":"","overlay-type":"","overlay-color":"","overlay-opacity":"","overlay-gradient":""},"mobile":{"background-color":"","background-image":"","background-repeat":"repeat","background-position":"center center","background-size":"auto","background-attachment":"scroll","background-type":"","background-media":"","overlay-type":"","overlay-color":"","overlay-opacity":"","overlay-gradient":""}},"ast-content-background-meta":{"desktop":{"background-color":"var(--ast-global-color-5)","background-image":"","background-repeat":"repeat","background-position":"center center","background-size":"auto","background-attachment":"scroll","background-type":"","background-media":"","overlay-type":"","overlay-color":"","overlay-opacity":"","overlay-gradient":""},"tablet":{"background-color":"var(--ast-global-color-5)","background-image":"","background-repeat":"repeat","background-position":"center center","background-size":"auto","background-attachment":"scroll","background-type":"","background-media":"","overlay-type":"","overlay-color":"","overlay-opacity":"","overlay-gradient":""},"mobile":{"background-color":"var(--ast-global-color-5)","background-image":"","background-repeat":"repeat","background-position":"center center","background-size":"auto","background-attachment":"scroll","background-type":"","background-media":"","overlay-type":"","overlay-color":"","overlay-opacity":"","overlay-gradient":""}},"footnotes":""},"categories":[8],"tags":[199,10181,2672],"class_list":["post-27835","post","type-post","status-publish","format-standard","has-post-thumbnail","hentry","category-noticias","tag-amlo","tag-medico-cubanos","tag-unam"],"_links":{"self":[{"href":"https:\/\/losperiodistas.com.mx\/portal\/wp-json\/wp\/v2\/posts\/27835","targetHints":{"allow":["GET"]}}],"collection":[{"href":"https:\/\/losperiodistas.com.mx\/portal\/wp-json\/wp\/v2\/posts"}],"about":[{"href":"https:\/\/losperiodistas.com.mx\/portal\/wp-json\/wp\/v2\/types\/post"}],"author":[{"embeddable":true,"href":"https:\/\/losperiodistas.com.mx\/portal\/wp-json\/wp\/v2\/users\/1"}],"replies":[{"embeddable":true,"href":"https:\/\/losperiodistas.com.mx\/portal\/wp-json\/wp\/v2\/comments?post=27835"}],"version-history":[{"count":1,"href":"https:\/\/losperiodistas.com.mx\/portal\/wp-json\/wp\/v2\/posts\/27835\/revisions"}],"predecessor-version":[{"id":27837,"href":"https:\/\/losperiodistas.com.mx\/portal\/wp-json\/wp\/v2\/posts\/27835\/revisions\/27837"}],"wp:featuredmedia":[{"embeddable":true,"href":"https:\/\/losperiodistas.com.mx\/portal\/wp-json\/wp\/v2\/media\/27836"}],"wp:attachment":[{"href":"https:\/\/losperiodistas.com.mx\/portal\/wp-json\/wp\/v2\/media?parent=27835"}],"wp:term":[{"taxonomy":"category","embeddable":true,"href":"https:\/\/losperiodistas.com.mx\/portal\/wp-json\/wp\/v2\/categories?post=27835"},{"taxonomy":"post_tag","embeddable":true,"href":"https:\/\/losperiodistas.com.mx\/portal\/wp-json\/wp\/v2\/tags?post=27835"}],"curies":[{"name":"wp","href":"https:\/\/api.w.org\/{rel}","templated":true}]}}