{"id":27832,"date":"2022-05-17T06:58:52","date_gmt":"2022-05-17T11:58:52","guid":{"rendered":"http:\/\/losperiodistas.com.mx\/portal\/?p=27832"},"modified":"2022-05-17T06:58:53","modified_gmt":"2022-05-17T11:58:53","slug":"parquimetros-podran-usarse-un-maximo-de-4-horas-por-dia-oem","status":"publish","type":"post","link":"https:\/\/losperiodistas.com.mx\/portal\/parquimetros-podran-usarse-un-maximo-de-4-horas-por-dia-oem\/","title":{"rendered":"Parqu\u00edmetros podr\u00e1n usarse un m\u00e1ximo de 4 horas por d\u00eda | OEM"},"content":{"rendered":"\n<p><em>Quienes requieran de m\u00e1s tiempo para estacionar sus veh\u00edculos, deber\u00e1n buscar un estacionamiento privado<\/em><\/p>\n\n\n\n<figure class=\"wp-block-image size-large\"><img fetchpriority=\"high\" decoding=\"async\" width=\"1024\" height=\"728\" src=\"https:\/\/losperiodistas.com.mx\/portal\/wp-content\/uploads\/2022\/05\/Captura-de-Pantalla-2022-05-17-a-las-6.54.27-1024x728.jpg\" alt=\"\" class=\"wp-image-27833\" srcset=\"https:\/\/losperiodistas.com.mx\/portal\/wp-content\/uploads\/2022\/05\/Captura-de-Pantalla-2022-05-17-a-las-6.54.27-1024x728.jpg 1024w, https:\/\/losperiodistas.com.mx\/portal\/wp-content\/uploads\/2022\/05\/Captura-de-Pantalla-2022-05-17-a-las-6.54.27-300x213.jpg 300w, https:\/\/losperiodistas.com.mx\/portal\/wp-content\/uploads\/2022\/05\/Captura-de-Pantalla-2022-05-17-a-las-6.54.27-768x546.jpg 768w, https:\/\/losperiodistas.com.mx\/portal\/wp-content\/uploads\/2022\/05\/Captura-de-Pantalla-2022-05-17-a-las-6.54.27.jpg 1506w\" sizes=\"(max-width: 1024px) 100vw, 1024px\" \/><\/figure>\n\n\n\n<p><\/p>\n\n\n\n<p class=\"has-vivid-cyan-blue-color has-text-color has-medium-font-size\">MARTHA CUAYA \/ EL SOL DE PUEBLA<\/p>\n\n\n\n<p>Los<strong>&nbsp;parqu\u00edmetros solo podr\u00e1n usarse cuatro horas al d\u00eda<\/strong>, por lo que en caso de requerir m\u00e1s tiempo, los usuarios&nbsp;<strong>deber\u00e1n buscar un estacionamiento privado<\/strong>&nbsp;por las horas que necesiten o en su caso pagar una pensi\u00f3n.<\/p>\n\n\n\n<p>De acuerdo con la subsecretaria de Movilidad,<strong>\u00a0Rub\u00ed V\u00e1zquez Cruz,<\/strong>\u00a0esta medida\u00a0<strong>aplicar\u00e1 para autom\u00f3viles y motocicletas,\u00a0<\/strong>pues lo que se busca es que se aproveche el espacio p\u00fablico.<\/p>\n\n\n\n<p>Sin embargo, con esto\u00a0<strong>aquellas personas que usen los parqu\u00edmetros las cuatro horas de l\u00edmite deber\u00e1n pagar 20 pesos,<\/strong>\u00a0m\u00e1s lo que les cobren en un estacionamiento por el tiempo restante que necesiten.<\/p>\n\n\n\n<p>De no ser as\u00ed,&nbsp;<strong>tendr\u00edan que costear una pensi\u00f3n&nbsp;<\/strong>a fin de que puedan resguardar su medio de transporte.<\/p>\n\n\n\n<p><strong><em>\u201cPor veh\u00edculos son solo cuatro horas m\u00e1ximo, si necesitan m\u00e1s tiempo y ya se terminaron sus cuatro horas, entonces ya van a tener que hacer uso de estacionamiento particular, la placa se registra cuatro horas por el d\u00eda, por horario del parqu\u00edmetro que es de ocho de la ma\u00f1ana hasta 10 de la noche, en ese horario pueden hacer uso de las cuatro horas en cualquier zona dentro del pol\u00edgono y al otro d\u00eda se va reiniciar y van a poder hacer uso nuevamente\u201d,<\/em><\/strong>&nbsp;declar\u00f3.<\/p>\n\n\n\n<p>La funcionaria explic\u00f3 que&nbsp;<strong>el ciudadano registrar\u00e1 su placa y con ello podr\u00e1 estacionarse en cualquier caj\u00f3n&nbsp;<\/strong>que entre en el cuadrante de la 17 a la 12 Poniente- Oriente y del Bulevar 5 de Mayo a la 13 Norte- Sur.<\/p>\n\n\n\n<p>Detall\u00f3 que si una hora quiere estar en una calle y despu\u00e9s moverse a otro espacio de aparcamiento lo podr\u00e1 hacer, pero<strong>&nbsp;al cumplir las cuatro horas m\u00e1ximo, ya no le permitir\u00e1n usar los parqu\u00edmetros<\/strong>&nbsp;y el usuario deber\u00e1 buscar d\u00f3nde estacionar su veh\u00edculo.<\/p>\n\n\n\n<p>Con ello, desde el Ayuntamiento de Puebla&nbsp;<strong>promover\u00e1n que los ciudadanos viajen en autos compartidos<\/strong>, lo que quiere decir que si varias personas viven cerca y trabajan en el centro, juntos paguen una pensi\u00f3n para el auto.<\/p>\n\n\n\n<h2 class=\"wp-block-heading\"><strong>NO HABR\u00c1 N\u00daMERO DE CAJ\u00d3N, NI DISPOSITIVOS F\u00cdSICOS DE PAGO<\/strong><\/h2>\n\n\n\n<p>V\u00e1zquez Cruz detall\u00f3 que\u00a0<strong>no se pondr\u00e1 un n\u00famero a los 4 mil 638 cajones,\u00a0<\/strong>pues lo que importar\u00e1 es la placa que el ciudadano registre, m\u00e1s no la calle donde se ubique, siempre y cuando pague por ello.<\/p>\n\n\n\n<p>Asimismo, puntualiz\u00f3 que&nbsp;<strong>tampoco se colocar\u00e1n dispositivos para pagar<\/strong>&nbsp;los parqu\u00edmetros en la v\u00eda p\u00fablica como funcionaba en otros municipios del estado de Puebla, puesto que habr\u00e1 tres maneras de cobro.<\/p>\n\n\n\n<p>La primera&nbsp;<strong>ser\u00e1 a trav\u00e9s de la aplicaci\u00f3n de Parkim\u00f3vil,<\/strong>&nbsp;en la que el usuario deber\u00e1 registrarse y colocar la placa de su auto, as\u00ed como las horas que se va a utilizar el caj\u00f3n de aparcamiento.<\/p>\n\n\n\n<p>Como segunda opci\u00f3n, podr\u00e1n hacerlo por medio de los establecimientos que estar\u00e1n afiliados a este programa de \u201cEstacionamiento Seguro\u201d y que contar\u00e1n con un distintivo para que la ciudadan\u00eda los identifique.<\/p>\n\n\n\n<p>En caso de no querer una de estas alternativas,<strong>&nbsp;podr\u00e1n pagar por un mensaje de texto,<\/strong>&nbsp;en el que se contratar\u00e1 un saldo y con ello pagar\u00e1n el tiempo que ocupen.<\/p>\n\n\n\n<p>Adem\u00e1s para que quienes usen los parqu\u00edmetros est\u00e9n atentos al tiempo que llevan estacionados,&nbsp;<strong>se les enviar\u00e1n notificaciones cada 15 minutos al n\u00famero de tel\u00e9fono&nbsp;<\/strong>celular que registren.<\/p>\n\n\n\n<h2 class=\"wp-block-heading\"><strong>SUPERVISORES SE IDENTIFICAR\u00c1N CON UN CHALECO<\/strong><\/h2>\n\n\n\n<p>Referente a&nbsp;<strong>c\u00f3mo se ubicar\u00e1 a los 47 supervisores contratados<\/strong>&nbsp;para verificar el funcionamiento de los tambi\u00e9n conocidos como estacionamientos rotativos,&nbsp;<strong>Rub\u00ed V\u00e1zquez manifest\u00f3 que tendr\u00e1n un uniforme.<\/strong><\/p>\n\n\n\n<p>Contar\u00e1n con un chaleco azul con el logotipo del Ayuntamiento,&nbsp;<strong>en la espalda dir\u00e1 supervisor de movilidad&nbsp;<\/strong>y en la parte derecha tendr\u00e1 el c\u00f3digo QR de identificaci\u00f3n para que la ciudadan\u00eda est\u00e9 tranquila de que se trata de un trabajador del gobierno municipal.<\/p>\n\n\n\n<p>A partir de esta semana se realizar\u00e1n recorridos de reconocimiento de campo, pues habr\u00e1 un supervisor por cada 120 cajones de estacionamiento al funcionar el proyecto despu\u00e9s del 20 de mayo.<\/p>\n\n\n\n<p>Fuente: https:\/\/www.elsoldepuebla.com.mx\/local\/parquimetros-podran-usarse-un-maximo-de-4-horas-por-dia-8290145.html<\/p>\n","protected":false},"excerpt":{"rendered":"<p>Quienes requieran de m\u00e1s tiempo para estacionar sus veh\u00edculos, deber\u00e1n buscar un estacionamiento privado MARTHA CUAYA \/ EL SOL DE [&hellip;]<\/p>\n","protected":false},"author":1,"featured_media":27833,"comment_status":"open","ping_status":"open","sticky":false,"template":"","format":"standard","meta":{"site-sidebar-layout":"default","site-content-layout":"","ast-site-content-layout":"default","site-content-style":"default","site-sidebar-style":"default","ast-global-header-display":"","ast-banner-title-visibility":"","ast-main-header-display":"","ast-hfb-above-header-display":"","ast-hfb-below-header-display":"","ast-hfb-mobile-header-display":"","site-post-title":"","ast-breadcrumbs-content":"","ast-featured-img":"","footer-sml-layout":"","theme-transparent-header-meta":"","adv-header-id-meta":"","stick-header-meta":"","header-above-stick-meta":"","header-main-stick-meta":"","header-below-stick-meta":"","astra-migrate-meta-layouts":"default","ast-page-background-enabled":"default","ast-page-background-meta":{"desktop":{"background-color":"var(--ast-global-color-4)","background-image":"","background-repeat":"repeat","background-position":"center center","background-size":"auto","background-attachment":"scroll","background-type":"","background-media":"","overlay-type":"","overlay-color":"","overlay-opacity":"","overlay-gradient":""},"tablet":{"background-color":"","background-image":"","background-repeat":"repeat","background-position":"center center","background-size":"auto","background-attachment":"scroll","background-type":"","background-media":"","overlay-type":"","overlay-color":"","overlay-opacity":"","overlay-gradient":""},"mobile":{"background-color":"","background-image":"","background-repeat":"repeat","background-position":"center center","background-size":"auto","background-attachment":"scroll","background-type":"","background-media":"","overlay-type":"","overlay-color":"","overlay-opacity":"","overlay-gradient":""}},"ast-content-background-meta":{"desktop":{"background-color":"var(--ast-global-color-5)","background-image":"","background-repeat":"repeat","background-position":"center center","background-size":"auto","background-attachment":"scroll","background-type":"","background-media":"","overlay-type":"","overlay-color":"","overlay-opacity":"","overlay-gradient":""},"tablet":{"background-color":"var(--ast-global-color-5)","background-image":"","background-repeat":"repeat","background-position":"center center","background-size":"auto","background-attachment":"scroll","background-type":"","background-media":"","overlay-type":"","overlay-color":"","overlay-opacity":"","overlay-gradient":""},"mobile":{"background-color":"var(--ast-global-color-5)","background-image":"","background-repeat":"repeat","background-position":"center center","background-size":"auto","background-attachment":"scroll","background-type":"","background-media":"","overlay-type":"","overlay-color":"","overlay-opacity":"","overlay-gradient":""}},"footnotes":""},"categories":[8],"tags":[9235,7583],"class_list":["post-27832","post","type-post","status-publish","format-standard","has-post-thumbnail","hentry","category-noticias","tag-movilidad-puebla","tag-parquimetros-puebla"],"_links":{"self":[{"href":"https:\/\/losperiodistas.com.mx\/portal\/wp-json\/wp\/v2\/posts\/27832","targetHints":{"allow":["GET"]}}],"collection":[{"href":"https:\/\/losperiodistas.com.mx\/portal\/wp-json\/wp\/v2\/posts"}],"about":[{"href":"https:\/\/losperiodistas.com.mx\/portal\/wp-json\/wp\/v2\/types\/post"}],"author":[{"embeddable":true,"href":"https:\/\/losperiodistas.com.mx\/portal\/wp-json\/wp\/v2\/users\/1"}],"replies":[{"embeddable":true,"href":"https:\/\/losperiodistas.com.mx\/portal\/wp-json\/wp\/v2\/comments?post=27832"}],"version-history":[{"count":1,"href":"https:\/\/losperiodistas.com.mx\/portal\/wp-json\/wp\/v2\/posts\/27832\/revisions"}],"predecessor-version":[{"id":27834,"href":"https:\/\/losperiodistas.com.mx\/portal\/wp-json\/wp\/v2\/posts\/27832\/revisions\/27834"}],"wp:featuredmedia":[{"embeddable":true,"href":"https:\/\/losperiodistas.com.mx\/portal\/wp-json\/wp\/v2\/media\/27833"}],"wp:attachment":[{"href":"https:\/\/losperiodistas.com.mx\/portal\/wp-json\/wp\/v2\/media?parent=27832"}],"wp:term":[{"taxonomy":"category","embeddable":true,"href":"https:\/\/losperiodistas.com.mx\/portal\/wp-json\/wp\/v2\/categories?post=27832"},{"taxonomy":"post_tag","embeddable":true,"href":"https:\/\/losperiodistas.com.mx\/portal\/wp-json\/wp\/v2\/tags?post=27832"}],"curies":[{"name":"wp","href":"https:\/\/api.w.org\/{rel}","templated":true}]}}