{"id":27797,"date":"2022-05-16T07:45:22","date_gmt":"2022-05-16T12:45:22","guid":{"rendered":"http:\/\/losperiodistas.com.mx\/portal\/?p=27797"},"modified":"2022-05-16T09:26:57","modified_gmt":"2022-05-16T14:26:57","slug":"estigmatizacion-omision-y-feminicidios-lo-que-hay-detras-de-las-desapariciones-de-25-mil-mujeres-en-mexico","status":"publish","type":"post","link":"https:\/\/losperiodistas.com.mx\/portal\/estigmatizacion-omision-y-feminicidios-lo-que-hay-detras-de-las-desapariciones-de-25-mil-mujeres-en-mexico\/","title":{"rendered":"Estigmatizaci\u00f3n, omisi\u00f3n y feminicidios: lo que hay detr\u00e1s de las desapariciones de 25 mil mujeres en M\u00e9xico | Infobae"},"content":{"rendered":"\n<p><em>\u201cLa obligaci\u00f3n de b\u00fasqueda es de todos los poderes, para compartir informaci\u00f3n, no es s\u00f3lo un poder sino todos en conjunto, todos tenemos esta responsabilidad y no se ha entendido en su integralidad\u201d, denunci\u00f3 Karla Quintana, titular de la de la Comisi\u00f3n Nacional de B\u00fasqueda, sobre las desapariciones de mujeres en M\u00e9xico<\/em><\/p>\n\n\n\n<figure class=\"wp-block-image size-large\"><img fetchpriority=\"high\" decoding=\"async\" width=\"1024\" height=\"577\" src=\"https:\/\/losperiodistas.com.mx\/portal\/wp-content\/uploads\/2022\/05\/Captura-de-Pantalla-2022-05-16-a-las-9.18.13-1024x577.jpg\" alt=\"\" class=\"wp-image-27798\" srcset=\"https:\/\/losperiodistas.com.mx\/portal\/wp-content\/uploads\/2022\/05\/Captura-de-Pantalla-2022-05-16-a-las-9.18.13-1024x577.jpg 1024w, https:\/\/losperiodistas.com.mx\/portal\/wp-content\/uploads\/2022\/05\/Captura-de-Pantalla-2022-05-16-a-las-9.18.13-300x169.jpg 300w, https:\/\/losperiodistas.com.mx\/portal\/wp-content\/uploads\/2022\/05\/Captura-de-Pantalla-2022-05-16-a-las-9.18.13-768x433.jpg 768w, https:\/\/losperiodistas.com.mx\/portal\/wp-content\/uploads\/2022\/05\/Captura-de-Pantalla-2022-05-16-a-las-9.18.13-1536x866.jpg 1536w, https:\/\/losperiodistas.com.mx\/portal\/wp-content\/uploads\/2022\/05\/Captura-de-Pantalla-2022-05-16-a-las-9.18.13.jpg 1554w\" sizes=\"(max-width: 1024px) 100vw, 1024px\" \/><\/figure>\n\n\n\n<p class=\"has-vivid-cyan-blue-color has-text-color has-medium-font-size\">NAYELLY S\u00c1NCHEZ \/ INFOBAE<\/p>\n\n\n\n<p>Karla Quintana, titular de la Comisi\u00f3n Nacional de B\u00fasqueda, declar\u00f3 que hay diversas crisis en el pa\u00eds, de los cerca de 100 mil desaparecidos, 98% de impunidad, y las instituciones no han podido, querido o sabido enfrentarlas<\/p>\n\n\n\n<p>El caso de&nbsp;<a href=\"https:\/\/www.infobae.com\/tag\/debanhi-escobar\/\" target=\"_blank\" rel=\"noreferrer noopener\"><strong>Debanhi Escobar<\/strong><\/a>&nbsp;y causaron indignaci\u00f3n al sumar una serie de errores por parte de las autoridades, la falta de informaci\u00f3n en las investigaciones hizo que las familias consideraran que no eran buscadas y fueron ellos quienes llevaron todos los avances de sus casos antes de que se volvieran virales, esta omisi\u00f3n es la que viven miles de familias, \u00bfpor qu\u00e9?, \u00bfest\u00e1n rebasados de trabajo?, \u00bffalta de preparaci\u00f3n o empat\u00eda?<\/p>\n\n\n\n<p><strong>Karla Quintana<\/strong>, titular de la de la&nbsp;<a href=\"https:\/\/www.gob.mx\/cnb\" target=\"_blank\" rel=\"noreferrer noopener\">Comisi\u00f3n Nacional de B\u00fasqueda&nbsp;<\/a>sabe que hay varias respuestas, ella ha ejercido una ardua labor para que las autoridades locales y estatales tomen en cuenta diversos protocolos cuando desaparecen hombres, ni\u00f1os o mujeres, que \u00e9stas b\u00fasquedas deben ser diferenciadas y con perspectiva de g\u00e9nero, que todas son valiosas y la actuaci\u00f3n debe ser inmediata, sin embargo a\u00fan falta mucho camino para que se entienda y asuma.<\/p>\n\n\n\n<p>\u201c<strong>Hay una crisis de desaparici\u00f3n, una&nbsp;<\/strong><a href=\"https:\/\/www.infobae.com\/america\/mexico\/2022\/05\/16\/por-los-52-mil-cuerpos-sin-identificar-en-forenses-de-mexico-captaran-registros-de-adn-en-todo-el-pais\/\" target=\"_blank\" rel=\"noreferrer noopener\"><strong>crisis de materia forense<\/strong><\/a><strong>, una crisis en materia de justicia, 98% de impunidad en general<\/strong>&nbsp;y m\u00e1s en desaparecidos, que se cruza por las diferentes violencias, si juntamos estas crisis con las diferentes violencias,&nbsp;<strong>el sistema ordinario no ha podido, no ha querido, no ha sabido dar respuestas<\/strong>. Las familias te lo dicen todo el tiempo, `la que hace la b\u00fasqueda e investigaci\u00f3n soy yo\u2019\u201d, reconoci\u00f3 funcionaria que encabeza de CNB.<\/p>\n\n\n\n<p>En tres a\u00f1os que lleva el sistema de b\u00fasqueda es muy reciente, Karla se\u00f1al\u00f3 que se ha construido por impulso el impulso de las familias: \u201csomos un sistema extraordinario donde el sistema no ha sabido dar respuesta, la institucionalidad de b\u00fasqueda desde el estado es lo que se ha empezado a construir, y que es nuestra obligaci\u00f3n, protocolos, de ni\u00f1as, ni\u00f1os y adolescentes, de enfoque diferenciado, el centro nacional de identificaci\u00f3n humana, el mecanismo extraordinario, la competencia del comit\u00e9\u201d.<\/p>\n\n\n\n<p><a href=\"https:\/\/www.infobae.com\/america\/mexico\/2022\/05\/16\/estigmatizacion-omision-y-feminicidios-lo-que-hay-detras-de-las-desapariciones-de-25-mil-mujeres-en-mexico\/\">https:\/\/www.infobae.com\/america\/mexico\/2022\/05\/16\/estigmatizacion-omision-y-feminicidios-lo-que-hay-detras-de-las-desapariciones-de-25-mil-mujeres-en-mexico\/<\/a><\/p>\n\n\n\n<p>Karla Quintana Comisi\u00f3n Nacional De B\u00fasqueda Desaparecidos <\/p>\n\n\n\n<p>\u00a0La titular de la Comisi\u00f3n Nacional de B\u00fasqueda, acepta que j\u00f3venes de entre 14 y 19 a\u00f1os son las que m\u00e1s desaparecen, adem\u00e1s de son estigmatizadas, por lo que no se debe minimizar las problem\u00e1ticas en torno a su desaparici\u00f3n, adem\u00e1s de intervenir en pol\u00edticas p\u00fablicas de prevenci\u00f3n y atenci\u00f3n de violencia para evitar posible feminicidio o desaparici\u00f3n<\/p>\n\n\n\n<h2 class=\"wp-block-heading\">25 mil mujeres desaparecidas&#8230; y contando<\/h2>\n\n\n\n<p>El problema no es uno sino varios, por lo que al visibilizar estas desapariciones (Debanhi y Yolanda), se descubre la verdadera cifra de miles, la falta de coordinaci\u00f3n entre todas las instituciones y a todos los niveles, por lo que celebr\u00f3 el programa de<strong>&nbsp;toma de muestras de referencia a familiares de desaparecidos que espera se realice en todo el pa\u00eds<\/strong>, para nutrir el reci\u00e9n creado&nbsp;<strong>Centro Nacional de Identificaci\u00f3n Humana (CNIH).<\/strong><\/p>\n\n\n\n<p>\u201c<strong>La obligaci\u00f3n de b\u00fasqueda es de todos los poderes, para compartir informaci\u00f3n, no es s\u00f3lo un poder sino todos en conjunto<\/strong>, todos tenemos esta responsabilidad y no se ha entendido en su integralidad.&nbsp;<strong>Es un proceso, evidentemente han sido las tensiones que se tienen en lo que respecta a quien le toca hacer qu\u00e9, que si admiten o no el protocolo<\/strong>, que si lo votan a favor, que si no existe el derecho de una persona a ser b\u00fasqueda, evidentemente existe, de pronto las fiscal\u00edas dicen que no, pareciera que es una discusi\u00f3n abstracta y una atenci\u00f3n institucional, no se trata se eso, no es lo que intentamos hacer desde las comisiones de b\u00fasqueda,&nbsp;<strong>lo que tratamos es hacerle entender a todo mundo que tenemos que buscar de manera conjunta y coordinada porque el fin es uno<\/strong>, es encontrarles con vida, y si es sin vida, tomar todas las medidas para regresarlos dignamente a casa\u201d, reflexion\u00f3 Quintana.<\/p>\n\n\n\n<h2 class=\"wp-block-heading\">Deslindarse de culpas<\/h2>\n\n\n\n<p>Un caso que lo ejemplifica fue la semana pasada cuando\u00a0<a href=\"https:\/\/www.infobae.com\/america\/mexico\/2022\/05\/11\/preocupante-que-se-utilice-mediaticamente-a-las-victimas-fiscal-de-nuevo-leon-respondio-a-samuel-garcia\/\" target=\"_blank\" rel=\"noreferrer noopener\"><strong>Samuel Garc\u00eda, y el Fiscal General, Gustavo Adolfo Guerrero, entraron en confrontaci\u00f3n<\/strong><\/a>\u00a0a trav\u00e9s de las redes sociales despu\u00e9s de que\u00a0<strong>el gobernador de Nuevo Le\u00f3n<\/strong>\u00a0publicara un video en sus redes sociales, acompa\u00f1ado por la familia de Yolanda Mart\u00ednez, donde\u00a0<strong>acusaron a la Fiscal\u00eda,<\/strong>\u00a0encabezada por Gustavo Guerrero, de\u00a0<strong>ocultar la carpeta de investigaci\u00f3n del caso<\/strong>Karla Quintana Comisi\u00f3n Nacional De B\u00fasqueda Desaparecidos <\/p>\n\n\n\n<p><a href=\"https:\/\/www.infobae.com\/america\/mexico\/2022\/05\/16\/estigmatizacion-omision-y-feminicidios-lo-que-hay-detras-de-las-desapariciones-de-25-mil-mujeres-en-mexico\/\">https:\/\/www.infobae.com\/america\/mexico\/2022\/05\/16\/estigmatizacion-omision-y-feminicidios-lo-que-hay-detras-de-las-desapariciones-de-25-mil-mujeres-en-mexico\/<\/a><\/p>\n\n\n\n<p>La titular de la Comisi\u00f3n Nacional de B\u00fasqueda, considera que las fiscal\u00edas deben homologar las b\u00fasquedas inmediatas de personas desaparecidas y que existen 52 mil cuerpos sin identificar en el pa\u00eds<\/p>\n\n\n\n<p><strong>\u201cQueremos hacer un llamado en\u00e9rgico a la Fiscal\u00eda, que nos reciba, que nos d\u00e9 la cara<\/strong>&nbsp;y que nos comparta la carpeta que les pedimos desde el domingo, el domingo en la tarde la familia de don Gerardo, la Comisi\u00f3n de V\u00edctimas, hemos pedido la carpeta para abonar y ayudar a don Gerardo en el tema jur\u00eddico.&nbsp;<strong>Ya estamos hartos de excusas<\/strong>, de t\u00e9rminos jur\u00eddicos legaloides, para evitar dar la cara, para esconder las pruebas y para evitar la verdad\u201d, acus\u00f3 el mandatario estatal.<\/p>\n\n\n\n<p><strong>A lo que el Fiscal General<\/strong>&nbsp;difundi\u00f3 un video en el que se\u00f1al\u00f3 al mandatario de lucrar con el dolor de las v\u00edctimas, con fines pol\u00edticos: \u201c<strong>A la Fiscal\u00eda le toca investigar y al gobernador le toca el protegerlas, evitar su muerte\u201d, revir\u00f3.<\/strong><\/p>\n\n\n\n<h2 class=\"wp-block-heading\">\u201cDesaparecen por su voluntad\u201d: minimizar desapariciones agrava el problema<\/h2>\n\n\n\n<p>El Fiscal General de Justicia de Nuevo Le\u00f3n,&nbsp;<strong>Gustavo Adolfo Guerrero<\/strong>, declar\u00f3 que<a href=\"https:\/\/www.infobae.com\/america\/mexico\/2022\/04\/21\/fiscal-de-nuevo-leon-atribuyo-las-desapariciones-a-la-rebeldia-de-las-victimas-son-una-decision-voluntaria\/\" target=\"_blank\" rel=\"noreferrer noopener\"><strong>&nbsp;la mayor\u00eda de los casos de desaparici\u00f3n de mujeres son \u201cvoluntarios\u201d por \u201crebeld\u00eda<\/strong><\/a>\u201d, sin embargo minimizar estas situaciones ante la opini\u00f3n p\u00fablica es peligrosos porque se le resta importancia a su b\u00fasqueda.<img decoding=\"async\" alt=\"EFE\/Sergi Rugrand\n\" height=\"3840\" width=\"5760\" class=\"\" src=\"https:\/\/cloudfront-us-east-1.images.arcpublishing.com\/infobae\/QJI7DRDCPJD6BMJ2EV7DJVAWLU.jpg\" srcset=\"https:\/\/www.infobae.com\/new-resizer\/ISDql1V0qvZzmZoppqRvQjsOmR8=\/420x280\/filters:format(webp):quality(85)\/cloudfront-us-east-1.images.arcpublishing.com\/infobae\/QJI7DRDCPJD6BMJ2EV7DJVAWLU.jpg 420w,https:\/\/www.infobae.com\/new-resizer\/wEeAx-ZiHHCNdKkxlgCuNh0wbYI=\/768x512\/filters:format(webp):quality(85)\/cloudfront-us-east-1.images.arcpublishing.com\/infobae\/QJI7DRDCPJD6BMJ2EV7DJVAWLU.jpg 768w,https:\/\/www.infobae.com\/new-resizer\/aKjTT6eM-TIqF3LQ4jBD_Y4VYeI=\/992x661\/filters:format(webp):quality(85)\/cloudfront-us-east-1.images.arcpublishing.com\/infobae\/QJI7DRDCPJD6BMJ2EV7DJVAWLU.jpg 992w,https:\/\/www.infobae.com\/new-resizer\/o4L4yF6shIanHeBUcgsdTKBY-Cw=\/1200x800\/filters:format(webp):quality(85)\/cloudfront-us-east-1.images.arcpublishing.com\/infobae\/QJI7DRDCPJD6BMJ2EV7DJVAWLU.jpg 1200w,https:\/\/www.infobae.com\/new-resizer\/CdE-8A9EmXowHRgVzszBK20qNX8=\/1440x960\/filters:format(webp):quality(85)\/cloudfront-us-east-1.images.arcpublishing.com\/infobae\/QJI7DRDCPJD6BMJ2EV7DJVAWLU.jpg 1440w\">EFE\/Sergi Rugrand<\/p>\n\n\n\n<p>\u201c<strong>El protocolo homologado de b\u00fasqueda es muy claro y nosotros lo impulsamos como comisiones, a la fiscal\u00eda y la conferencia nacional, se abstuvieron<\/strong>, pero el tema de b\u00fasqueda de mujeres, bueno, de cualquier persona que desaparece, la b\u00fasqueda&nbsp;<strong>debe ser inmediata, no se puede decir \u2018esp\u00e9rate 72 horas para empezar a buscar\u2019<\/strong>, o \u2018de seguro se fue con\u2019, o \u2018en algo andaba\u2019 sean o no mujeres, en general hay mucha estigmatizaci\u00f3n con las personas desaparecidas , y con las mujeres hay especial estigmatizaci\u00f3n muy dirigida a las mujeres\u201d, advirti\u00f3 Karla Quintana.<\/p>\n\n\n\n<p>\u201cEfectivamente hay muchas mujeres j\u00f3venes que desaparecen y aparecen con vida, qu\u00e9 bueno y eso es lo que queremos, y ojal\u00e1 sin que hayan sido v\u00edctimas de un delito, sin embargo&nbsp;<strong>tenemos una crisis de m\u00e1s de 99 mil personas desaparecidas, tenemos una crisis forense de al menos 52 mil cuerpos sin identificar, tenemos una impunidad casi absoluta, por supuesto que cuando cualquier persona que desparece el estado mexicano, todas sus instituciones deben poner absolutamente todos los medios para localizarlas<\/strong>, y ojal\u00e1 no hayan sido v\u00edctimas de un delito, pero en el minuto 1 se tiene que empezar a actuar\u201d, exhort\u00f3.<img decoding=\"async\" alt=\"(Foto: Pixabay)\" height=\"1190\" width=\"1920\" class=\"\" src=\"https:\/\/cloudfront-us-east-1.images.arcpublishing.com\/infobae\/NEKA2H4OPRANJLEF4UQCTTF524.jpg\" srcset=\"https:\/\/www.infobae.com\/new-resizer\/9QfxgskK8B9xvHSOdb0tGuoCR8M=\/992x606\/filters:format(webp):quality(85)\/cloudfront-us-east-1.images.arcpublishing.com\/infobae\/NEKA2H4OPRANJLEF4UQCTTF524.jpg 992w\">(Foto: Pixabay)<\/p>\n\n\n\n<h2 class=\"wp-block-heading\">La sospecha de trata de personas<\/h2>\n\n\n\n<p>La \u00faltima imagen de&nbsp;<strong>Debanhi Escobar<\/strong>&nbsp;parada en la carretera Monterrey\u2013Nuevo Laredo, es una vialidad conocida como \u2018<a href=\"https:\/\/www.infobae.com\/america\/mexico\/2021\/06\/29\/carretera-de-la-muerte-la-verdad-tras-el-tramo-monterrey-nuevo-laredo-donde-la-gente-desaparece\/\" target=\"_blank\" rel=\"noreferrer noopener\">la carretera de la muerte<\/a>\u2019, en donde las autoridades de Tamaulipas han reportado<strong>&nbsp;al menos 77 desapariciones, de las cuales solo 18 personas fueron encontradas con vida<\/strong>.<\/p>\n\n\n\n<p>Las Red por los Derechos de la Infancia en M\u00e9xico (REDIM) constat\u00f3 que&nbsp;<strong>cada d\u00eda, 14 personas de entre 0 y 17 a\u00f1os de edad fueron reportadas como desaparecidas, no localizadas o localizadas durante 2021.<\/strong>&nbsp;Esto con basa en los datos proporcionados por el Registro Nacional de Personas Desaparecidas y No Localizadas (RNPDNO) con corte del 11 de abril de 2022.<\/p>\n\n\n\n<p>Seg\u00fan los datos consultados, desde que se tiene registro (es decir desde 1964),<strong>&nbsp;82 mil 328 ni\u00f1as, ni\u00f1os y adolescentes han sido reportadas en esta situaci\u00f3n y una de cada cinco de estas personas contin\u00faa desaparecidas&nbsp;<\/strong>o no localizadas hasta el 11 de abril de 2022. En el caso de mujeres adolescentes hay una fuerte sospecha de que se trate de trata de personas.<\/p>\n\n\n\n<p>\u201cM\u00e1s all\u00e1 de que sepamos, porque las l\u00edneas de investigaci\u00f3n le corresponden a las fiscal\u00edas, del universo de las mujeres desaparecidas, que\u00a0<strong>son alrededor de 25 mil desaparecidas en el pa\u00eds, el mayor grupo afectado entre los 14 y 19 a\u00f1os, evidentemente una de las hip\u00f3tesis fuertes es que son v\u00edctimas de trata con fines de explotaci\u00f3n sexual<\/strong>, el mismo grupo afectado de esa edad, es el que se localiza con vida, muchas veces huyendo de violencias, entonces<strong>\u00a0lo que se debe estar viendo son las pol\u00edticas p\u00fablicas de prevenci\u00f3n, porque si est\u00e1n huyendo de violencias intrafamiliares, es una alarma para un posible feminicidio o desaparici\u00f3n\u201d<\/strong>, concluy\u00f3 Quintana.<\/p>\n\n\n\n<p>Fuente: https:\/\/www.infobae.com\/america\/mexico\/2022\/05\/16\/estigmatizacion-omision-y-feminicidios-lo-que-hay-detras-de-las-desapariciones-de-25-mil-mujeres-en-mexico\/<\/p>\n","protected":false},"excerpt":{"rendered":"<p>\u201cLa obligaci\u00f3n de b\u00fasqueda es de todos los poderes, para compartir informaci\u00f3n, no es s\u00f3lo un poder sino todos en [&hellip;]<\/p>\n","protected":false},"author":1,"featured_media":27798,"comment_status":"open","ping_status":"open","sticky":false,"template":"","format":"standard","meta":{"site-sidebar-layout":"default","site-content-layout":"","ast-site-content-layout":"default","site-content-style":"default","site-sidebar-style":"default","ast-global-header-display":"","ast-banner-title-visibility":"","ast-main-header-display":"","ast-hfb-above-header-display":"","ast-hfb-below-header-display":"","ast-hfb-mobile-header-display":"","site-post-title":"","ast-breadcrumbs-content":"","ast-featured-img":"","footer-sml-layout":"","theme-transparent-header-meta":"","adv-header-id-meta":"","stick-header-meta":"","header-above-stick-meta":"","header-main-stick-meta":"","header-below-stick-meta":"","astra-migrate-meta-layouts":"default","ast-page-background-enabled":"default","ast-page-background-meta":{"desktop":{"background-color":"var(--ast-global-color-4)","background-image":"","background-repeat":"repeat","background-position":"center center","background-size":"auto","background-attachment":"scroll","background-type":"","background-media":"","overlay-type":"","overlay-color":"","overlay-opacity":"","overlay-gradient":""},"tablet":{"background-color":"","background-image":"","background-repeat":"repeat","background-position":"center center","background-size":"auto","background-attachment":"scroll","background-type":"","background-media":"","overlay-type":"","overlay-color":"","overlay-opacity":"","overlay-gradient":""},"mobile":{"background-color":"","background-image":"","background-repeat":"repeat","background-position":"center center","background-size":"auto","background-attachment":"scroll","background-type":"","background-media":"","overlay-type":"","overlay-color":"","overlay-opacity":"","overlay-gradient":""}},"ast-content-background-meta":{"desktop":{"background-color":"var(--ast-global-color-5)","background-image":"","background-repeat":"repeat","background-position":"center center","background-size":"auto","background-attachment":"scroll","background-type":"","background-media":"","overlay-type":"","overlay-color":"","overlay-opacity":"","overlay-gradient":""},"tablet":{"background-color":"var(--ast-global-color-5)","background-image":"","background-repeat":"repeat","background-position":"center center","background-size":"auto","background-attachment":"scroll","background-type":"","background-media":"","overlay-type":"","overlay-color":"","overlay-opacity":"","overlay-gradient":""},"mobile":{"background-color":"var(--ast-global-color-5)","background-image":"","background-repeat":"repeat","background-position":"center center","background-size":"auto","background-attachment":"scroll","background-type":"","background-media":"","overlay-type":"","overlay-color":"","overlay-opacity":"","overlay-gradient":""}},"footnotes":""},"categories":[8],"tags":[3755],"class_list":["post-27797","post","type-post","status-publish","format-standard","has-post-thumbnail","hentry","category-noticias","tag-feminicidios-mexico"],"_links":{"self":[{"href":"https:\/\/losperiodistas.com.mx\/portal\/wp-json\/wp\/v2\/posts\/27797","targetHints":{"allow":["GET"]}}],"collection":[{"href":"https:\/\/losperiodistas.com.mx\/portal\/wp-json\/wp\/v2\/posts"}],"about":[{"href":"https:\/\/losperiodistas.com.mx\/portal\/wp-json\/wp\/v2\/types\/post"}],"author":[{"embeddable":true,"href":"https:\/\/losperiodistas.com.mx\/portal\/wp-json\/wp\/v2\/users\/1"}],"replies":[{"embeddable":true,"href":"https:\/\/losperiodistas.com.mx\/portal\/wp-json\/wp\/v2\/comments?post=27797"}],"version-history":[{"count":2,"href":"https:\/\/losperiodistas.com.mx\/portal\/wp-json\/wp\/v2\/posts\/27797\/revisions"}],"predecessor-version":[{"id":27800,"href":"https:\/\/losperiodistas.com.mx\/portal\/wp-json\/wp\/v2\/posts\/27797\/revisions\/27800"}],"wp:featuredmedia":[{"embeddable":true,"href":"https:\/\/losperiodistas.com.mx\/portal\/wp-json\/wp\/v2\/media\/27798"}],"wp:attachment":[{"href":"https:\/\/losperiodistas.com.mx\/portal\/wp-json\/wp\/v2\/media?parent=27797"}],"wp:term":[{"taxonomy":"category","embeddable":true,"href":"https:\/\/losperiodistas.com.mx\/portal\/wp-json\/wp\/v2\/categories?post=27797"},{"taxonomy":"post_tag","embeddable":true,"href":"https:\/\/losperiodistas.com.mx\/portal\/wp-json\/wp\/v2\/tags?post=27797"}],"curies":[{"name":"wp","href":"https:\/\/api.w.org\/{rel}","templated":true}]}}