{"id":27783,"date":"2022-05-16T07:47:29","date_gmt":"2022-05-16T12:47:29","guid":{"rendered":"http:\/\/losperiodistas.com.mx\/portal\/?p=27783"},"modified":"2022-05-16T07:47:31","modified_gmt":"2022-05-16T12:47:31","slug":"estoy-a-su-disposicion-fiscal-higuera-bernal-la-respuesta-de-rueda-a-la-supuesta-denuncia-de-la-uif-diario-cambio","status":"publish","type":"post","link":"https:\/\/losperiodistas.com.mx\/portal\/estoy-a-su-disposicion-fiscal-higuera-bernal-la-respuesta-de-rueda-a-la-supuesta-denuncia-de-la-uif-diario-cambio\/","title":{"rendered":"Estoy a su disposici\u00f3n fiscal Higuera Bernal: la respuesta de Rueda a la supuesta denuncia de la UIF | Diario Cambio"},"content":{"rendered":"\n<p><em>No se lo pido Fiscal Higuera Bernal: se lo exijo ser citado a comparecer para desmontar las acusaciones que me involucran a m\u00ed, a Multisistema de Noticias\u00a0CAMBIO, y a Ignacio Mier Velazco. No es la primera vez que se me involucra en una infamia de tal naturaleza para coartar mi actividad period\u00edstica.\u00a0<\/em><\/p>\n\n\n\n<figure class=\"wp-block-image size-full\"><img fetchpriority=\"high\" decoding=\"async\" width=\"938\" height=\"497\" src=\"https:\/\/losperiodistas.com.mx\/portal\/wp-content\/uploads\/2022\/05\/5c3402278ddaaac5c468a1f2e630ae14_L.jpeg\" alt=\"\" class=\"wp-image-27786\" srcset=\"https:\/\/losperiodistas.com.mx\/portal\/wp-content\/uploads\/2022\/05\/5c3402278ddaaac5c468a1f2e630ae14_L.jpeg 938w, https:\/\/losperiodistas.com.mx\/portal\/wp-content\/uploads\/2022\/05\/5c3402278ddaaac5c468a1f2e630ae14_L-300x159.jpeg 300w, https:\/\/losperiodistas.com.mx\/portal\/wp-content\/uploads\/2022\/05\/5c3402278ddaaac5c468a1f2e630ae14_L-768x407.jpeg 768w\" sizes=\"(max-width: 938px) 100vw, 938px\" \/><\/figure>\n\n\n\n<p><\/p>\n\n\n\n<p class=\"has-vivid-cyan-blue-color has-text-color has-medium-font-size\">ARTURO RUEDA \/ DIARIO CAMBIO<\/p>\n\n\n\n<p>Comienzo con lo obvio:\u00a0<strong>estoy a disposici\u00f3n de la Fiscal\u00eda General de Puebla para responder sobre la denuncia de la Unidad de Investigaci\u00f3n Financiera (UIF)<\/strong>\u00a0en mi contra y en contra de Diario\u00a0<strong>CAMBIO<\/strong>. Desconozco el\u00a0<strong>estatus de esas pesquisas<\/strong>\u00a0y qu\u00e9 tanto pudieron comprobar de una trama rid\u00edcula de \u201cdesv\u00edos y operaci\u00f3n de recursos de Procedencia Il\u00edcita por 400 millones de pesos\u201d hallada por el desprestigiado Santiago Nieto.<\/p>\n\n\n\n<p>Le aseguro que no mucho. Y de un&nbsp;<strong>supuesto fraude fiscal menos<\/strong>, porque tendr\u00eda que mediar querella de la Procuradur\u00eda Fiscal de la Federaci\u00f3n, de lo cual tampoco tengo noticias.<\/p>\n\n\n\n<p>No se lo pido fiscal Higuera Bernal:&nbsp;<strong>se lo exijo, ser citado a comparecer<\/strong>&nbsp;para desmontar las acusaciones que me involucran a m\u00ed, a&nbsp;<strong>Multisistema de Noticias CAMBIO<\/strong>&nbsp;y a Ignacio Mier Velazco.<\/p>\n\n\n\n<p>No es la primera vez que se me involucra en una&nbsp;<strong>infamia de tal naturaleza<\/strong>&nbsp;para coartar mi actividad&nbsp;<strong>period\u00edstica<\/strong>. Y tampoco es la primera vez que&nbsp;<strong>enfrento vendettas desde el poder promovidas por pol\u00edticos resentidos<\/strong>&nbsp;por evidenciar sus corruptelas.<\/p>\n\n\n\n<p>Dicen dos reporteros pipitilla, N\u00e9stor Ojeda y V\u00edctor Hugo Arteaga \u2014este se presenta pomposamente como Premio Nacional de Periodismo\u2014 que la Unidad de Inteligencia Financiera (UIF) en tiempos de Santiago Nieto&nbsp;<strong>me denunci\u00f3 penalmente por recursos de procedencia il\u00edcita<\/strong>&nbsp;junto a la persona moral que edita&nbsp;<strong>CAMBIO<\/strong>, el ex auditor Francisco Romero Serrano y otros personajes y empresas.<\/p>\n\n\n\n<p>La denuncia, presentada en julio de 2021,\u00a0<strong>la conocen a la perfecci\u00f3n ellos y otros varios medios de comunicaci\u00f3n que se sincronizaron masivamente para subir documentos oficiales<\/strong>\u00a0de una indagatoria\u00a0<strong>filtrada<\/strong>, lo que constituye un delito por violar el\u00a0<strong>sigilo de las investigaciones<\/strong>, y que tambi\u00e9n se sincronizaron para bajarlos alrededor de las 10 pm.<\/p>\n\n\n\n<p>\u00bfC\u00f3mo obtuvieron esos periodistas el documento de esa&nbsp;<strong>indagatoria<\/strong>&nbsp;que tendr\u00eda que estar resguardada por la UIF, por la Fiscal\u00eda de Puebla \u2014donde dicen que reposa\u2014y qui\u00e9n la filtr\u00f3 masivamente a tantos medios?<\/p>\n\n\n\n<p>Porque esos documentos no fueron filtrados&nbsp;<strong>para una investigaci\u00f3n period\u00edstica, sino para un ataque pol\u00edtico coordinado en varios chats de periodistas de los que ya tenemos pruebas.<\/strong><\/p>\n\n\n\n<p>\u00bfTiene Usted la respuesta, fiscal Higuera Bernal?<\/p>\n\n\n\n<p>Esto es, por supuesto, un&nbsp;<strong>grav\u00edsimo il\u00edcito que ser\u00e1 denunciado penalmente<\/strong>&nbsp;en la Fiscal\u00eda General de la Rep\u00fablica (FGR) por tratarse de un tema federal para ser investigado, pues&nbsp;<strong>una cosa es citar un documento, y otro publicar un documento que s\u00f3lo debe estar al alcance de la unidad investigadora<\/strong>, del agente del ministerio p\u00fablico y de los imputados para garantizar su derecho a una defensa adecuada.<\/p>\n\n\n\n<p>Una defensa que, por mi parte,&nbsp;<strong>iniciar\u00e9 en cuanto sea citado por alguna autoridad<\/strong>, pues como le dije a ambos. \u00bfPor qu\u00e9 el sigilo se rompi\u00f3 para una&nbsp;<strong>filtraci\u00f3n masiva un a\u00f1o<\/strong>&nbsp;despu\u00e9s de presentada? \u00bfCu\u00e1nto dur\u00f3 la investigaci\u00f3n?<\/p>\n\n\n\n<p>Como carezco de m\u00e1s elementos, s\u00f3lo puedo presentar&nbsp;<strong>algunas dudas.<\/strong><\/p>\n\n\n\n<p>\u00bfCu\u00e1l fue el\u00a0<strong>inter\u00e9s de Santiago Nieto por un medio de comunicaci\u00f3n local,<\/strong>\u00a0un periodista regional, a partir de\u00a0<strong>supuestos hechos ocurridos en ese lejano 2015<\/strong>, y que seis a\u00f1os despu\u00e9s le hacen realizar una investigaci\u00f3n a\u00a0<strong>mis finanzas personales y las de Diario CAMBIO<\/strong>, para presentar una denuncia en 2021?<\/p>\n\n\n\n<p>\u00bf<strong>Seis a\u00f1os despu\u00e9s<\/strong>&nbsp;de una denuncia de la que la Fiscal\u00eda de Puebla determin\u00f3 en 2016 el no ejercicio de la acci\u00f3n penal por tratarse de un montaje de Jorge Estefan Chidiac?<\/p>\n\n\n\n<p>\u00bfPor qu\u00e9 en el curso de esa investigaci\u00f3n de&nbsp;<strong>Santiago Niego nunca se nos garantiz\u00f3 el derecho de audiencia, y en vez de presentarla ante Fiscal\u00eda General de la Rep\u00fablica (FGR) la remiti\u00f3 a la Fiscal\u00eda poblana,<\/strong>&nbsp;violando cualquier tipo de competencia respecto de sus atribuciones?<\/p>\n\n\n\n<p>\u00bf<strong>Qui\u00e9n le pidi\u00f3 a Santiago Nieto investigar a Arturo Rueda, Multisistema de Noticias CAMBIO, a partir del v\u00ednculo irrisorio de cinco cheques por 208 mil pesos a Francisco Romero Serrano<\/strong>, todos ellos cuando no era titular de la Auditor\u00eda Superior del Estado (ASE) puesto que fue designado en diciembre de 2019 por casi unanimidad para ese cargo?<\/p>\n\n\n\n<p>\u00bfPor qu\u00e9, casi un a\u00f1o despu\u00e9s de la interposici\u00f3n de la denuncia,&nbsp;<strong>el tema explota medi\u00e1ticamente cometiendo un delito al violar el sigilo de las investigaciones consignado en el C\u00f3digo Nacional Penal<\/strong>, y adem\u00e1s divulgando datos personales que ponen en riesgo a un periodista y otros involucrados e incluso el mismo documento con la firma aut\u00f3grafa de Nieto?<\/p>\n\n\n\n<p>\u00bfC\u00f3mo y qui\u00e9n obtuvo esos documentos para\u00a0<strong>filtrarlos a dos periodistas pipitilla<\/strong>, pero que en realidad son un ataque orquestado desde varios medios y cuentas de Twitter para golpear desde el anonimato a\u2026\u2026.?<\/p>\n\n\n\n<p>Pues a&nbsp;<strong>Ignacio Mier Velazco, quien es socio de CAMBIO pero desde 2010 no forma parte ni de las decisiones administrativas ni de las editoriales del medio de comunicaci\u00f3n.<\/strong><\/p>\n\n\n\n<p>Tal como lo declar\u00e9 a los periodistas sicarios<strong>, Francisco Romero Serrano fue contador de la empresa a partir de octubre de 2015.<\/strong>&nbsp;Era un profesional acreditado, fue presidente del Colegio de Contadores P\u00fablicos y tan bien valorado era que una mayor\u00eda de diputados en el Congreso local lo design\u00f3 Auditor Superior del Estado en diciembre de 2019.<\/p>\n\n\n\n<p><strong>A mediados de 2020, Romero Serrano dej\u00f3 la contabilidad del peri\u00f3dico&nbsp;<\/strong>porque estaba concentrado en su cargo y cada vez&nbsp;<strong>se amontonaban las facturas<\/strong>&nbsp;y el seguimiento administrativo del medio.<\/p>\n\n\n\n<p>Como ten\u00edamos un conflicto de inter\u00e9s,&nbsp;<strong>no le di seguimiento period\u00edstico a los esc\u00e1ndalos en los que lo involucraron ni a las causas de su detenci\u00f3n por el delito de recursos<\/strong>&nbsp;de Procedencia Il\u00edcita. Hab\u00eda sido parte de la empresa y no era \u00e9tico abordar su asunto y mucho menos un intento de defensa.<\/p>\n\n\n\n<p><strong>Pero es nota, pues. Una investigaci\u00f3n de la UIF siempre lo ser\u00e1 por sus repercusiones medi\u00e1ticas y jur\u00eddicas. Pero ahora tambi\u00e9n pol\u00edticas.<\/strong><\/p>\n\n\n\n<p>Otra nota es la&nbsp;<strong>filtraci\u00f3n ilegal<\/strong>, que como ya lo dije, ser\u00e1&nbsp;<strong>denunciada penalmente<\/strong>&nbsp;en FGR.<\/p>\n\n\n\n<p>Y otro, claro, es el\u00a0<strong>conflicto pol\u00edtico de que Santiago Nieto<\/strong>\u00a0ande haciendo investigaciones a petici\u00f3n de\u2026.<\/p>\n\n\n\n<p>Fuente: https:\/\/www.diariocambio.com.mx\/2021\/zoon-politikon\/item\/51274-estoy-a-su-disposicion-fiscal-higuera-bernal-la-respuesta-de-rueda-a-la-supuesta-denuncia-de-la-uif<\/p>\n","protected":false},"excerpt":{"rendered":"<p>No se lo pido Fiscal Higuera Bernal: se lo exijo ser citado a comparecer para desmontar las acusaciones que me [&hellip;]<\/p>\n","protected":false},"author":1,"featured_media":27786,"comment_status":"open","ping_status":"open","sticky":false,"template":"","format":"standard","meta":{"site-sidebar-layout":"default","site-content-layout":"","ast-site-content-layout":"default","site-content-style":"default","site-sidebar-style":"default","ast-global-header-display":"","ast-banner-title-visibility":"","ast-main-header-display":"","ast-hfb-above-header-display":"","ast-hfb-below-header-display":"","ast-hfb-mobile-header-display":"","site-post-title":"","ast-breadcrumbs-content":"","ast-featured-img":"","footer-sml-layout":"","theme-transparent-header-meta":"","adv-header-id-meta":"","stick-header-meta":"","header-above-stick-meta":"","header-main-stick-meta":"","header-below-stick-meta":"","astra-migrate-meta-layouts":"default","ast-page-background-enabled":"default","ast-page-background-meta":{"desktop":{"background-color":"var(--ast-global-color-4)","background-image":"","background-repeat":"repeat","background-position":"center center","background-size":"auto","background-attachment":"scroll","background-type":"","background-media":"","overlay-type":"","overlay-color":"","overlay-opacity":"","overlay-gradient":""},"tablet":{"background-color":"","background-image":"","background-repeat":"repeat","background-position":"center center","background-size":"auto","background-attachment":"scroll","background-type":"","background-media":"","overlay-type":"","overlay-color":"","overlay-opacity":"","overlay-gradient":""},"mobile":{"background-color":"","background-image":"","background-repeat":"repeat","background-position":"center center","background-size":"auto","background-attachment":"scroll","background-type":"","background-media":"","overlay-type":"","overlay-color":"","overlay-opacity":"","overlay-gradient":""}},"ast-content-background-meta":{"desktop":{"background-color":"var(--ast-global-color-5)","background-image":"","background-repeat":"repeat","background-position":"center center","background-size":"auto","background-attachment":"scroll","background-type":"","background-media":"","overlay-type":"","overlay-color":"","overlay-opacity":"","overlay-gradient":""},"tablet":{"background-color":"var(--ast-global-color-5)","background-image":"","background-repeat":"repeat","background-position":"center center","background-size":"auto","background-attachment":"scroll","background-type":"","background-media":"","overlay-type":"","overlay-color":"","overlay-opacity":"","overlay-gradient":""},"mobile":{"background-color":"var(--ast-global-color-5)","background-image":"","background-repeat":"repeat","background-position":"center center","background-size":"auto","background-attachment":"scroll","background-type":"","background-media":"","overlay-type":"","overlay-color":"","overlay-opacity":"","overlay-gradient":""}},"footnotes":""},"categories":[8],"tags":[10177,10178,3873,5819,4116,3255],"class_list":["post-27783","post","type-post","status-publish","format-standard","has-post-thumbnail","hentry","category-noticias","tag-arturo-rueda","tag-diario-cambio","tag-ignacio-mier","tag-lavado-de-dinero","tag-santiago-nieto","tag-uif"],"_links":{"self":[{"href":"https:\/\/losperiodistas.com.mx\/portal\/wp-json\/wp\/v2\/posts\/27783","targetHints":{"allow":["GET"]}}],"collection":[{"href":"https:\/\/losperiodistas.com.mx\/portal\/wp-json\/wp\/v2\/posts"}],"about":[{"href":"https:\/\/losperiodistas.com.mx\/portal\/wp-json\/wp\/v2\/types\/post"}],"author":[{"embeddable":true,"href":"https:\/\/losperiodistas.com.mx\/portal\/wp-json\/wp\/v2\/users\/1"}],"replies":[{"embeddable":true,"href":"https:\/\/losperiodistas.com.mx\/portal\/wp-json\/wp\/v2\/comments?post=27783"}],"version-history":[{"count":1,"href":"https:\/\/losperiodistas.com.mx\/portal\/wp-json\/wp\/v2\/posts\/27783\/revisions"}],"predecessor-version":[{"id":27787,"href":"https:\/\/losperiodistas.com.mx\/portal\/wp-json\/wp\/v2\/posts\/27783\/revisions\/27787"}],"wp:featuredmedia":[{"embeddable":true,"href":"https:\/\/losperiodistas.com.mx\/portal\/wp-json\/wp\/v2\/media\/27786"}],"wp:attachment":[{"href":"https:\/\/losperiodistas.com.mx\/portal\/wp-json\/wp\/v2\/media?parent=27783"}],"wp:term":[{"taxonomy":"category","embeddable":true,"href":"https:\/\/losperiodistas.com.mx\/portal\/wp-json\/wp\/v2\/categories?post=27783"},{"taxonomy":"post_tag","embeddable":true,"href":"https:\/\/losperiodistas.com.mx\/portal\/wp-json\/wp\/v2\/tags?post=27783"}],"curies":[{"name":"wp","href":"https:\/\/api.w.org\/{rel}","templated":true}]}}