{"id":27774,"date":"2022-05-16T05:59:03","date_gmt":"2022-05-16T10:59:03","guid":{"rendered":"http:\/\/losperiodistas.com.mx\/portal\/?p=27774"},"modified":"2022-05-16T05:59:05","modified_gmt":"2022-05-16T10:59:05","slug":"asi-se-ha-visto-el-eclipse-total-de-luna-en-el-mundo-rtve","status":"publish","type":"post","link":"https:\/\/losperiodistas.com.mx\/portal\/asi-se-ha-visto-el-eclipse-total-de-luna-en-el-mundo-rtve\/","title":{"rendered":"As\u00ed se ha visto el eclipse total de luna en el mundo\u00a0| RTVE"},"content":{"rendered":"\n<p><em>El sat\u00e9lite no ha estado completamente oscuro, sino que ha adquirido un tono rojizo, convirti\u00e9ndose en una\u00a0\u00abluna de sangre\u00bb<\/em><\/p>\n\n\n\n<figure class=\"wp-block-image size-large\"><img fetchpriority=\"high\" decoding=\"async\" width=\"1024\" height=\"576\" src=\"https:\/\/losperiodistas.com.mx\/portal\/wp-content\/uploads\/2022\/05\/eclipse-california-1024x576.jpeg\" alt=\"\" class=\"wp-image-27775\" srcset=\"https:\/\/losperiodistas.com.mx\/portal\/wp-content\/uploads\/2022\/05\/eclipse-california-1024x576.jpeg 1024w, https:\/\/losperiodistas.com.mx\/portal\/wp-content\/uploads\/2022\/05\/eclipse-california-300x169.jpeg 300w, https:\/\/losperiodistas.com.mx\/portal\/wp-content\/uploads\/2022\/05\/eclipse-california-768x432.jpeg 768w, https:\/\/losperiodistas.com.mx\/portal\/wp-content\/uploads\/2022\/05\/eclipse-california-1536x864.jpeg 1536w, https:\/\/losperiodistas.com.mx\/portal\/wp-content\/uploads\/2022\/05\/eclipse-california.jpeg 1600w\" sizes=\"(max-width: 1024px) 100vw, 1024px\" \/><figcaption>Dos personas observan el eclipse desde Griffith Park,\u00a0en Los \u00c1ngeles, California.\u00a0<em>MARIO TAMA \/ GETTY \/ AFP<\/em><\/figcaption><\/figure>\n\n\n\n<p class=\"has-vivid-cyan-blue-color has-text-color has-medium-font-size\">RTVE<\/p>\n\n\n\n<p>El primer&nbsp;<a href=\"https:\/\/www.rtve.es\/temas\/eclipses\/43891\/\">eclipse<\/a>&nbsp;total de luna de 2022, que se ha producido durante la pasada madrugada,&nbsp;ha sido&nbsp;visible en su totalidad en el territorio espa\u00f1ol.&nbsp;<strong>La observaci\u00f3n del fen\u00f3meno astron\u00f3mico ha podido realizarse a simple vista<\/strong>, ya que no entra\u00f1aba ning\u00fan peligro.&nbsp;A diferencia de los eclipses solares, que pueden ser vistos solo desde una parte relativamente peque\u00f1a de la Tierra y duran unos pocos minutos, un eclipse lunar puede ser visto desde cualquier parte de la Tierra en la que sea de noche y se prolongan durante varias horas.<\/p>\n\n\n\n<figure class=\"wp-block-image\"><img decoding=\"async\" src=\"https:\/\/img2.rtve.es\/im\/6538410\/?w=900\" alt=\"La \"\/><figcaption>La \u00abluna de sangre\u00bb, vista desde la capital de Chile.&nbsp;<em>M. BERNETTI \/ AFP<\/em><\/figcaption><\/figure>\n\n\n\n<p>El \u00faltimo eclipse lunar total ocurri\u00f3 hace casi&nbsp;un a\u00f1o, el 26 de mayo de 2021. Durante el eclipse total, la luna no ha estado completamente oscura, sino que ha adquirido&nbsp;un tono rojizo.&nbsp;<strong>Popularmente este tipo de eclipses se conocen como \u00abluna de sangre\u00bb,&nbsp;<\/strong>y el sat\u00e9lite adquiere ese color porque la atm\u00f3sfera terrestre filtra todos los componentes de la luz blanca solar y la luz roja es la \u00fanica que le llega.<\/p>\n\n\n\n<figure class=\"wp-block-image\"><img decoding=\"async\" src=\"https:\/\/img2.rtve.es\/im\/6538437\/?w=900\" alt=\"La luna llena asoma tras el faro de Arinaga,\u00a0en la isla de Gran Canaria.\"\/><figcaption>La luna llena asoma tras el faro de Arinaga,&nbsp;en la isla de Gran Canaria.&nbsp;<em>REUTERS \/ BORJA SU\u00c1REZ<\/em><\/figcaption><\/figure>\n\n\n\n<p>Aunque ha sido&nbsp;visible como total en todo el territorio espa\u00f1ol,&nbsp;<strong>dependiendo de la zona se ha podido&nbsp;ver completamente sus fases total y parcial, o solo parte de ellas<\/strong>, debido a que la luna se ha puesto&nbsp;antes de que hubiese finalizado&nbsp;el fen\u00e9meno astron\u00f3mico.<\/p>\n\n\n\n<figure class=\"wp-block-image\"><img decoding=\"async\" src=\"https:\/\/img2.rtve.es\/im\/6538436\/?w=900\" alt=\"Un grupo de personas observa\u00a0la salida de la luna por el Templo de Poseid\u00f3n en Sunio, a unos 70 kil\u00f3metros\u00a0al sur de Atenas.\"\/><figcaption>Un grupo de personas observa&nbsp;la salida de la luna por el Templo de Poseid\u00f3n en Sunio, a unos 70 kil\u00f3metros&nbsp;al sur de Atenas.&nbsp;<em>GOULIAMAKI \/ AFP<\/em><\/figcaption><\/figure>\n\n\n\n<p>En el noreste peninsular y las islas Baleares, la luna se ha puesto&nbsp;antes de que acabase&nbsp;el eclipse total, por lo que solo se ha visto&nbsp;el comienzo de la fase total, pero no su final.&nbsp;<strong>En el resto de la pen\u00ednsula se ha podido contemplar&nbsp;la fase total \u00edntegra.<\/strong>&nbsp;Adem\u00e1s, en la pen\u00ednsula, Ceuta y Melilla no se ha visto completamente c\u00f3mo la luna sale de la sombra de la Tierra, porque la luna se ha puesto&nbsp;por el horizonte durante esa fase, pero en Canarias s\u00ed que han podido&nbsp;ver por completo esta fase.<\/p>\n\n\n\n<p>Se denomina eclipse de luna al fen\u00f3meno por el cual&nbsp;<strong>la Tierra impide que la luz del sol llegue hasta la luna<\/strong>, generando un cono de sombra que oscurece a la Luna. La Luna totalmente eclipsada adquiere un color rojizo caracter\u00edstico debido a la dispersi\u00f3n de la luz refractada por la atm\u00f3sfera de la Tierra.<\/p>\n\n\n\n<h1 class=\"wp-block-heading\" id=\"h1_maincontent\"><strong>LAS MEJORES IM\u00c1GENES DEL ECLIPSE EN EL MUNDO<\/strong><\/h1>\n\n\n\n<p><a href=\"https:\/\/www.rtve.es\/fotogalerias\/las-mejores-imagenes-del-eclipse-mundo\/219035\/\">las mejores im\u00e1genes del eclipse lunar en el mundo<\/a><\/p>\n\n\n\n<p><\/p>\n\n\n\n<p>Fuente: https:\/\/www.rtve.es\/noticias\/20220516\/eclipse-total-luna-mundo\/2348841.shtml<\/p>\n","protected":false},"excerpt":{"rendered":"<p>El sat\u00e9lite no ha estado completamente oscuro, sino que ha adquirido un tono rojizo, convirti\u00e9ndose en una\u00a0\u00abluna de sangre\u00bb RTVE [&hellip;]<\/p>\n","protected":false},"author":1,"featured_media":27775,"comment_status":"open","ping_status":"open","sticky":false,"template":"","format":"standard","meta":{"site-sidebar-layout":"default","site-content-layout":"","ast-site-content-layout":"default","site-content-style":"default","site-sidebar-style":"default","ast-global-header-display":"","ast-banner-title-visibility":"","ast-main-header-display":"","ast-hfb-above-header-display":"","ast-hfb-below-header-display":"","ast-hfb-mobile-header-display":"","site-post-title":"","ast-breadcrumbs-content":"","ast-featured-img":"","footer-sml-layout":"","theme-transparent-header-meta":"","adv-header-id-meta":"","stick-header-meta":"","header-above-stick-meta":"","header-main-stick-meta":"","header-below-stick-meta":"","astra-migrate-meta-layouts":"default","ast-page-background-enabled":"default","ast-page-background-meta":{"desktop":{"background-color":"var(--ast-global-color-4)","background-image":"","background-repeat":"repeat","background-position":"center center","background-size":"auto","background-attachment":"scroll","background-type":"","background-media":"","overlay-type":"","overlay-color":"","overlay-opacity":"","overlay-gradient":""},"tablet":{"background-color":"","background-image":"","background-repeat":"repeat","background-position":"center center","background-size":"auto","background-attachment":"scroll","background-type":"","background-media":"","overlay-type":"","overlay-color":"","overlay-opacity":"","overlay-gradient":""},"mobile":{"background-color":"","background-image":"","background-repeat":"repeat","background-position":"center center","background-size":"auto","background-attachment":"scroll","background-type":"","background-media":"","overlay-type":"","overlay-color":"","overlay-opacity":"","overlay-gradient":""}},"ast-content-background-meta":{"desktop":{"background-color":"var(--ast-global-color-5)","background-image":"","background-repeat":"repeat","background-position":"center center","background-size":"auto","background-attachment":"scroll","background-type":"","background-media":"","overlay-type":"","overlay-color":"","overlay-opacity":"","overlay-gradient":""},"tablet":{"background-color":"var(--ast-global-color-5)","background-image":"","background-repeat":"repeat","background-position":"center center","background-size":"auto","background-attachment":"scroll","background-type":"","background-media":"","overlay-type":"","overlay-color":"","overlay-opacity":"","overlay-gradient":""},"mobile":{"background-color":"var(--ast-global-color-5)","background-image":"","background-repeat":"repeat","background-position":"center center","background-size":"auto","background-attachment":"scroll","background-type":"","background-media":"","overlay-type":"","overlay-color":"","overlay-opacity":"","overlay-gradient":""}},"footnotes":""},"categories":[8],"tags":[10170,10171],"class_list":["post-27774","post","type-post","status-publish","format-standard","has-post-thumbnail","hentry","category-noticias","tag-eclpse-lunar-2022","tag-luna-de-sangre"],"_links":{"self":[{"href":"https:\/\/losperiodistas.com.mx\/portal\/wp-json\/wp\/v2\/posts\/27774","targetHints":{"allow":["GET"]}}],"collection":[{"href":"https:\/\/losperiodistas.com.mx\/portal\/wp-json\/wp\/v2\/posts"}],"about":[{"href":"https:\/\/losperiodistas.com.mx\/portal\/wp-json\/wp\/v2\/types\/post"}],"author":[{"embeddable":true,"href":"https:\/\/losperiodistas.com.mx\/portal\/wp-json\/wp\/v2\/users\/1"}],"replies":[{"embeddable":true,"href":"https:\/\/losperiodistas.com.mx\/portal\/wp-json\/wp\/v2\/comments?post=27774"}],"version-history":[{"count":1,"href":"https:\/\/losperiodistas.com.mx\/portal\/wp-json\/wp\/v2\/posts\/27774\/revisions"}],"predecessor-version":[{"id":27776,"href":"https:\/\/losperiodistas.com.mx\/portal\/wp-json\/wp\/v2\/posts\/27774\/revisions\/27776"}],"wp:featuredmedia":[{"embeddable":true,"href":"https:\/\/losperiodistas.com.mx\/portal\/wp-json\/wp\/v2\/media\/27775"}],"wp:attachment":[{"href":"https:\/\/losperiodistas.com.mx\/portal\/wp-json\/wp\/v2\/media?parent=27774"}],"wp:term":[{"taxonomy":"category","embeddable":true,"href":"https:\/\/losperiodistas.com.mx\/portal\/wp-json\/wp\/v2\/categories?post=27774"},{"taxonomy":"post_tag","embeddable":true,"href":"https:\/\/losperiodistas.com.mx\/portal\/wp-json\/wp\/v2\/tags?post=27774"}],"curies":[{"name":"wp","href":"https:\/\/api.w.org\/{rel}","templated":true}]}}