{"id":27771,"date":"2022-05-16T05:53:12","date_gmt":"2022-05-16T10:53:12","guid":{"rendered":"http:\/\/losperiodistas.com.mx\/portal\/?p=27771"},"modified":"2022-05-16T05:53:18","modified_gmt":"2022-05-16T10:53:18","slug":"efemerides-16-mayo-que-paso-en-mexico-y-el-mundo-adn-40","status":"publish","type":"post","link":"https:\/\/losperiodistas.com.mx\/portal\/efemerides-16-mayo-que-paso-en-mexico-y-el-mundo-adn-40\/","title":{"rendered":"Efem\u00e9rides 16 mayo: Qu\u00e9 paso en M\u00e9xico y el mundo | ADN 40"},"content":{"rendered":"\n<p><em>El 16 de mayo del 2006 fue inaugurada la Biblioteca Jos\u00e9 Vasconcelos en la CDMX, esta calificada entre las mejores del mundo. Te contamos otras efem\u00e9rides.<\/em><\/p>\n\n\n\n<figure class=\"wp-block-image size-full\"><img fetchpriority=\"high\" decoding=\"async\" width=\"968\" height=\"726\" src=\"https:\/\/losperiodistas.com.mx\/portal\/wp-content\/uploads\/2022\/05\/efem-mayo-16.jpeg\" alt=\"\" class=\"wp-image-27772\" srcset=\"https:\/\/losperiodistas.com.mx\/portal\/wp-content\/uploads\/2022\/05\/efem-mayo-16.jpeg 968w, https:\/\/losperiodistas.com.mx\/portal\/wp-content\/uploads\/2022\/05\/efem-mayo-16-300x225.jpeg 300w, https:\/\/losperiodistas.com.mx\/portal\/wp-content\/uploads\/2022\/05\/efem-mayo-16-768x576.jpeg 768w\" sizes=\"(max-width: 968px) 100vw, 968px\" \/><figcaption>Twitter: Gabriela Cid de Le\u00f3n<\/figcaption><\/figure>\n\n\n\n<p class=\"has-vivid-cyan-blue-color has-text-color has-medium-font-size\">ADN 40<\/p>\n\n\n\n<p>El&nbsp;<strong>16 de mayo&nbsp;<\/strong>es un d\u00eda importante que es marcado por varias efem\u00e9rides y hechos hist\u00f3ricos que se recuerdan tanto en M\u00e9xico como en el resto del mundo, uno de ellos es la la inauguraci\u00f3n de la Biblioteca Jos\u00e9 Vasconcelos, en la CDMX, la cual acaba de ser reabierta al p\u00fablico como tal, luego de estar cerrada dos a\u00f1os por el brote de COVID-19, el primero para evitar contagios y el segundo por funcionar como macrosede de vacunaci\u00f3n. Te contamos qu\u00e9 otras efem\u00e9rides pasan este d\u00eda.<\/p>\n\n\n\n<h2 class=\"wp-block-heading\">Qu\u00e9 se celebra el 16 de mayo<\/h2>\n\n\n\n<p>&#8211; D\u00eda Internacional de la Convivencia en Paz<\/p>\n\n\n\n<p>&#8211; Dia Internacional de la Luz<\/p>\n\n\n\n<figure class=\"wp-block-embed is-type-rich is-provider-twitter wp-block-embed-twitter\"><div class=\"wp-block-embed__wrapper\">\n<blockquote class=\"twitter-tweet\" data-width=\"500\" data-dnt=\"true\"><p lang=\"es\" dir=\"ltr\">\ud83d\udca1\u00a1No te pierdas las conferencias del D\u00eda Internacional de la Luz 2022! Dos antiguos compa\u00f1eros te cuentan su experiencia profesional en \u00d3ptica. <br>\ud83d\udc49Con\u00e9ctate desde <a href=\"https:\/\/t.co\/1BwYuaWyPA\">https:\/\/t.co\/1BwYuaWyPA<\/a>. <a href=\"https:\/\/t.co\/tyVulha1Lj\">pic.twitter.com\/tyVulha1Lj<\/a><\/p>&mdash; Facultad F\u00edsicas UCM (@Fisicas_UCM) <a href=\"https:\/\/twitter.com\/Fisicas_UCM\/status\/1524764317417095170?ref_src=twsrc%5Etfw\">May 12, 2022<\/a><\/blockquote><script async src=\"https:\/\/platform.twitter.com\/widgets.js\" charset=\"utf-8\"><\/script>\n<\/div><\/figure>\n\n\n\n<h2 class=\"wp-block-heading\">Efem\u00e9rides del 16 mayo<\/h2>\n\n\n\n<p><strong>1703.-<\/strong>&nbsp;En Rusia se inicia la construcci\u00f3n de San Petersburgo.<\/p>\n\n\n\n<p><strong>1825.-<\/strong>&nbsp;Sim\u00f3n Bol\u00edvar emite un decreto para que las provincias del Alto Per\u00fa (que conforman la actual Rep\u00fablica de Bolivia) se re\u00fanan en asamblea y expresen libremente su voluntad sobre sus intereses y gobierno.<\/p>\n\n\n\n<p><strong>1866.-<\/strong>&nbsp;En los Estados Unidos, el Gobierno crea la moneda de 5 centavos.<\/p>\n\n\n\n<p><strong>1920.-<\/strong>\u00a0En Roma, el papa Benedicto XV canoniza a Juana de Arco como santa.<\/p>\n\n\n\n<figure class=\"wp-block-embed is-type-rich is-provider-twitter wp-block-embed-twitter\"><div class=\"wp-block-embed__wrapper\">\n<blockquote class=\"twitter-tweet\" data-width=\"500\" data-dnt=\"true\"><p lang=\"es\" dir=\"ltr\">16 de Mayo de 1920, en Roma, el papa Benedicto XV canoniza a Juana de Arco como santa. <a href=\"https:\/\/t.co\/OCn0u9TfUf\">pic.twitter.com\/OCn0u9TfUf<\/a><\/p>&mdash; EL INFORMANTE.MX (@ElInformanteMX) <a href=\"https:\/\/twitter.com\/ElInformanteMX\/status\/1129008890312613890?ref_src=twsrc%5Etfw\">May 16, 2019<\/a><\/blockquote><script async src=\"https:\/\/platform.twitter.com\/widgets.js\" charset=\"utf-8\"><\/script>\n<\/div><\/figure>\n\n\n\n<p><strong>1929.-<\/strong>&nbsp;Se entregan por primera vez los premios \u00d3scar en Hollywood, California.<\/p>\n\n\n\n<p><strong>1966.-<\/strong>&nbsp;Bob Dylan lanza al mercado estadounidense el primer \u00e1lbum doble de la historia de la m\u00fasica.<\/p>\n\n\n\n<p><strong>1975.-<\/strong>&nbsp;Junko Tabei se convierte en la primera mujer en alcanzar la cima del monte Everest.<\/p>\n\n\n\n<p><strong>1988.-<\/strong>&nbsp;En los Estados Unidos, un informe de C. Everett Koop establece que las propiedades adictivas de la nicotina son similares a las de la hero\u00edna y la coca\u00edna.<\/p>\n\n\n\n<p><strong>1988.-<\/strong>&nbsp;El papa Juan Pablo II comienza su visita al Paraguay.<\/p>\n\n\n\n<p><strong>2002.-<\/strong>\u00a0Se estrena la pel\u00edcula Star Wars Episode II: Attack of the Clones.<\/p>\n\n\n\n<figure class=\"wp-block-embed is-type-rich is-provider-twitter wp-block-embed-twitter\"><div class=\"wp-block-embed__wrapper\">\n<blockquote class=\"twitter-tweet\" data-width=\"500\" data-dnt=\"true\"><p lang=\"es\" dir=\"ltr\">Hoy 16 de mayo, en el 2002, se estrena la pel\u00edcula <a href=\"https:\/\/twitter.com\/hashtag\/Star?src=hash&amp;ref_src=twsrc%5Etfw\">#Star<\/a> Wars Episode II: Attack of the Clones. \u00bfEres de los amantes de <a href=\"https:\/\/twitter.com\/hashtag\/StarWars?src=hash&amp;ref_src=twsrc%5Etfw\">#StarWars<\/a>? Lo seas o no: !!qu\u00e9 la fuerza te acompa\u00f1e!!<a href=\"https:\/\/twitter.com\/hashtag\/FelizMi%C3%A9rcoles?src=hash&amp;ref_src=twsrc%5Etfw\">#FelizMi\u00e9rcoles<\/a> <a href=\"https:\/\/t.co\/6JjYzeennX\">pic.twitter.com\/6JjYzeennX<\/a><\/p>&mdash; Think&amp;Action (@thinkandaction) <a href=\"https:\/\/twitter.com\/thinkandaction\/status\/996646545385803776?ref_src=twsrc%5Etfw\">May 16, 2018<\/a><\/blockquote><script async src=\"https:\/\/platform.twitter.com\/widgets.js\" charset=\"utf-8\"><\/script>\n<\/div><\/figure>\n\n\n\n<p><strong>2006.-<\/strong>&nbsp;Es inaugurada la Biblioteca Jos\u00e9 Vasconcelos, pero abre sus puertas hasta el 1 de junio del mismo a\u00f1o.<\/p>\n\n\n\n<p><strong>2013.-<\/strong>\u00a0Wikipedia en espa\u00f1ol alcanza el mill\u00f3n de art\u00edculos.<\/p>\n\n\n\n<p>Fuente: https:\/\/www.adn40.mx\/mexico\/efemerides-16-mayo-2022-mexico-mundo-lmo<\/p>\n","protected":false},"excerpt":{"rendered":"<p>El 16 de mayo del 2006 fue inaugurada la Biblioteca Jos\u00e9 Vasconcelos en la CDMX, esta calificada entre las mejores [&hellip;]<\/p>\n","protected":false},"author":1,"featured_media":27772,"comment_status":"open","ping_status":"open","sticky":false,"template":"","format":"standard","meta":{"site-sidebar-layout":"default","site-content-layout":"","ast-site-content-layout":"default","site-content-style":"default","site-sidebar-style":"default","ast-global-header-display":"","ast-banner-title-visibility":"","ast-main-header-display":"","ast-hfb-above-header-display":"","ast-hfb-below-header-display":"","ast-hfb-mobile-header-display":"","site-post-title":"","ast-breadcrumbs-content":"","ast-featured-img":"","footer-sml-layout":"","theme-transparent-header-meta":"","adv-header-id-meta":"","stick-header-meta":"","header-above-stick-meta":"","header-main-stick-meta":"","header-below-stick-meta":"","astra-migrate-meta-layouts":"default","ast-page-background-enabled":"default","ast-page-background-meta":{"desktop":{"background-color":"var(--ast-global-color-4)","background-image":"","background-repeat":"repeat","background-position":"center center","background-size":"auto","background-attachment":"scroll","background-type":"","background-media":"","overlay-type":"","overlay-color":"","overlay-opacity":"","overlay-gradient":""},"tablet":{"background-color":"","background-image":"","background-repeat":"repeat","background-position":"center center","background-size":"auto","background-attachment":"scroll","background-type":"","background-media":"","overlay-type":"","overlay-color":"","overlay-opacity":"","overlay-gradient":""},"mobile":{"background-color":"","background-image":"","background-repeat":"repeat","background-position":"center center","background-size":"auto","background-attachment":"scroll","background-type":"","background-media":"","overlay-type":"","overlay-color":"","overlay-opacity":"","overlay-gradient":""}},"ast-content-background-meta":{"desktop":{"background-color":"var(--ast-global-color-5)","background-image":"","background-repeat":"repeat","background-position":"center center","background-size":"auto","background-attachment":"scroll","background-type":"","background-media":"","overlay-type":"","overlay-color":"","overlay-opacity":"","overlay-gradient":""},"tablet":{"background-color":"var(--ast-global-color-5)","background-image":"","background-repeat":"repeat","background-position":"center center","background-size":"auto","background-attachment":"scroll","background-type":"","background-media":"","overlay-type":"","overlay-color":"","overlay-opacity":"","overlay-gradient":""},"mobile":{"background-color":"var(--ast-global-color-5)","background-image":"","background-repeat":"repeat","background-position":"center center","background-size":"auto","background-attachment":"scroll","background-type":"","background-media":"","overlay-type":"","overlay-color":"","overlay-opacity":"","overlay-gradient":""}},"footnotes":""},"categories":[8],"tags":[10165,10167,10166,10168,10169],"class_list":["post-27771","post","type-post","status-publish","format-standard","has-post-thumbnail","hentry","category-noticias","tag-biblioteca-jose-vasconcelos","tag-convivencia-en-paz","tag-dia-de-la-luz","tag-juana-de-arco","tag-premios-oscar"],"_links":{"self":[{"href":"https:\/\/losperiodistas.com.mx\/portal\/wp-json\/wp\/v2\/posts\/27771","targetHints":{"allow":["GET"]}}],"collection":[{"href":"https:\/\/losperiodistas.com.mx\/portal\/wp-json\/wp\/v2\/posts"}],"about":[{"href":"https:\/\/losperiodistas.com.mx\/portal\/wp-json\/wp\/v2\/types\/post"}],"author":[{"embeddable":true,"href":"https:\/\/losperiodistas.com.mx\/portal\/wp-json\/wp\/v2\/users\/1"}],"replies":[{"embeddable":true,"href":"https:\/\/losperiodistas.com.mx\/portal\/wp-json\/wp\/v2\/comments?post=27771"}],"version-history":[{"count":1,"href":"https:\/\/losperiodistas.com.mx\/portal\/wp-json\/wp\/v2\/posts\/27771\/revisions"}],"predecessor-version":[{"id":27773,"href":"https:\/\/losperiodistas.com.mx\/portal\/wp-json\/wp\/v2\/posts\/27771\/revisions\/27773"}],"wp:featuredmedia":[{"embeddable":true,"href":"https:\/\/losperiodistas.com.mx\/portal\/wp-json\/wp\/v2\/media\/27772"}],"wp:attachment":[{"href":"https:\/\/losperiodistas.com.mx\/portal\/wp-json\/wp\/v2\/media?parent=27771"}],"wp:term":[{"taxonomy":"category","embeddable":true,"href":"https:\/\/losperiodistas.com.mx\/portal\/wp-json\/wp\/v2\/categories?post=27771"},{"taxonomy":"post_tag","embeddable":true,"href":"https:\/\/losperiodistas.com.mx\/portal\/wp-json\/wp\/v2\/tags?post=27771"}],"curies":[{"name":"wp","href":"https:\/\/api.w.org\/{rel}","templated":true}]}}