{"id":27760,"date":"2022-05-16T05:17:45","date_gmt":"2022-05-16T10:17:45","guid":{"rendered":"http:\/\/losperiodistas.com.mx\/portal\/?p=27760"},"modified":"2022-05-16T05:17:49","modified_gmt":"2022-05-16T10:17:49","slug":"blinken-confiante-sobre-entrada-de-finlandia-y-suecia-en-la-otan-pese-a-recelo-de-turquia-france-24","status":"publish","type":"post","link":"https:\/\/losperiodistas.com.mx\/portal\/blinken-confiante-sobre-entrada-de-finlandia-y-suecia-en-la-otan-pese-a-recelo-de-turquia-france-24\/","title":{"rendered":"Blinken, &#8216;confiante&#8217; sobre entrada de Finlandia y Suecia en la OTAN, pese a recelo de Turqu\u00eda | France 24"},"content":{"rendered":"\n<figure class=\"wp-block-image size-large\"><img fetchpriority=\"high\" decoding=\"async\" width=\"1024\" height=\"576\" src=\"https:\/\/losperiodistas.com.mx\/portal\/wp-content\/uploads\/2022\/05\/2022-04-19T144958Z_191018195_RC2XLT9XFSXY_RTRMADP_3_ISRAEL-PALESTINIAN-USA-1024x576.jpg\" alt=\"\" class=\"wp-image-27761\" srcset=\"https:\/\/losperiodistas.com.mx\/portal\/wp-content\/uploads\/2022\/05\/2022-04-19T144958Z_191018195_RC2XLT9XFSXY_RTRMADP_3_ISRAEL-PALESTINIAN-USA-1024x576.jpg 1024w, https:\/\/losperiodistas.com.mx\/portal\/wp-content\/uploads\/2022\/05\/2022-04-19T144958Z_191018195_RC2XLT9XFSXY_RTRMADP_3_ISRAEL-PALESTINIAN-USA-300x169.jpg 300w, https:\/\/losperiodistas.com.mx\/portal\/wp-content\/uploads\/2022\/05\/2022-04-19T144958Z_191018195_RC2XLT9XFSXY_RTRMADP_3_ISRAEL-PALESTINIAN-USA-768x432.jpg 768w, https:\/\/losperiodistas.com.mx\/portal\/wp-content\/uploads\/2022\/05\/2022-04-19T144958Z_191018195_RC2XLT9XFSXY_RTRMADP_3_ISRAEL-PALESTINIAN-USA.jpg 1280w\" sizes=\"(max-width: 1024px) 100vw, 1024px\" \/><figcaption>Foto de archivo: El secretario de Estado de Estados Unidos, Antony Blinken, habla en Washington, Estados Unidos, el 12 de abril de 2022.\u00a0\u00a9 Stefani Reynolds\/Pool via Reuters<\/figcaption><\/figure>\n\n\n\n<p class=\"has-vivid-cyan-blue-color has-text-color has-medium-font-size\">FRANCE 24<\/p>\n\n\n\n<p>El secretario de Estado de EE. UU., Antony Blinken, expres\u00f3 este domingo, en el marco de la reuni\u00f3n informal de ministros de Exteriores de la OTAN en Berl\u00edn, Alemania,\u00a0su confianza en que\u00a0Suecia\u00a0y\u00a0Finlandia\u00a0se adscriban\u00a0a la\u00a0OTAN\u00a0tras sendas solicitaciones formales, a pesar de las reticencias expresadas por Turqu\u00eda. Por otra parte, las autoridades del Kremlin se negaron\u00a0a negociar la liberaci\u00f3n de los soldados ucranianos del batall\u00f3n nacionalista de Azov, atrincherados en la acer\u00eda de Azovstal.<\/p>\n\n\n\n<p>La guerra en Ucrania contin\u00faa su rumbo su el d\u00eda 81&nbsp;desde el comienzo la invasi\u00f3n rusa el pasado 24 de febrero.<\/p>\n\n\n\n<p>Este domingo,&nbsp;Petro Andriushchenko, asesor de la Alcald\u00eda de la ciudad portuaria de Mari\u00fapol, denunci\u00f3 a trav\u00e9s de Telegram que Rusia habr\u00eda lanzado bombas de f\u00f3sforo contra la acer\u00eda de Azovstal, el \u00faltimo basti\u00f3n de la resistencia ucraniana (liderado por los combatientes ultranacionalistas del batall\u00f3n de Azov)&nbsp;en la ciudad. Esto se habr\u00eda producido pocas horas despu\u00e9s de que Ucrania se proclamara vencedora del Festival de Eurovisi\u00f3n en la noche del s\u00e1bado.<\/p>\n\n\n\n<p>\u00abEl infierno ha llegado a la Tierra. A Azovstal\u00bb, escribi\u00f3&nbsp;Andriushchenko en Telegram junto a un video con im\u00e1genes del presunto ataque sobre la acer\u00eda.&nbsp;<\/p>\n\n\n\n<p>Por otra parte, el jefe negociador ruso, Vladimir Medinski, dijo este domingo que el Kremlin se niega a cualquier negociaci\u00f3n sobre la hipot\u00e9tica liberaci\u00f3n de los soldados ucranianos atrincherados en Azovstal y los acus\u00f3 de ser \u00abcriminales de guerra\u00bb.\u00a0<\/p>\n\n\n\n<p>En J\u00e1rkiv, la segunda ciudad m\u00e1s importante de Ucrania, las tropas locales contin\u00faan sus avances, obligando a los militares rusos a retroceder en sus posiciones.&nbsp;<\/p>\n\n\n\n<ul class=\"wp-block-list\"><li><strong>17:50 (BOG) Blinken,&nbsp;&#8216;confiante&#8217; sobre la entrada de Suecia y Finlandia a la OTAN a pesar de los recelos de Turqu\u00eda<\/strong><\/li><\/ul>\n\n\n\n<p>\u00abEstados Unidos apoyar\u00eda firmemente la solicitud de ingreso en la&nbsp;OTAN&nbsp;por parte de&nbsp;Suecia y&nbsp;Finlandia,&nbsp;en caso de que decidieran solicitarlo formalmente\u00bb, declar\u00f3 el secretario de Estado estadounidense, Antony Blinken, en un encuentro con periodistas luego de&nbsp;la reuni\u00f3n de los ministros de Asuntos Exteriores de la Alianza militar en Berl\u00edn.<\/p>\n\n\n\n<p>Blinken quiso destacar que hay un \u201capoyo casi generalizado y muy fuerte\u201d a las adhesiones a la&nbsp;OTAN por parte de sendos pa\u00edses n\u00f3rdicos. \u201cEstoy seguro de que alcanzaremos el consenso\u201d, dijo.<\/p>\n\n\n\n<p>Antes, el ministro de Exteriores turco,&nbsp;Mevl\u00fct \u00c7avusoglu, mostr\u00f3 su recelo a la adhesi\u00f3n de estos pa\u00edses a la Alianza Atl\u00e1ntica por sus v\u00ednculos con&nbsp;el Partido de Trabajadores de Kurdist\u00e1n (PKK) y las milicias kurdosirias, a quienes Ankara considera grupos terroristas.&nbsp;<\/p>\n\n\n\n<ul class=\"wp-block-list\"><li><strong>15:47 (BOG) Socialdem\u00f3cratas suecos avalan la decisi\u00f3n de que el pa\u00eds entre&nbsp;en la OTAN<\/strong><\/li><\/ul>\n\n\n\n<p>Hasta hace seis meses, el Partido Socialdem\u00f3crata de Suecia defend\u00eda entre sus l\u00edneas pol\u00edticas su tradicional posicionamiento de no alineamiento.&nbsp;Sin embargo, tras la invasi\u00f3n rusa en Ucrania, la formaci\u00f3n, que encabeza el Gobierno sueco en minor\u00eda, se ha sumado a la mayor\u00eda parlamentaria que avala la entrada del pa\u00eds n\u00f3rdico a la Alianza Atl\u00e1ntica.<\/p>\n\n\n\n<p>As\u00ed lo decidieron este domingo mediante una reuni\u00f3n extraordinaria en su sede de Estocolmo.<\/p>\n\n\n\n<p>\u00abLa direcci\u00f3n socialdem\u00f3crata ha decidido en su reuni\u00f3n del 15 de mayo que el partido trabajar\u00e1 para que Suecia solicite su entrada en la OTAN\u00bb, reza el comunicado, en el que tambi\u00e9n se se\u00f1ala\u00a0la \u00abreserva unilateral\u00bb de Suecia contra el uso y despliegue de armamento nuclear y bases permanentes de la OTAN en suelo sueco.\u00a0<\/p>\n\n\n\n<figure class=\"wp-block-image size-large\"><img decoding=\"async\" width=\"1024\" height=\"683\" src=\"https:\/\/losperiodistas.com.mx\/portal\/wp-content\/uploads\/2022\/05\/2022-05-15T163401Z_1153886598_RC2S7U9Q8Y2U_RTRMADP_3_UKRAINE-CRISIS-SWEDEN-PRIMEMINISTER-1024x683.jpg\" alt=\"\" class=\"wp-image-27763\" srcset=\"https:\/\/losperiodistas.com.mx\/portal\/wp-content\/uploads\/2022\/05\/2022-05-15T163401Z_1153886598_RC2S7U9Q8Y2U_RTRMADP_3_UKRAINE-CRISIS-SWEDEN-PRIMEMINISTER-1024x683.jpg 1024w, https:\/\/losperiodistas.com.mx\/portal\/wp-content\/uploads\/2022\/05\/2022-05-15T163401Z_1153886598_RC2S7U9Q8Y2U_RTRMADP_3_UKRAINE-CRISIS-SWEDEN-PRIMEMINISTER-300x200.jpg 300w, https:\/\/losperiodistas.com.mx\/portal\/wp-content\/uploads\/2022\/05\/2022-05-15T163401Z_1153886598_RC2S7U9Q8Y2U_RTRMADP_3_UKRAINE-CRISIS-SWEDEN-PRIMEMINISTER-768x512.jpg 768w, https:\/\/losperiodistas.com.mx\/portal\/wp-content\/uploads\/2022\/05\/2022-05-15T163401Z_1153886598_RC2S7U9Q8Y2U_RTRMADP_3_UKRAINE-CRISIS-SWEDEN-PRIMEMINISTER-1536x1024.jpg 1536w, https:\/\/losperiodistas.com.mx\/portal\/wp-content\/uploads\/2022\/05\/2022-05-15T163401Z_1153886598_RC2S7U9Q8Y2U_RTRMADP_3_UKRAINE-CRISIS-SWEDEN-PRIMEMINISTER-2048x1365.jpg 2048w\" sizes=\"(max-width: 1024px) 100vw, 1024px\" \/><figcaption>La primera ministra de Suecia, Magdalena Andersson, ofrece una rueda de prensa tras una reuni\u00f3n en la sede de los socialdem\u00f3cratas en el poder sobre la decisi\u00f3n del partido sobre la pertenencia a la OTAN, en Estocolmo, Suecia, el 15 de mayo de 2022.\u00a0\u00a9 Agencia de Noticias TT\/Fredrik Persson v\u00eda REUTERS<\/figcaption><\/figure>\n\n\n\n<figure class=\"wp-block-image size-full\"><img decoding=\"async\" width=\"1\" height=\"1\" src=\"https:\/\/losperiodistas.com.mx\/portal\/wp-content\/uploads\/2022\/05\/image-9.gif\" alt=\"\" class=\"wp-image-27762\"\/><\/figure>\n\n\n\n<ul class=\"wp-block-list\"><li><strong>15:30 (BOG)&nbsp;Inteligencia brit\u00e1nica afirma que la ofensiva rusa&nbsp;se ralentiz\u00f3 por falta de efectivos en el terreno<\/strong><\/li><\/ul>\n\n\n\n<p>\u00abA pesar de los avances iniciales a peque\u00f1a escala, Rusia ha sido incapaz de lograr importantes ganancias territoriales durante el \u00faltimo mes\u00bb, se\u00f1ala la inteligencia militar brit\u00e1nica en un informe.<\/p>\n\n\n\n<p>Adem\u00e1s, el documento emitido por inteligencia de Reino Unido sostiene que la ofensiva rusa \u00abha perdido fuerza y transcurre muy por detr\u00e1s de los plazos marcados\u00bb cuando comenz\u00f3 la invasi\u00f3n, el 24 de febrero.<\/p>\n\n\n\n<p>\u00abA d\u00eda de hoy, Rusia ha sufrido bajas que ascienden, probablemente, a un tercio de las tropas de tierra que entraron en combate en febrero\u00bb, inform\u00f3 el Ministerio de Defensa brit\u00e1nico en Twitter.<\/p>\n\n\n\n<figure class=\"wp-block-embed is-type-rich is-provider-twitter wp-block-embed-twitter\"><div class=\"wp-block-embed__wrapper\">\nhttps:\/\/twitter.com\/DefenceHQ\/status\/1525762560888344577?ref_src=twsrc%5Etfw%7Ctwcamp%5Etweetembed%7Ctwterm%5E1525762560888344577%7Ctwgr%5E%7Ctwcon%5Es1_c10&#038;ref_url=https%3A%2F%2Fwww.france24.com%2Fes%2Feuropa%2F20220515-guerra-ucrania-rusia-mariC3BApol-azovstal-soldados-atrincherados\n<\/div><\/figure>\n\n\n\n<p>Seg\u00fan cifras del Estado Mayor General del Ej\u00e9rcito ucraniano habr\u00eda ya aproximadamente&nbsp;27.200 bajas en las filas rusas, a lo que habr\u00eda que sumar, seg\u00fan los datos que manejan las autoridades ucranianas,&nbsp;m\u00e1s de 4.000 tanques y blindados destruidos o capturados.<\/p>\n\n\n\n<ul class=\"wp-block-list\"><li><strong>14:45&nbsp;(BOG) Turqu\u00eda condiciona la entrada de&nbsp;Suecia y Finlandia a la OTAN<\/strong><\/li><\/ul>\n\n\n\n<p>Durante la reuni\u00f3n informal de ministros de Exteriores de la OTAN en Berl\u00edn, Alemania, el titular turco, Mevl\u00fct \u00c7avusoglu, solicit\u00f3 a Finlandia y Suecia que revisen sus pol\u00edticas de tolerancia hacia el Partido de Trabajadores de Kurdist\u00e1n (PKK) as\u00ed como con las milicias kurdas en Siria antes de ingresar en la Alianza Atl\u00e1ntica.<\/p>\n\n\n\n<p>\u00abTurqu\u00eda apoya desde siempre una pol\u00edtica de puertas abiertas de la OTAN\u00bb, quiso subrayar el ministro durante un encuentro con la prensa turca. No obstante, para Turqu\u00eda es \u00abinaceptable\u00bb la cercan\u00eda de sendos pa\u00edses n\u00f3rdicos con la milicia kurdosiria del YPG, que el Gobierno de Erdogan considera una rama del PKK, a quienes consideran un grupo terrorista.<\/p>\n\n\n\n<p>\u00abHemos expuesto con claridad, con fotograf\u00edas y documentos, los encuentros entre estos dos pa\u00edses y miembros de la organizaci\u00f3n terrorista PKK \/ YPG, un apoyo que, especialmente en el caso de Suecia, incluye armas\u00bb, a\u00f1adi\u00f3 \u00c7avusoglu.<\/p>\n\n\n\n<p>Suecia y Finlandia mantienen en la actualidad restricciones a la exportaci\u00f3n de armamento hacia suelo turco, una decisi\u00f3n que Ankara considera que&nbsp;\u00abvulnera&nbsp;el esp\u00edritu de la alianza\u00bb.<\/p>\n\n\n\n<ul class=\"wp-block-list\"><li><strong>14:24&nbsp;(BOG) EE. UU. y Ucrania abordan la cuesti\u00f3n de las exportaciones de grano ucraniano<\/strong><\/li><\/ul>\n\n\n\n<p>En el contexto de la reuni\u00f3n informal de ministros de Exteriores de la OTAN en Berl\u00edn, Alemania, este domingo el secretario de Estado de Estados Unidos,&nbsp;Antony Blinken, y el ministro de Exteriores ucraniano Dmytro Kuleba, hablaron acerca de posibles soluciones para las exportaciones de grano ucraniano.<\/p>\n\n\n\n<p>Kuleba y Blinken conversaron acerca&nbsp;\u00abdel impacto de la brutal guerra de Rusia, incluida la seguridad alimentaria global, y se comprometieron a buscar una soluci\u00f3n a la exportaci\u00f3n del grano de Ucrania a los mercados internacionales\u00bb, seg\u00fan inform\u00f3 Ned Price, portavoz de Blinken, a trav\u00e9s de un comunicado.&nbsp;<\/p>\n\n\n\n<p>Asimismo, ambos titulares&nbsp;hablaron del \u00faltimo paquete de ayuda estadounidense para garantizar la defensa de Ucrania, aunque desde EE. UU. no se ofrecieron mayores detalles sobre lo que quedaron.<\/p>\n\n\n\n<ul class=\"wp-block-list\"><li><strong>14:12 (BOG)&nbsp;Ministros de Exteriores de la Uni\u00f3n Europea&nbsp;intentar\u00e1n impulsar el veto al petr\u00f3leo ruso<\/strong><\/li><\/ul>\n\n\n\n<p>El lunes, mediante una reuni\u00f3n en Bruselas, los ministros de Exteriores de la Uni\u00f3n Europea tratar\u00e1n, en medio de las conversaciones sobre la sexta remesa de sanciones contra Rusia, la cuesti\u00f3n del embargo al petr\u00f3leo procedente de ese pa\u00eds, buscando a la vez alternativas para los pa\u00edses del club comunitario m\u00e1s dependientes de esta fuente de energ\u00eda rusa.<\/p>\n\n\n\n<p>Durante la reuni\u00f3n del lunes, los titulares de Exteriores abordar\u00e1n los \u00faltimos acontecimientos del conflicto en Ucrania y, de manera informal,&nbsp;junto a Dmitro Kuleba, su hom\u00f3logo ucraniano, y M\u00e9lanie Joly, su hom\u00f3loga canadiense.<\/p>\n\n\n\n<p>Todav\u00eda sin acuerdo, los Veintisiete deber\u00e1n discutir acerca del paquete de sanciones que se propuso por la Comisi\u00f3n Europea el 4 de mayo, en el que se explicita la prohibici\u00f3n de las importaciones de crudo ruso en seis meses y de petr\u00f3leo refinado en ocho meses.<\/p>\n\n\n\n<ul class=\"wp-block-list\"><li><strong>12:30&nbsp;(BOG) Asesor de la Alcald\u00eda de Mari\u00fapol denuncia ataque con bombas de f\u00f3sforo blanco sobre acer\u00eda de Azovstal<\/strong><\/li><\/ul>\n\n\n\n<p>Este domingo,&nbsp;Petro Andriushchenko, asesor de la Alcald\u00eda de la ciudad portuaria de Mari\u00fapol, denunci\u00f3 a trav\u00e9s de Telegram que Rusia habr\u00eda lanzado bombas de f\u00f3sforo contra la acer\u00eda de Azovstal, el \u00faltimo basti\u00f3n de la resistencia ucraniana (liderado por los combatientes ultranacionalistas del batall\u00f3n de Azov)&nbsp;en la ciudad.<\/p>\n\n\n\n<p>Esto se habr\u00eda producido pocas horas despu\u00e9s de que Ucrania se proclamara vencedora del Festival de Eurovisi\u00f3n en la noche del s\u00e1bado.<\/p>\n\n\n\n<p>\u00abEl infierno ha llegado a la Tierra. A Azovstal\u00bb, escribi\u00f3\u00a0Andriushchenko en Telegram junto a un video con im\u00e1genes del presunto ataque sobre la acer\u00eda.\u00a0<\/p>\n\n\n\n<figure class=\"wp-block-embed is-type-rich is-provider-twitter wp-block-embed-twitter\"><div class=\"wp-block-embed__wrapper\">\n<blockquote class=\"twitter-tweet\" data-width=\"500\" data-dnt=\"true\"><p lang=\"en\" dir=\"ltr\">Russia dropped phosphorus bombs on the Azovstal steelworks in Mariupol in response to Ukraine\u2019s victory in <a href=\"https:\/\/twitter.com\/hashtag\/Eurovision2022?src=hash&amp;ref_src=twsrc%5Etfw\">#Eurovision2022<\/a>, Ukrainian officials say.<br><br>\u201cHell has come to earth. To Azovstal\u201d &#8211; Mariupol city council deputy Petro Andriushchenko <a href=\"https:\/\/twitter.com\/hashtag\/PutinIsaWarCriminal?src=hash&amp;ref_src=twsrc%5Etfw\">#PutinIsaWarCriminal<\/a><a href=\"https:\/\/twitter.com\/hashtag\/StandWithUkraine?src=hash&amp;ref_src=twsrc%5Etfw\">#StandWithUkraine<\/a><\/p>&mdash; Alex Raufoglu (@ralakbar) <a href=\"https:\/\/twitter.com\/ralakbar\/status\/1525839972607090691?ref_src=twsrc%5Etfw\">May 15, 2022<\/a><\/blockquote><script async src=\"https:\/\/platform.twitter.com\/widgets.js\" charset=\"utf-8\"><\/script>\n<\/div><\/figure>\n\n\n\n<p>\u00abUtilizaron proyectiles incendiarios 9M22S con capas de termita. La temperatura de combusti\u00f3n es de unos 2 o 2,5 mil grados cent\u00edgrados.&nbsp;Es casi imposible detener la quema\u00bb, a\u00f1adi\u00f3 el asesor del regidor de Mari\u00fapol.<\/p>\n\n\n\n<p>Las bombas de f\u00f3sforo blanco son proyectiles incendiarios que arden cuando entran en contacto con el aire. El derecho internacional proh\u00edbe su uso en \u00e1reas pobladas por su alcance y devastaci\u00f3n.<\/p>\n\n\n\n<p>Andriushchenko tambi\u00e9n public\u00f3 im\u00e1genes de proyectiles con escritos en referencia a la banda&nbsp;&#8216;Kalush Orchestra&#8217;,&nbsp;ganadora el s\u00e1bado del Festival de Eurovisi\u00f3n.<\/p>\n\n\n\n<ul class=\"wp-block-list\"><li><strong>12:16 (BOG) Rusia se niega a negociar la liberaci\u00f3n de los soldados ucranianos atrincherados en Azovstal<\/strong><\/li><\/ul>\n\n\n\n<p>Vladimir Medinski, jefe de las negociaciones por la parte rusa,&nbsp;neg\u00f3 este domingo que est\u00e9n dispuestos&nbsp;a negociar la hipot\u00e9tica liberaci\u00f3n de los soldados ucranianos del batall\u00f3n nacionalista de Azov que est\u00e1n atrincherados desde hace&nbsp;semanas en la acer\u00eda Azovstal.<\/p>\n\n\n\n<p>\u00abConvertir a los criminales de guerra de Azov en objeto de negociaciones pol\u00edticas es una blasfemia en relaci\u00f3n a la historia de 1941\u00bb, cuando la Alemania nazi invadi\u00f3 la Uni\u00f3n Sovi\u00e9tica, subray\u00f3 Medinski a trav\u00e9s de Telegram.<\/p>\n\n\n\n<p>En la \u00faltima semana, los expresidentes de Ucrania&nbsp;Leonid Kuchma, V\u00edctor Y\u00faschenko y Petr\u00f3 Poroshenko, hicieron un pedido de socorro&nbsp;a la comunidad internacional para que se movilizara en el rescate de los soldados ucranianos que permanecen en la acer\u00eda, entre ellos, dijeron que todav\u00eda hay un grupo de civiles.&nbsp;salvar a los que a\u00fan resisten en la acer\u00eda, donde dijeron que a\u00fan queda un grupo de civiles.<\/p>\n\n\n\n<p>En su misiva, los exmandatarios&nbsp;piden \u00abayudar con todos los recursos diplom\u00e1ticos disponibles a las autoridades ucranianas a salvar las vidas de los civiles y militares ucranianos a los que Rusia intenta eliminar por orden de Putin, con m\u00e9todos b\u00e1rbaros en el recinto de la planta de Azovstal\u00bb.<\/p>\n\n\n\n<p>Aunque el presidente\u00a0Putin anunci\u00f3 hace d\u00edas la suspensi\u00f3n del asedio a la planta acerera, seg\u00fan las autoridades ucranianas, los bombardeos contin\u00faan siendo constantes en Azovstal.<\/p>\n\n\n\n<p>Fuente: https:\/\/www.france24.com\/es\/europa\/20220515-guerra-ucrania-rusia-mari%C3%BApol-azovstal-soldados-atrincherados<\/p>\n","protected":false},"excerpt":{"rendered":"<p>FRANCE 24 El secretario de Estado de EE. UU., Antony Blinken, expres\u00f3 este domingo, en el marco de la reuni\u00f3n [&hellip;]<\/p>\n","protected":false},"author":1,"featured_media":27761,"comment_status":"open","ping_status":"open","sticky":false,"template":"","format":"standard","meta":{"site-sidebar-layout":"default","site-content-layout":"","ast-site-content-layout":"default","site-content-style":"default","site-sidebar-style":"default","ast-global-header-display":"","ast-banner-title-visibility":"","ast-main-header-display":"","ast-hfb-above-header-display":"","ast-hfb-below-header-display":"","ast-hfb-mobile-header-display":"","site-post-title":"","ast-breadcrumbs-content":"","ast-featured-img":"","footer-sml-layout":"","theme-transparent-header-meta":"","adv-header-id-meta":"","stick-header-meta":"","header-above-stick-meta":"","header-main-stick-meta":"","header-below-stick-meta":"","astra-migrate-meta-layouts":"default","ast-page-background-enabled":"default","ast-page-background-meta":{"desktop":{"background-color":"var(--ast-global-color-4)","background-image":"","background-repeat":"repeat","background-position":"center center","background-size":"auto","background-attachment":"scroll","background-type":"","background-media":"","overlay-type":"","overlay-color":"","overlay-opacity":"","overlay-gradient":""},"tablet":{"background-color":"","background-image":"","background-repeat":"repeat","background-position":"center center","background-size":"auto","background-attachment":"scroll","background-type":"","background-media":"","overlay-type":"","overlay-color":"","overlay-opacity":"","overlay-gradient":""},"mobile":{"background-color":"","background-image":"","background-repeat":"repeat","background-position":"center center","background-size":"auto","background-attachment":"scroll","background-type":"","background-media":"","overlay-type":"","overlay-color":"","overlay-opacity":"","overlay-gradient":""}},"ast-content-background-meta":{"desktop":{"background-color":"var(--ast-global-color-5)","background-image":"","background-repeat":"repeat","background-position":"center center","background-size":"auto","background-attachment":"scroll","background-type":"","background-media":"","overlay-type":"","overlay-color":"","overlay-opacity":"","overlay-gradient":""},"tablet":{"background-color":"var(--ast-global-color-5)","background-image":"","background-repeat":"repeat","background-position":"center center","background-size":"auto","background-attachment":"scroll","background-type":"","background-media":"","overlay-type":"","overlay-color":"","overlay-opacity":"","overlay-gradient":""},"mobile":{"background-color":"var(--ast-global-color-5)","background-image":"","background-repeat":"repeat","background-position":"center center","background-size":"auto","background-attachment":"scroll","background-type":"","background-media":"","overlay-type":"","overlay-color":"","overlay-opacity":"","overlay-gradient":""}},"footnotes":""},"categories":[8],"tags":[8135,3899,4408],"class_list":["post-27760","post","type-post","status-publish","format-standard","has-post-thumbnail","hentry","category-noticias","tag-finlandia","tag-otan","tag-suecia"],"_links":{"self":[{"href":"https:\/\/losperiodistas.com.mx\/portal\/wp-json\/wp\/v2\/posts\/27760","targetHints":{"allow":["GET"]}}],"collection":[{"href":"https:\/\/losperiodistas.com.mx\/portal\/wp-json\/wp\/v2\/posts"}],"about":[{"href":"https:\/\/losperiodistas.com.mx\/portal\/wp-json\/wp\/v2\/types\/post"}],"author":[{"embeddable":true,"href":"https:\/\/losperiodistas.com.mx\/portal\/wp-json\/wp\/v2\/users\/1"}],"replies":[{"embeddable":true,"href":"https:\/\/losperiodistas.com.mx\/portal\/wp-json\/wp\/v2\/comments?post=27760"}],"version-history":[{"count":1,"href":"https:\/\/losperiodistas.com.mx\/portal\/wp-json\/wp\/v2\/posts\/27760\/revisions"}],"predecessor-version":[{"id":27764,"href":"https:\/\/losperiodistas.com.mx\/portal\/wp-json\/wp\/v2\/posts\/27760\/revisions\/27764"}],"wp:featuredmedia":[{"embeddable":true,"href":"https:\/\/losperiodistas.com.mx\/portal\/wp-json\/wp\/v2\/media\/27761"}],"wp:attachment":[{"href":"https:\/\/losperiodistas.com.mx\/portal\/wp-json\/wp\/v2\/media?parent=27760"}],"wp:term":[{"taxonomy":"category","embeddable":true,"href":"https:\/\/losperiodistas.com.mx\/portal\/wp-json\/wp\/v2\/categories?post=27760"},{"taxonomy":"post_tag","embeddable":true,"href":"https:\/\/losperiodistas.com.mx\/portal\/wp-json\/wp\/v2\/tags?post=27760"}],"curies":[{"name":"wp","href":"https:\/\/api.w.org\/{rel}","templated":true}]}}