{"id":27078,"date":"2022-05-05T10:01:59","date_gmt":"2022-05-05T15:01:59","guid":{"rendered":"http:\/\/losperiodistas.com.mx\/portal\/?p=27078"},"modified":"2022-05-05T10:02:48","modified_gmt":"2022-05-05T15:02:48","slug":"ganan-en-tomas-tepeaca-san-martin-y-huauchinango-sedena-e-consulta","status":"publish","type":"post","link":"https:\/\/losperiodistas.com.mx\/portal\/ganan-en-tomas-tepeaca-san-martin-y-huauchinango-sedena-e-consulta\/","title":{"rendered":"Ganan en tomas Tepeaca, San Mart\u00edn y Huauchinango: Sedena | E-Consulta"},"content":{"rendered":"\n<p><em>Desde el inicio de la administraci\u00f3n hasta ahora la Petr\u00f3leos Mexicanos (PEMEX) contabiliz\u00f3 6 mil 56 tomas clandestinas de gas y gasolina en la entidad.<\/em><\/p>\n\n\n\n<figure class=\"wp-block-image size-full\"><img fetchpriority=\"high\" decoding=\"async\" width=\"640\" height=\"426\" src=\"https:\/\/losperiodistas.com.mx\/portal\/wp-content\/uploads\/2022\/05\/tomas_clandestinas_en_puebla_informe_sedena_050522.jpg\" alt=\"\" class=\"wp-image-27079\" srcset=\"https:\/\/losperiodistas.com.mx\/portal\/wp-content\/uploads\/2022\/05\/tomas_clandestinas_en_puebla_informe_sedena_050522.jpg 640w, https:\/\/losperiodistas.com.mx\/portal\/wp-content\/uploads\/2022\/05\/tomas_clandestinas_en_puebla_informe_sedena_050522-300x200.jpg 300w\" sizes=\"(max-width: 640px) 100vw, 640px\" \/><figcaption>Archivo<\/figcaption><\/figure>\n\n\n\n<p class=\"has-vivid-cyan-blue-color has-text-color has-medium-font-size\">MARIBEL VEL\u00c1ZQUEZ \/ E-CONSULTA<\/p>\n\n\n\n<p><strong>Tepeaca<\/strong>,\u00a0<strong>Texmelucan<\/strong>,\u00a0<strong>Huauchinango<\/strong>,\u00a0<strong>San Mat\u00edas Tlalancaleca<\/strong>\u00a0y\u00a0<strong>Acajete<\/strong>\u00a0son los municipios que concentran las tomas clandestinas de gas y gasolina en Puebla, reconoci\u00f3\u00a0<strong>Luis Cresencio Sandoval Gonz\u00e1lez<\/strong>, secretario de la Defensa Nacional, en la conferencia de prensa encabezada por el presidente\u00a0<strong>Andr\u00e9s Manuel L\u00f3pez Obrador\u00a0<\/strong>en la entidad poblana.<\/p>\n\n\n\n<figure class=\"wp-block-embed is-type-rich is-provider-twitter wp-block-embed-twitter\"><div class=\"wp-block-embed__wrapper\">\n<blockquote class=\"twitter-tweet\" data-width=\"500\" data-dnt=\"true\"><p lang=\"es\" dir=\"ltr\">En Tepeaca, Texmelucan, Huauchinango, Tlalancaleca y Acajete se concentraron las tomas clandestinas de robo de hidrocarburos en <a href=\"https:\/\/twitter.com\/hashtag\/Puebla?src=hash&amp;ref_src=twsrc%5Etfw\">#Puebla<\/a>. <a href=\"https:\/\/twitter.com\/e_consulta?ref_src=twsrc%5Etfw\">@e_consulta<\/a> <a href=\"https:\/\/t.co\/ouDez89E2Q\">pic.twitter.com\/ouDez89E2Q<\/a><\/p>&mdash; Vel\u00e1zquez (@Maribel_VO) <a href=\"https:\/\/twitter.com\/Maribel_VO\/status\/1522192043107184640?ref_src=twsrc%5Etfw\">May 5, 2022<\/a><\/blockquote><script async src=\"https:\/\/platform.twitter.com\/widgets.js\" charset=\"utf-8\"><\/script>\n<\/div><\/figure>\n\n\n\n<p>Desde el inicio de la administraci\u00f3n federal hasta ahora fueron detectadas 6 mil 56 tomas clandestinas en la entidad. En&nbsp;<strong>Tepeaca<\/strong>&nbsp;se ubicaron mil 216; en&nbsp;<strong>San Mart\u00edn Texmelucan<\/strong>&nbsp;mil 6; en&nbsp;<strong>Huauchinango<\/strong>&nbsp;565; en&nbsp;<strong>San Mat\u00edas Tlalancaleca<\/strong>&nbsp;369 y en&nbsp;<strong>Acajete<\/strong>, 299.<\/p>\n\n\n\n<p>En otros municipios fueron detectadas 2 mil 602 tomas clandestinas. En&nbsp;<strong>Puebla<\/strong>&nbsp;atraviesan tres poliductos,&nbsp;<strong>Tuxpan-Azcapotzalco<\/strong>;&nbsp;<strong>Tuxpan-Tula&nbsp;<\/strong>y&nbsp;<strong>Minatitl\u00e1n-M\u00e9xico<\/strong>; as\u00ed como el gasoducto&nbsp;<strong>Cactus-Guadalajara<\/strong>.<\/p>\n\n\n\n<figure class=\"wp-block-image\"><img decoding=\"async\" src=\"https:\/\/www.e-consulta.com\/_next\/image?url=https%3A%2F%2Ffotos.e-consulta.com%2Fpipas-pemex-438809.jpg&amp;w=3840&amp;q=75\" alt=\"Puebla es primer lugar nacional en robo de pipas de combustible\"\/><\/figure>\n\n\n\n<p>M\u00e1s del tema&#8230;<\/p>\n\n\n\n<h5 class=\"wp-block-heading\">Puebla es primer lugar nacional en robo de pipas de combustible<\/h5>\n\n\n\n<p>Como parte del combate a este delito se aseguraron 964 veh\u00edculos; 23 mil litros de combustible; 70 predios y fueron detenidas 217 personas en la entidad, explic\u00f3 el secretario de Defensa Nacional.<\/p>\n\n\n\n<p>Fuente: https:\/\/www.e-consulta.com\/nota\/2022-05-05\/gobierno\/ganan-en-tomas-tepeaca-san-martin-y-huauchinango-sedena<\/p>\n","protected":false},"excerpt":{"rendered":"<p>Desde el inicio de la administraci\u00f3n hasta ahora la Petr\u00f3leos Mexicanos (PEMEX) contabiliz\u00f3 6 mil 56 tomas clandestinas de gas [&hellip;]<\/p>\n","protected":false},"author":1,"featured_media":27079,"comment_status":"open","ping_status":"open","sticky":false,"template":"","format":"standard","meta":{"site-sidebar-layout":"default","site-content-layout":"","ast-site-content-layout":"default","site-content-style":"default","site-sidebar-style":"default","ast-global-header-display":"","ast-banner-title-visibility":"","ast-main-header-display":"","ast-hfb-above-header-display":"","ast-hfb-below-header-display":"","ast-hfb-mobile-header-display":"","site-post-title":"","ast-breadcrumbs-content":"","ast-featured-img":"","footer-sml-layout":"","theme-transparent-header-meta":"","adv-header-id-meta":"","stick-header-meta":"","header-above-stick-meta":"","header-main-stick-meta":"","header-below-stick-meta":"","astra-migrate-meta-layouts":"default","ast-page-background-enabled":"default","ast-page-background-meta":{"desktop":{"background-color":"var(--ast-global-color-4)","background-image":"","background-repeat":"repeat","background-position":"center center","background-size":"auto","background-attachment":"scroll","background-type":"","background-media":"","overlay-type":"","overlay-color":"","overlay-opacity":"","overlay-gradient":""},"tablet":{"background-color":"","background-image":"","background-repeat":"repeat","background-position":"center center","background-size":"auto","background-attachment":"scroll","background-type":"","background-media":"","overlay-type":"","overlay-color":"","overlay-opacity":"","overlay-gradient":""},"mobile":{"background-color":"","background-image":"","background-repeat":"repeat","background-position":"center center","background-size":"auto","background-attachment":"scroll","background-type":"","background-media":"","overlay-type":"","overlay-color":"","overlay-opacity":"","overlay-gradient":""}},"ast-content-background-meta":{"desktop":{"background-color":"var(--ast-global-color-5)","background-image":"","background-repeat":"repeat","background-position":"center center","background-size":"auto","background-attachment":"scroll","background-type":"","background-media":"","overlay-type":"","overlay-color":"","overlay-opacity":"","overlay-gradient":""},"tablet":{"background-color":"var(--ast-global-color-5)","background-image":"","background-repeat":"repeat","background-position":"center center","background-size":"auto","background-attachment":"scroll","background-type":"","background-media":"","overlay-type":"","overlay-color":"","overlay-opacity":"","overlay-gradient":""},"mobile":{"background-color":"var(--ast-global-color-5)","background-image":"","background-repeat":"repeat","background-position":"center center","background-size":"auto","background-attachment":"scroll","background-type":"","background-media":"","overlay-type":"","overlay-color":"","overlay-opacity":"","overlay-gradient":""}},"footnotes":""},"categories":[8,1],"tags":[9915],"class_list":["post-27078","post","type-post","status-publish","format-standard","has-post-thumbnail","hentry","category-noticias","category-sin-categoria","tag-huachicol-puebla"],"_links":{"self":[{"href":"https:\/\/losperiodistas.com.mx\/portal\/wp-json\/wp\/v2\/posts\/27078","targetHints":{"allow":["GET"]}}],"collection":[{"href":"https:\/\/losperiodistas.com.mx\/portal\/wp-json\/wp\/v2\/posts"}],"about":[{"href":"https:\/\/losperiodistas.com.mx\/portal\/wp-json\/wp\/v2\/types\/post"}],"author":[{"embeddable":true,"href":"https:\/\/losperiodistas.com.mx\/portal\/wp-json\/wp\/v2\/users\/1"}],"replies":[{"embeddable":true,"href":"https:\/\/losperiodistas.com.mx\/portal\/wp-json\/wp\/v2\/comments?post=27078"}],"version-history":[{"count":1,"href":"https:\/\/losperiodistas.com.mx\/portal\/wp-json\/wp\/v2\/posts\/27078\/revisions"}],"predecessor-version":[{"id":27080,"href":"https:\/\/losperiodistas.com.mx\/portal\/wp-json\/wp\/v2\/posts\/27078\/revisions\/27080"}],"wp:featuredmedia":[{"embeddable":true,"href":"https:\/\/losperiodistas.com.mx\/portal\/wp-json\/wp\/v2\/media\/27079"}],"wp:attachment":[{"href":"https:\/\/losperiodistas.com.mx\/portal\/wp-json\/wp\/v2\/media?parent=27078"}],"wp:term":[{"taxonomy":"category","embeddable":true,"href":"https:\/\/losperiodistas.com.mx\/portal\/wp-json\/wp\/v2\/categories?post=27078"},{"taxonomy":"post_tag","embeddable":true,"href":"https:\/\/losperiodistas.com.mx\/portal\/wp-json\/wp\/v2\/tags?post=27078"}],"curies":[{"name":"wp","href":"https:\/\/api.w.org\/{rel}","templated":true}]}}