{"id":26881,"date":"2022-05-02T18:16:43","date_gmt":"2022-05-02T23:16:43","guid":{"rendered":"http:\/\/losperiodistas.com.mx\/portal\/?p=26881"},"modified":"2022-05-02T18:16:45","modified_gmt":"2022-05-02T23:16:45","slug":"va-por-mexico-se-la-voltea-a-amlo-anuncia-contrapropuesta-de-reforma-electoral-el-financiero","status":"publish","type":"post","link":"https:\/\/losperiodistas.com.mx\/portal\/va-por-mexico-se-la-voltea-a-amlo-anuncia-contrapropuesta-de-reforma-electoral-el-financiero\/","title":{"rendered":"Va por M\u00e9xico \u2018se la voltea\u2019 a AMLO: anuncia contrapropuesta de reforma electoral | El Financiero"},"content":{"rendered":"\n<p><em>Los partidos de la oposici\u00f3n plantean la regulaci\u00f3n de las conferencias matutinas del presidente, Andr\u00e9s Manuel L\u00f3pez Obrador, durante las campa\u00f1as electorales.<\/em><\/p>\n\n\n\n<figure class=\"wp-block-image size-full\"><img fetchpriority=\"high\" decoding=\"async\" width=\"800\" height=\"533\" src=\"https:\/\/losperiodistas.com.mx\/portal\/wp-content\/uploads\/2022\/05\/YOTVZOZ5TZBPXBDF3SKYF3ZBZM.jpeg\" alt=\"\" class=\"wp-image-26882\" srcset=\"https:\/\/losperiodistas.com.mx\/portal\/wp-content\/uploads\/2022\/05\/YOTVZOZ5TZBPXBDF3SKYF3ZBZM.jpeg 800w, https:\/\/losperiodistas.com.mx\/portal\/wp-content\/uploads\/2022\/05\/YOTVZOZ5TZBPXBDF3SKYF3ZBZM-300x200.jpeg 300w, https:\/\/losperiodistas.com.mx\/portal\/wp-content\/uploads\/2022\/05\/YOTVZOZ5TZBPXBDF3SKYF3ZBZM-768x512.jpeg 768w\" sizes=\"(max-width: 800px) 100vw, 800px\" \/><figcaption>El PRI, PAN y PRD buscan crear la segunda vuelta electoral para elegir al presidente en su propuesta.\u00a0(EFE)<\/figcaption><\/figure>\n\n\n\n<p class=\"has-vivid-cyan-blue-color has-text-color has-medium-font-size\">EFE \/ EL FINANCIERO<\/p>\n\n\n\n<p>Partidos de oposici\u00f3n anunciaron este lunes una&nbsp;<strong>contrapropuesta a la pol\u00e9mica iniciativa de reforma electoral del presidente Andr\u00e9s Manuel L\u00f3pez Obrador<\/strong>, que incluye primarias obligatorias y balotaje o segunda vuelta para elecciones presidenciales.<\/p>\n\n\n\n<p>La alianza \u201cVa por M\u00e9xico\u201d, de los partidos tradicionales<strong>&nbsp;Acci\u00f3n Nacional (PAN)<\/strong>, el&nbsp;<strong>Revolucionario Institucional (PRI) y la Revoluci\u00f3n Democr\u00e1tica (PRD)<\/strong>, llam\u00f3 \u201cdardo envenenado contra la democracia\u201d a la reforma que propuso el mandatario la semana pasada.<\/p>\n\n\n\n<p>\u201cLo decimos con absoluta claridad: no permitiremos retrocesos ni autoritarismos. No permitiremos que M\u00e9xico sea una autocracia donde todo lo decida un solo hombre\u201d, declar\u00f3 en conferencia Marko Cort\u00e9s, dirigente del PAN.<\/p>\n\n\n\n<p>La reforma constitucional que L\u00f3pez Obrador plante\u00f3 la semana pasada causa pol\u00e9mica porque&nbsp;<strong>crear\u00eda el Instituto Nacional de Elecciones y Consultas para sustituir al Instituto Nacional Electoral (INE)<\/strong>, \u00f3rgano aut\u00f3nomo que surgi\u00f3 para quitar el control de las elecciones al gobierno.<\/p>\n\n\n\n<p>Tambi\u00e9n eliminar\u00eda 200 diputados y 32 senadores,&nbsp;<strong>reducir\u00eda el financiamiento de los partidos pol\u00edticos<\/strong>&nbsp;y redefinir\u00eda el concepto de \u201cpropaganda\u201d para que el Gobierno se pronuncie durante las elecciones, disposiciones criticadas porque favorecer\u00edan al actual partido en el poder.<\/p>\n\n\n\n<p><strong>La contrapropuesta de la oposici\u00f3n pide crear la segunda vuelta electoral para elegir al presidente<\/strong>, eliminar la \u201csobrerrepresentaci\u00f3n\u201d en la C\u00e1mara de Diputados e instaurar elecciones primarias organizadas por el INE el mismo d\u00eda para todos los partidos.<\/p>\n\n\n\n<p>Adem\u00e1s, plantea la \u201cprohibici\u00f3n total con sanciones graves\u201d a quienes usen los programas sociales con fines electorales, propone la nulidad electoral en casos donde participe el crimen organizado y\u00a0<strong>regula las conferencias matutinas del presidente durante las campa\u00f1as<\/strong>.<\/p>\n\n\n\n<p><a href=\"https:\/\/www.elfinanciero.com.mx\/nacional\/2022\/05\/02\/amlo-pide-a-familiares-de-angel-yael-estudiante-asesinado-en-guanajuato-confiar-en-que-no-habra-impunidad\/\"><strong>Video<\/strong>AMLO pide a familiares de \u00c1ngel Yael, estudiante asesinado en Guanajuato, confiar en que no habr\u00e1 impunidad<\/a><\/p>\n\n\n\n<hr class=\"wp-block-separator\"\/>\n\n\n\n<p>Por ser reformas constitucionales, tanto la propuesta del presidente como la de la oposici\u00f3n requieren la mayor\u00eda calificada de dos tercios del Congreso, donde la alianza oficialista solo tiene mayor\u00eda simple.<\/p>\n\n\n\n<h2 class=\"wp-block-heading\">Denunciar\u00e1n persecuci\u00f3n pol\u00edtica<\/h2>\n\n\n\n<p>Los l\u00edderes del PRI, PAN y PRD tambi\u00e9n informaron de denuncias que presentar\u00e1n ante la Organizaci\u00f3n de las Naciones Unidas (ONU), la Organizaci\u00f3n de Estados Americanos (OEA) y la Comisi\u00f3n Interamericana de Derechos Humanos (CIDH) por la<strong>&nbsp;presunta campa\u00f1a de \u201cpersecuci\u00f3n pol\u00edtica\u201d<\/strong>&nbsp;del gobierno.<\/p>\n\n\n\n<p>La oposici\u00f3n ha acusado al presidente L\u00f3pez Obrador y su partido de promover el \u201cautoritarismo\u201d y la violencia pol\u00edtica por llamar \u201ctraidores a la patria\u201d y pedir \u201cfusilar\u201d de manera simb\u00f3lica a los diputados que el mes pasado<strong>&nbsp;votaron contra la reforma el\u00e9ctrica del Gobierno<\/strong>.<\/p>\n\n\n\n<p>\u201cM\u00e9xico se est\u00e1 convirtiendo en la nueva cara del autoritarismo en Latinoam\u00e9rica y si no ponemos un alto, nuestro pa\u00eds se convertir\u00e1 en una dictadura\u201d, afirm\u00f3 Alejandro Moreno, dirigente del PRI.<\/p>\n\n\n\n<p>Fuente: https:\/\/www.elfinanciero.com.mx\/nacional\/2022\/05\/02\/va-por-mexico-se-la-voltea-a-amlo-anuncia-contrapropuesta-de-reforma-electoral\/<\/p>\n","protected":false},"excerpt":{"rendered":"<p>Los partidos de la oposici\u00f3n plantean la regulaci\u00f3n de las conferencias matutinas del presidente, Andr\u00e9s Manuel L\u00f3pez Obrador, durante las [&hellip;]<\/p>\n","protected":false},"author":1,"featured_media":26882,"comment_status":"open","ping_status":"open","sticky":false,"template":"","format":"standard","meta":{"site-sidebar-layout":"default","site-content-layout":"","ast-site-content-layout":"default","site-content-style":"default","site-sidebar-style":"default","ast-global-header-display":"","ast-banner-title-visibility":"","ast-main-header-display":"","ast-hfb-above-header-display":"","ast-hfb-below-header-display":"","ast-hfb-mobile-header-display":"","site-post-title":"","ast-breadcrumbs-content":"","ast-featured-img":"","footer-sml-layout":"","theme-transparent-header-meta":"","adv-header-id-meta":"","stick-header-meta":"","header-above-stick-meta":"","header-main-stick-meta":"","header-below-stick-meta":"","astra-migrate-meta-layouts":"default","ast-page-background-enabled":"default","ast-page-background-meta":{"desktop":{"background-color":"var(--ast-global-color-4)","background-image":"","background-repeat":"repeat","background-position":"center center","background-size":"auto","background-attachment":"scroll","background-type":"","background-media":"","overlay-type":"","overlay-color":"","overlay-opacity":"","overlay-gradient":""},"tablet":{"background-color":"","background-image":"","background-repeat":"repeat","background-position":"center center","background-size":"auto","background-attachment":"scroll","background-type":"","background-media":"","overlay-type":"","overlay-color":"","overlay-opacity":"","overlay-gradient":""},"mobile":{"background-color":"","background-image":"","background-repeat":"repeat","background-position":"center center","background-size":"auto","background-attachment":"scroll","background-type":"","background-media":"","overlay-type":"","overlay-color":"","overlay-opacity":"","overlay-gradient":""}},"ast-content-background-meta":{"desktop":{"background-color":"var(--ast-global-color-5)","background-image":"","background-repeat":"repeat","background-position":"center center","background-size":"auto","background-attachment":"scroll","background-type":"","background-media":"","overlay-type":"","overlay-color":"","overlay-opacity":"","overlay-gradient":""},"tablet":{"background-color":"var(--ast-global-color-5)","background-image":"","background-repeat":"repeat","background-position":"center center","background-size":"auto","background-attachment":"scroll","background-type":"","background-media":"","overlay-type":"","overlay-color":"","overlay-opacity":"","overlay-gradient":""},"mobile":{"background-color":"var(--ast-global-color-5)","background-image":"","background-repeat":"repeat","background-position":"center center","background-size":"auto","background-attachment":"scroll","background-type":"","background-media":"","overlay-type":"","overlay-color":"","overlay-opacity":"","overlay-gradient":""}},"footnotes":""},"categories":[8],"tags":[5486,9251,1661],"class_list":["post-26881","post","type-post","status-publish","format-standard","has-post-thumbnail","hentry","category-noticias","tag-elecciones-2024","tag-reforma-electoral","tag-va-por-mexico"],"_links":{"self":[{"href":"https:\/\/losperiodistas.com.mx\/portal\/wp-json\/wp\/v2\/posts\/26881","targetHints":{"allow":["GET"]}}],"collection":[{"href":"https:\/\/losperiodistas.com.mx\/portal\/wp-json\/wp\/v2\/posts"}],"about":[{"href":"https:\/\/losperiodistas.com.mx\/portal\/wp-json\/wp\/v2\/types\/post"}],"author":[{"embeddable":true,"href":"https:\/\/losperiodistas.com.mx\/portal\/wp-json\/wp\/v2\/users\/1"}],"replies":[{"embeddable":true,"href":"https:\/\/losperiodistas.com.mx\/portal\/wp-json\/wp\/v2\/comments?post=26881"}],"version-history":[{"count":1,"href":"https:\/\/losperiodistas.com.mx\/portal\/wp-json\/wp\/v2\/posts\/26881\/revisions"}],"predecessor-version":[{"id":26883,"href":"https:\/\/losperiodistas.com.mx\/portal\/wp-json\/wp\/v2\/posts\/26881\/revisions\/26883"}],"wp:featuredmedia":[{"embeddable":true,"href":"https:\/\/losperiodistas.com.mx\/portal\/wp-json\/wp\/v2\/media\/26882"}],"wp:attachment":[{"href":"https:\/\/losperiodistas.com.mx\/portal\/wp-json\/wp\/v2\/media?parent=26881"}],"wp:term":[{"taxonomy":"category","embeddable":true,"href":"https:\/\/losperiodistas.com.mx\/portal\/wp-json\/wp\/v2\/categories?post=26881"},{"taxonomy":"post_tag","embeddable":true,"href":"https:\/\/losperiodistas.com.mx\/portal\/wp-json\/wp\/v2\/tags?post=26881"}],"curies":[{"name":"wp","href":"https:\/\/api.w.org\/{rel}","templated":true}]}}