{"id":26861,"date":"2022-05-02T10:55:19","date_gmt":"2022-05-02T15:55:19","guid":{"rendered":"http:\/\/losperiodistas.com.mx\/portal\/?p=26861"},"modified":"2022-05-02T10:55:21","modified_gmt":"2022-05-02T15:55:21","slug":"eduardo-rivera-perez-inicia-modernizacion-de-semaforos-y-luminarias-en-puebla-capital","status":"publish","type":"post","link":"https:\/\/losperiodistas.com.mx\/portal\/eduardo-rivera-perez-inicia-modernizacion-de-semaforos-y-luminarias-en-puebla-capital\/","title":{"rendered":"Eduardo Rivera P\u00e9rez inicia modernizaci\u00f3n de sem\u00e1foros y luminarias en Puebla capital"},"content":{"rendered":"\n<ul class=\"wp-block-list\"><li><em>Por primera vez, 302 cruceros formar\u00e1n parte de una red inteligente de semaforizaci\u00f3n y 16 mil 500 puntos de luz se renovar\u00e1n con tecnolog\u00eda LED.<\/em><\/li><\/ul>\n\n\n\n<figure class=\"wp-block-image size-large\"><img fetchpriority=\"high\" decoding=\"async\" width=\"1024\" height=\"576\" src=\"https:\/\/losperiodistas.com.mx\/portal\/wp-content\/uploads\/2022\/05\/WhatsApp-Image-2022-05-02-at-10.08.29-AM-1024x576.jpeg\" alt=\"\" class=\"wp-image-26862\" srcset=\"https:\/\/losperiodistas.com.mx\/portal\/wp-content\/uploads\/2022\/05\/WhatsApp-Image-2022-05-02-at-10.08.29-AM-1024x576.jpeg 1024w, https:\/\/losperiodistas.com.mx\/portal\/wp-content\/uploads\/2022\/05\/WhatsApp-Image-2022-05-02-at-10.08.29-AM-300x169.jpeg 300w, https:\/\/losperiodistas.com.mx\/portal\/wp-content\/uploads\/2022\/05\/WhatsApp-Image-2022-05-02-at-10.08.29-AM-768x432.jpeg 768w, https:\/\/losperiodistas.com.mx\/portal\/wp-content\/uploads\/2022\/05\/WhatsApp-Image-2022-05-02-at-10.08.29-AM.jpeg 1280w\" sizes=\"(max-width: 1024px) 100vw, 1024px\" \/><figcaption>Ayuntamiento Puebla<\/figcaption><\/figure>\n\n\n\n<p>Puebla capital est\u00e1 m\u00e1s cerca de ser la \u00abCiudad de 10\u00bb que sus habitantes merecen, pues este d\u00eda se dio paso a la modernizaci\u00f3n de los sistemas de semaforizaci\u00f3n y alumbrado p\u00fablico, dos de los servicios municipales m\u00e1s importantes en materia de movilidad, seguridad y ahorro energ\u00e9tico.<\/p>\n\n\n\n<p>Para ello, el alcalde Eduardo Rivera P\u00e9rez impuls\u00f3 una inversi\u00f3n sin precedentes de 730 millones de pesos, la cual permitir\u00e1 que el 100 por ciento de los controladores de tr\u00e1fico reciban mantenimiento preventivo y correctivo, as\u00ed como que el parque lum\u00ednico de toda la ciudad se ampl\u00ede con cinco mil 532 puntos m\u00e1s.<\/p>\n\n\n\n<p>\u00abVamos a generar un ordenamiento vial en toda la ciudad, mitigando los riesgos en materia de movilidad para peatones, ciclistas y automovilistas\u00bb, expres\u00f3 Rivera P\u00e9rez, luego de anunciar que con este plan Integral tambi\u00e9n se lograr\u00e1 que 302 cruceros formen parte de una red inteligente de control de tr\u00e1fico y 16 mil 500 puntos de luz se renueven con tecnolog\u00eda LED.<\/p>\n\n\n\n<p>Adem\u00e1s, abund\u00f3, se realizar\u00e1 la instalaci\u00f3n de sem\u00e1foros peatonales en 85 cruceros, se cambiar\u00e1n 32 mil 500 luminarias, se balizar\u00e1n 129 kil\u00f3metros de vialidades, as\u00ed como la pinta de toda la infraestructura semaf\u00f3rica en los 975 cruceros que tiene la ciudad y la instalaci\u00f3n de sensores para evaluar la calidad del aire, entre otras acciones.<\/p>\n\n\n\n<p>Todas estas intervenciones permitir\u00e1n transitar hacia un ambiente de movilidad m\u00e1s seguro, digno y eficiente, donde cada usuario de la v\u00eda pueda convivir con respeto y orden, pues es mediante la infraestructura \u00abque se genera una cultura vial y se proponen soluciones para que Puebla deje el segundo lugar en estad\u00edsticas de siniestros viales\u00bb, destac\u00f3 en su oportunidad Mar\u00eda Guadalupe Leal, Diputada local de la LXI Legislatura.<\/p>\n\n\n\n<p>El arranque de este proyecto cont\u00f3 con el respaldo de Stephanie Scherezada Salgado-Montes, Presidenta del Colegio de Urbanistas y Dise\u00f1adores Ambientales del Estado de Puebla AC; Marco Antonio Pr\u00f3speri Calder\u00f3n, Presidente de la C\u00e1mara de Comercio, Servicios y Turismo de Puebla; Benjam\u00edn Gonz\u00e1lez Loyola, Vicepresidente Nacional de Transporte Urbano y Suburbano en el Estado de Puebla; Gustavo R\u00edos Ru\u00edz, Director General de Traffic Light; Juan Manuel Col\u00edn, Presidente Auxiliar de San Baltazar Campeche; as\u00ed como de integrantes del Cabildo poblano y titulares del Gabinete Municipal.<\/p>\n","protected":false},"excerpt":{"rendered":"<p>Por primera vez, 302 cruceros formar\u00e1n parte de una red inteligente de semaforizaci\u00f3n y 16 mil 500 puntos de luz [&hellip;]<\/p>\n","protected":false},"author":1,"featured_media":26863,"comment_status":"open","ping_status":"open","sticky":false,"template":"","format":"standard","meta":{"site-sidebar-layout":"default","site-content-layout":"","ast-site-content-layout":"default","site-content-style":"default","site-sidebar-style":"default","ast-global-header-display":"","ast-banner-title-visibility":"","ast-main-header-display":"","ast-hfb-above-header-display":"","ast-hfb-below-header-display":"","ast-hfb-mobile-header-display":"","site-post-title":"","ast-breadcrumbs-content":"","ast-featured-img":"","footer-sml-layout":"","theme-transparent-header-meta":"","adv-header-id-meta":"","stick-header-meta":"","header-above-stick-meta":"","header-main-stick-meta":"","header-below-stick-meta":"","astra-migrate-meta-layouts":"default","ast-page-background-enabled":"default","ast-page-background-meta":{"desktop":{"background-color":"var(--ast-global-color-4)","background-image":"","background-repeat":"repeat","background-position":"center center","background-size":"auto","background-attachment":"scroll","background-type":"","background-media":"","overlay-type":"","overlay-color":"","overlay-opacity":"","overlay-gradient":""},"tablet":{"background-color":"","background-image":"","background-repeat":"repeat","background-position":"center center","background-size":"auto","background-attachment":"scroll","background-type":"","background-media":"","overlay-type":"","overlay-color":"","overlay-opacity":"","overlay-gradient":""},"mobile":{"background-color":"","background-image":"","background-repeat":"repeat","background-position":"center center","background-size":"auto","background-attachment":"scroll","background-type":"","background-media":"","overlay-type":"","overlay-color":"","overlay-opacity":"","overlay-gradient":""}},"ast-content-background-meta":{"desktop":{"background-color":"var(--ast-global-color-5)","background-image":"","background-repeat":"repeat","background-position":"center center","background-size":"auto","background-attachment":"scroll","background-type":"","background-media":"","overlay-type":"","overlay-color":"","overlay-opacity":"","overlay-gradient":""},"tablet":{"background-color":"var(--ast-global-color-5)","background-image":"","background-repeat":"repeat","background-position":"center center","background-size":"auto","background-attachment":"scroll","background-type":"","background-media":"","overlay-type":"","overlay-color":"","overlay-opacity":"","overlay-gradient":""},"mobile":{"background-color":"var(--ast-global-color-5)","background-image":"","background-repeat":"repeat","background-position":"center center","background-size":"auto","background-attachment":"scroll","background-type":"","background-media":"","overlay-type":"","overlay-color":"","overlay-opacity":"","overlay-gradient":""}},"footnotes":""},"categories":[8],"tags":[7279,9856],"class_list":["post-26861","post","type-post","status-publish","format-standard","has-post-thumbnail","hentry","category-noticias","tag-contigoyconrumbo","tag-semaforizacion-puebla"],"_links":{"self":[{"href":"https:\/\/losperiodistas.com.mx\/portal\/wp-json\/wp\/v2\/posts\/26861","targetHints":{"allow":["GET"]}}],"collection":[{"href":"https:\/\/losperiodistas.com.mx\/portal\/wp-json\/wp\/v2\/posts"}],"about":[{"href":"https:\/\/losperiodistas.com.mx\/portal\/wp-json\/wp\/v2\/types\/post"}],"author":[{"embeddable":true,"href":"https:\/\/losperiodistas.com.mx\/portal\/wp-json\/wp\/v2\/users\/1"}],"replies":[{"embeddable":true,"href":"https:\/\/losperiodistas.com.mx\/portal\/wp-json\/wp\/v2\/comments?post=26861"}],"version-history":[{"count":1,"href":"https:\/\/losperiodistas.com.mx\/portal\/wp-json\/wp\/v2\/posts\/26861\/revisions"}],"predecessor-version":[{"id":26864,"href":"https:\/\/losperiodistas.com.mx\/portal\/wp-json\/wp\/v2\/posts\/26861\/revisions\/26864"}],"wp:featuredmedia":[{"embeddable":true,"href":"https:\/\/losperiodistas.com.mx\/portal\/wp-json\/wp\/v2\/media\/26863"}],"wp:attachment":[{"href":"https:\/\/losperiodistas.com.mx\/portal\/wp-json\/wp\/v2\/media?parent=26861"}],"wp:term":[{"taxonomy":"category","embeddable":true,"href":"https:\/\/losperiodistas.com.mx\/portal\/wp-json\/wp\/v2\/categories?post=26861"},{"taxonomy":"post_tag","embeddable":true,"href":"https:\/\/losperiodistas.com.mx\/portal\/wp-json\/wp\/v2\/tags?post=26861"}],"curies":[{"name":"wp","href":"https:\/\/api.w.org\/{rel}","templated":true}]}}