{"id":26858,"date":"2022-05-02T08:59:05","date_gmt":"2022-05-02T13:59:05","guid":{"rendered":"http:\/\/losperiodistas.com.mx\/portal\/?p=26858"},"modified":"2022-05-02T08:59:06","modified_gmt":"2022-05-02T13:59:06","slug":"la-salud-del-papa-francisco-transfiere-audiencia-en-santa-marta-aleteia","status":"publish","type":"post","link":"https:\/\/losperiodistas.com.mx\/portal\/la-salud-del-papa-francisco-transfiere-audiencia-en-santa-marta-aleteia\/","title":{"rendered":"La salud del Papa Francisco: Transfiere audiencia en Santa Marta | Aleteia"},"content":{"rendered":"\n<p><em>El Pont\u00edfice ha recibido esta ma\u00f1ana a los l\u00edderes de la Federaci\u00f3n Internacional de Farmac\u00e9uticos Cat\u00f3licos en Casa Santa Marta y no en el Palacio Apost\u00f3lico<\/em><\/p>\n\n\n\n<figure class=\"wp-block-image size-large\"><img fetchpriority=\"high\" decoding=\"async\" width=\"1024\" height=\"681\" src=\"https:\/\/losperiodistas.com.mx\/portal\/wp-content\/uploads\/2022\/05\/VATICAN-POPE-audience-Antoine-Mekary-ALETEIA-AM_0828-1024x681.jpg\" alt=\"\" class=\"wp-image-26859\" srcset=\"https:\/\/losperiodistas.com.mx\/portal\/wp-content\/uploads\/2022\/05\/VATICAN-POPE-audience-Antoine-Mekary-ALETEIA-AM_0828-1024x681.jpg 1024w, https:\/\/losperiodistas.com.mx\/portal\/wp-content\/uploads\/2022\/05\/VATICAN-POPE-audience-Antoine-Mekary-ALETEIA-AM_0828-300x199.jpg 300w, https:\/\/losperiodistas.com.mx\/portal\/wp-content\/uploads\/2022\/05\/VATICAN-POPE-audience-Antoine-Mekary-ALETEIA-AM_0828-768x511.jpg 768w, https:\/\/losperiodistas.com.mx\/portal\/wp-content\/uploads\/2022\/05\/VATICAN-POPE-audience-Antoine-Mekary-ALETEIA-AM_0828.jpg 1280w\" sizes=\"(max-width: 1024px) 100vw, 1024px\" \/><figcaption>Antoine Mekary | ALETEIA<\/figcaption><\/figure>\n\n\n\n<p><\/p>\n\n\n\n<p class=\"has-vivid-cyan-blue-color has-text-color has-medium-font-size\">ARY WALDIR RAMOS D\u00cdAZ \/ ALETEIA<\/p>\n\n\n\n<p>El&nbsp;<strong>papa Francisco<\/strong>&nbsp;no puede caminar o estar de pie por consejo m\u00e9dico. Precisamente este lunes, 2 de mayo, ha recibido en la ma\u00f1ana a los l\u00edderes de la&nbsp;<strong>Federaci\u00f3n Internacional de Farmac\u00e9uticos Cat\u00f3licos<\/strong>&nbsp;en Casa Santa Marta y no en el Palacio Apost\u00f3lico.&nbsp;<\/p>\n\n\n\n<p><strong>\u201cEsta audiencia deb\u00eda ser en el Palacio Apost\u00f3lico, pero debido a mi rodilla es aqu\u00ed. Disc\u00falpenme\u201d<\/strong>, afirm\u00f3 el papa Francisco, quien a causa de una gonalgia,&nbsp;<strong>dolor intenso en la rodilla derecha<\/strong>, ha proseguido su agenda de compromisos desde la residencia donde vive para evitar esfuerzos que comprometan su salud.<\/p>\n\n\n\n<p>El Pont\u00edfice se disculp\u00f3 recientemente con un grupo de fieles de Eslovaquia por tener que saludarles sentado debido al problema que sufre en una rodilla y que explic\u00f3 as\u00ed:&nbsp;<strong>\u201cEsta pierna no est\u00e1 bien, no funciona, y el m\u00e9dico me ha pedido que no camine\u00bb<\/strong>, afirm\u00f3 con una sonrisa en el Aula Pablo VI del Vaticano (<a href=\"https:\/\/www.vatican.va\/content\/francesco\/it\/events\/event.dir.html\/content\/vaticanevents\/it\/2022\/4\/30\/pellegrinaggio-slovacchia.html\" target=\"_blank\" rel=\"noreferrer noopener\">30.04.2022<\/a>).<\/p>\n\n\n\n<p>\u00abA m\u00ed me gusta andar, pero esta vez debo obedecer al m\u00e9dico. Por eso les pedir\u00e9 el sacrificio de subir las escaleras y les saludar\u00e9 aqu\u00ed, sentado. Es una humillaci\u00f3n pero la ofrezco por vuestro pa\u00eds\u00bb. El pont\u00edfice, de 85 a\u00f1os de edad, padece un problema que le hace cojear y le impide permanecer durante largo rato de pie.<\/p>\n\n\n\n<p>En las \u00faltimas semanas, Francisco ha suspendido su agenda algunos d\u00edas para someterse a pruebas m\u00e9dicas y este problema le oblig\u00f3 a cambiar algunos ritos durante la pasada Semana Santa, como el de la postraci\u00f3n en la bas\u00edlica vaticana por el Viernes Santo.&nbsp;<\/p>\n\n\n\n<p>El 25 de febrero la Santa Sede confirm\u00f3 que padec\u00eda una gonalgia aguda, es decir, un dolor en la rodilla de tipo reum\u00e1tico, por lo que se le recomend\u00f3 m\u00e1s reposo, teniendo que&nbsp;<strong>suspender un viaje a Florencia<\/strong>&nbsp;(norte) e impidi\u00e9ndole presidir el Mi\u00e9rcoles de Ceniza.<\/p>\n\n\n\n<p>Tambi\u00e9n tuvo problemas en su viaje en Malta en Abril. De hecho, no pudo bajar las escaleras del avi\u00f3n por primera vez y recurri\u00f3 a un elevador.<\/p>\n\n\n\n<p>El Pont\u00edfice salud\u00f3 sentado y no de pie a los files y a los obispos que se le acercaron en la audiencia general del mi\u00e9rcoles pasado.<\/p>\n\n\n\n<p>En la audiencia privada en Santa Marta con los representantes de los farmac\u00e9uticos, el Papa les agradeci\u00f3 por su labor durante la pandemia de covid-19, estando en primera l\u00ednea.&nbsp;<\/p>\n\n\n\n<p>\u201cLos ciudadanos, a menudo perdidos, han encontrado en usted un punto de referencia para la asistencia, el asesoramiento, la informaci\u00f3n, y tambi\u00e9n \u2013 como bien sabemos \u2013 para poder realizar r\u00e1pidamente las pruebas (para detectar el covid) necesarias para la vida y las actividades cotidianas\u201d.&nbsp;<\/p>\n\n\n\n<p>Por otro lado, el Papa se\u00f1al\u00f3 que l<strong>os farmac\u00e9uticos tienen una funci\u00f3n social y son como un \u00abpuente\u00bb entre los ciudadanos y el sistema sanitario.&nbsp;<\/strong><\/p>\n\n\n\n<p><strong>\u201c<\/strong>El sistema es muy burocr\u00e1tico, y la pandemia lo ha puesto a prueba, ralentizando, cuando no paralizando, los procedimientos. En la pr\u00e1ctica, esto supone mayores molestias y sufrimientos para los enfermos y, desgraciadamente, m\u00e1s da\u00f1os para la salud. En este contexto, los farmac\u00e9uticos hacen una doble contribuci\u00f3n al bien com\u00fan: aligeran la carga del sistema sanitario y alivian las tensiones sociales\u201d.\u00a0<\/p>\n\n\n\n<p>Fuente: https:\/\/es.aleteia.org\/2022\/05\/02\/la-salud-del-papa-francisco-transfiere-audiencia-en-santa-marta\/<\/p>\n","protected":false},"excerpt":{"rendered":"<p>El Pont\u00edfice ha recibido esta ma\u00f1ana a los l\u00edderes de la Federaci\u00f3n Internacional de Farmac\u00e9uticos Cat\u00f3licos en Casa Santa Marta [&hellip;]<\/p>\n","protected":false},"author":1,"featured_media":26859,"comment_status":"open","ping_status":"open","sticky":false,"template":"","format":"standard","meta":{"site-sidebar-layout":"default","site-content-layout":"","ast-site-content-layout":"default","site-content-style":"default","site-sidebar-style":"default","ast-global-header-display":"","ast-banner-title-visibility":"","ast-main-header-display":"","ast-hfb-above-header-display":"","ast-hfb-below-header-display":"","ast-hfb-mobile-header-display":"","site-post-title":"","ast-breadcrumbs-content":"","ast-featured-img":"","footer-sml-layout":"","theme-transparent-header-meta":"","adv-header-id-meta":"","stick-header-meta":"","header-above-stick-meta":"","header-main-stick-meta":"","header-below-stick-meta":"","astra-migrate-meta-layouts":"default","ast-page-background-enabled":"default","ast-page-background-meta":{"desktop":{"background-color":"var(--ast-global-color-4)","background-image":"","background-repeat":"repeat","background-position":"center center","background-size":"auto","background-attachment":"scroll","background-type":"","background-media":"","overlay-type":"","overlay-color":"","overlay-opacity":"","overlay-gradient":""},"tablet":{"background-color":"","background-image":"","background-repeat":"repeat","background-position":"center center","background-size":"auto","background-attachment":"scroll","background-type":"","background-media":"","overlay-type":"","overlay-color":"","overlay-opacity":"","overlay-gradient":""},"mobile":{"background-color":"","background-image":"","background-repeat":"repeat","background-position":"center center","background-size":"auto","background-attachment":"scroll","background-type":"","background-media":"","overlay-type":"","overlay-color":"","overlay-opacity":"","overlay-gradient":""}},"ast-content-background-meta":{"desktop":{"background-color":"var(--ast-global-color-5)","background-image":"","background-repeat":"repeat","background-position":"center center","background-size":"auto","background-attachment":"scroll","background-type":"","background-media":"","overlay-type":"","overlay-color":"","overlay-opacity":"","overlay-gradient":""},"tablet":{"background-color":"var(--ast-global-color-5)","background-image":"","background-repeat":"repeat","background-position":"center center","background-size":"auto","background-attachment":"scroll","background-type":"","background-media":"","overlay-type":"","overlay-color":"","overlay-opacity":"","overlay-gradient":""},"mobile":{"background-color":"var(--ast-global-color-5)","background-image":"","background-repeat":"repeat","background-position":"center center","background-size":"auto","background-attachment":"scroll","background-type":"","background-media":"","overlay-type":"","overlay-color":"","overlay-opacity":"","overlay-gradient":""}},"footnotes":""},"categories":[8],"tags":[9855,9854],"class_list":["post-26858","post","type-post","status-publish","format-standard","has-post-thumbnail","hentry","category-noticias","tag-gonalgia","tag-papa-francisco-salud"],"_links":{"self":[{"href":"https:\/\/losperiodistas.com.mx\/portal\/wp-json\/wp\/v2\/posts\/26858","targetHints":{"allow":["GET"]}}],"collection":[{"href":"https:\/\/losperiodistas.com.mx\/portal\/wp-json\/wp\/v2\/posts"}],"about":[{"href":"https:\/\/losperiodistas.com.mx\/portal\/wp-json\/wp\/v2\/types\/post"}],"author":[{"embeddable":true,"href":"https:\/\/losperiodistas.com.mx\/portal\/wp-json\/wp\/v2\/users\/1"}],"replies":[{"embeddable":true,"href":"https:\/\/losperiodistas.com.mx\/portal\/wp-json\/wp\/v2\/comments?post=26858"}],"version-history":[{"count":1,"href":"https:\/\/losperiodistas.com.mx\/portal\/wp-json\/wp\/v2\/posts\/26858\/revisions"}],"predecessor-version":[{"id":26860,"href":"https:\/\/losperiodistas.com.mx\/portal\/wp-json\/wp\/v2\/posts\/26858\/revisions\/26860"}],"wp:featuredmedia":[{"embeddable":true,"href":"https:\/\/losperiodistas.com.mx\/portal\/wp-json\/wp\/v2\/media\/26859"}],"wp:attachment":[{"href":"https:\/\/losperiodistas.com.mx\/portal\/wp-json\/wp\/v2\/media?parent=26858"}],"wp:term":[{"taxonomy":"category","embeddable":true,"href":"https:\/\/losperiodistas.com.mx\/portal\/wp-json\/wp\/v2\/categories?post=26858"},{"taxonomy":"post_tag","embeddable":true,"href":"https:\/\/losperiodistas.com.mx\/portal\/wp-json\/wp\/v2\/tags?post=26858"}],"curies":[{"name":"wp","href":"https:\/\/api.w.org\/{rel}","templated":true}]}}