{"id":26842,"date":"2022-05-02T07:51:30","date_gmt":"2022-05-02T12:51:30","guid":{"rendered":"http:\/\/losperiodistas.com.mx\/portal\/?p=26842"},"modified":"2022-05-02T07:51:32","modified_gmt":"2022-05-02T12:51:32","slug":"caravana-de-madres-centroamericanas-retoma-busqueda-de-sus-hijos-desaparecidos-en-mexico-france-24","status":"publish","type":"post","link":"https:\/\/losperiodistas.com.mx\/portal\/caravana-de-madres-centroamericanas-retoma-busqueda-de-sus-hijos-desaparecidos-en-mexico-france-24\/","title":{"rendered":"Caravana de madres centroamericanas retoma b\u00fasqueda de sus hijos desaparecidos en M\u00e9xico\u00a0| France 24"},"content":{"rendered":"\n<figure class=\"wp-block-image size-large is-style-default\"><img fetchpriority=\"high\" decoding=\"async\" width=\"1024\" height=\"576\" src=\"https:\/\/losperiodistas.com.mx\/portal\/wp-content\/uploads\/2022\/05\/b1bdcc8e57c65fa72ce12783b863f61e4086e620w-1024x576.jpg\" alt=\"\" class=\"wp-image-26843\" srcset=\"https:\/\/losperiodistas.com.mx\/portal\/wp-content\/uploads\/2022\/05\/b1bdcc8e57c65fa72ce12783b863f61e4086e620w-1024x576.jpg 1024w, https:\/\/losperiodistas.com.mx\/portal\/wp-content\/uploads\/2022\/05\/b1bdcc8e57c65fa72ce12783b863f61e4086e620w-300x169.jpg 300w, https:\/\/losperiodistas.com.mx\/portal\/wp-content\/uploads\/2022\/05\/b1bdcc8e57c65fa72ce12783b863f61e4086e620w-768x432.jpg 768w, https:\/\/losperiodistas.com.mx\/portal\/wp-content\/uploads\/2022\/05\/b1bdcc8e57c65fa72ce12783b863f61e4086e620w.jpg 1280w\" sizes=\"(max-width: 1024px) 100vw, 1024px\" \/><figcaption>Familiares de migrantes centroamericanos desaparecidos se manifiestan en caravana en el municipio de Tapachula, estado de Chiapas (M\u00e9xico) este domingo, 1 de mayo.\u00a0\u00a9 EFE\/ Juan Manuel Blanco<\/figcaption><\/figure>\n\n\n\n<p class=\"has-vivid-cyan-blue-color has-text-color has-medium-font-size\">MARTA MOYA DOM\u00cdNGUEZ \/ FRANCE 24<\/p>\n\n\n\n<p>Tras dos a\u00f1os de par\u00f3n por la pandemia, este fin de semana se reanud\u00f3 la caravana de madres centroamericanas que buscan a sus hijos, migrantes desaparecidos en M\u00e9xico en su periplo hacia Estados Unidos. Bajo el lema \u00abNunca nos hemos ido\u00bb,\u00a0este domingo varias decenas de mujeres ingresaron a territorio mexicano por la frontera sur, que separa\u00a0al pa\u00eds de Guatemala. Entre el 1 y el 10 de mayo la caravana recorrer\u00e1 varios estados y har\u00e1 su parada final en la capital, Ciudad de M\u00e9xico.<\/p>\n\n\n\n<p>En su XVI edici\u00f3n, la \u00abCaravana de Madres de Personas Migrantes Desaparecidas\u201d retom\u00f3 sus pasos en el reinicio, despu\u00e9s de dos a\u00f1os de bloqueo por la pandemia de Covid-19, de la b\u00fasqueda de sus hijos, migrantes centroamericanos que desaparecieron en M\u00e9xico durante su trayecto hacia Estados Unidos.&nbsp;<\/p>\n\n\n\n<p>Este domingo, 1 de mayo, la caravana, bajo el lema \u00abNunca nos hemos ido\u00bb, ingres\u00f3&nbsp;a territorio mexicano por la frontera sur que divide a M\u00e9xico y Guatemala.<\/p>\n\n\n\n<p>El viernes, 29 de abril, un grupo de mujeres parti\u00f3 desde San Salvador, la capital salvadore\u00f1a, y entre en&nbsp;carros y a pie, llegaron este domingo, junto a otros grupos de madres de Honduras y Guatemala.<\/p>\n\n\n\n<p>Una vez atravesado el punto fronterizo del Instituto Nacional de Migraci\u00f3n mexicano en Ciudad Hidalgo, Suchiate, un municipio perteneciente al estado de Chiapas, arranc\u00f3 la caravana de madres centroamericanas, que durante los pr\u00f3ximos diez d\u00edas recorrer\u00e1 los estados de\u00a0Chiapas, Tabasco y Veracruz y\u00a0Ciudad de M\u00e9xico.<\/p>\n\n\n\n<figure class=\"wp-block-embed is-type-rich is-provider-twitter wp-block-embed-twitter\"><div class=\"wp-block-embed__wrapper\">\n<blockquote class=\"twitter-tweet\" data-width=\"500\" data-dnt=\"true\"><p lang=\"es\" dir=\"ltr\"><a href=\"https:\/\/twitter.com\/hashtag\/Local?src=hash&amp;ref_src=twsrc%5Etfw\">#Local<\/a> |\u00a0Ingresa caravana de madres centroamericanas por el puente fronterizo de Suchiate, para iniciar la b\u00fasqueda de familiares desaparecidos por varios Estados del pa\u00eds<br><br>V\u00eda Marvin Bautista | Diario del Sur <a href=\"https:\/\/t.co\/BpFQHs7tpw\">https:\/\/t.co\/BpFQHs7tpw<\/a> <a href=\"https:\/\/t.co\/qH238I8oNN\">pic.twitter.com\/qH238I8oNN<\/a><\/p>&mdash; Diario del Sur (@diariosur_oem) <a href=\"https:\/\/twitter.com\/diariosur_oem\/status\/1520831873513107457?ref_src=twsrc%5Etfw\">May 1, 2022<\/a><\/blockquote><script async src=\"https:\/\/platform.twitter.com\/widgets.js\" charset=\"utf-8\"><\/script>\n<\/div><\/figure>\n\n\n\n<p>En su \u00faltima parada, la capital, habr\u00e1 actividades en el Senado mexicano, donde las mujeres de migrantes desparecidos&nbsp;reclamar\u00e1n a las autoridades que les informen&nbsp;sobre si hay, o no,&nbsp;avances al respecto de las denuncias que presentaron por sus familiares desaparecidos.<\/p>\n\n\n\n<p>\u00abNosotros vamos a caminar durante 10 d\u00edas por los estados donde pasaron nuestros familiares y llevamos sus fotos, adem\u00e1s de otras im\u00e1genes de otros hijos, porque hay madres que no tienen los recursos para poder salir y nos han confiado las fotos para la b\u00fasqueda de sus hijos\u00bb, coment\u00f3 a EFE&nbsp;Etelvina Esteban, cuyo hermano Hijinio desapareci\u00f3 en la ciudad de Matamoros, en la frontera norte.<\/p>\n\n\n\n<p><strong>Los pasos de la caravana durante los pr\u00f3ximos diez d\u00edas<\/strong><\/p>\n\n\n\n<p>Durante este domingo, la caravana de madres migrantes inici\u00f3 la b\u00fasqueda con una exhibici\u00f3n fotogr\u00e1fica de sus familiares desparecidos en el municipio de Tapachula (Chiapas).<\/p>\n\n\n\n<p>El lunes, 2 de mayo, el grupo transitar\u00e1&nbsp;hasta el tramo vial entre&nbsp;Chiapa de Corzo y&nbsp;Tuxtla Guti\u00e9rrez, la capital de Chiapas, donde se llevar\u00e1 a cabo un homenaje a los 56 migrantes que perdieron la vida el a\u00f1o pasado en un accidente de tr\u00e1fico.&nbsp;&nbsp;<\/p>\n\n\n\n<figure class=\"wp-block-image size-full\"><img decoding=\"async\" width=\"1\" height=\"1\" src=\"https:\/\/losperiodistas.com.mx\/portal\/wp-content\/uploads\/2022\/05\/image.gif\" alt=\"\" class=\"wp-image-26844\"\/><figcaption>Una mujer muestra el retrato de su familiar migrante desaparecida durante una caravana de b\u00fasqueda en el municipio de Tapachula, estado de Chiapas (M\u00e9xico) este domingo, 1 de mayo.&nbsp;\u00a9 EFE\/ Juan Manuel Blanco<\/figcaption><\/figure>\n\n\n\n<p>En su trayecto hasta la capital el 10 de mayo, D\u00eda de la Madre en M\u00e9xico, la caravana ir\u00e1 acompa\u00f1ada por el&nbsp;Movimiento Migrante Mesoamericano (MMM), un grupo de organizaciones que lidera las acciones pol\u00edticas y sociales en solidaridad con la comunidad migrante del subcontinente.<\/p>\n\n\n\n<p>La presidenta del MMM,&nbsp;Ta\u00f1\u00eda V\u00e1zquez Alatorre, dijo a EFE&nbsp;que, lamentablemente,&nbsp;&nbsp;\u00abse ha vuelto un calvario transitar por M\u00e9xico para poder llegar a Estados Unidos, por lo que la caravana de madres migrantes tiene como objetivo encontrar a las personas en M\u00e9xico porque muchos de ellos se quedan en este pa\u00eds\u00bb.<\/p>\n\n\n\n<p><strong>16&nbsp;a\u00f1os de lucha incansable<\/strong><\/p>\n\n\n\n<p>La&nbsp;Caravana de Madres Centroamericanas lleva desde 2004, a\u00f1o tras a\u00f1o, (salvo 2020 y 2021 por la pandemia) organiz\u00e1ndose y denunciando las desapariciones de sus familiares en territorio mexicano.&nbsp;<\/p>\n\n\n\n<p>Esta forma de lucha no s\u00f3lo ha puesto de relieve la preocupante situaci\u00f3n de los migrantes centroamericanos en M\u00e9xico, sino que tambi\u00e9n ha servido para denunciar violaciones a los derechos humanos que sufren los migrantes en ruta provenientes de Honduras, Nicaragua, El Salvador y Guatemala.<\/p>\n\n\n\n<figure class=\"wp-block-image size-full\"><img decoding=\"async\" width=\"1\" height=\"1\" src=\"https:\/\/losperiodistas.com.mx\/portal\/wp-content\/uploads\/2022\/05\/image-2.gif\" alt=\"\" class=\"wp-image-26846\"\/><\/figure>\n\n\n\n<p>La caravana cuenta con el apoyo de organizaciones de derechos humanos y m\u00faltiples asociaciones no-gubernamentales a lo largo de la regi\u00f3n, as\u00ed como de Amnist\u00eda Internacional, que lleva a\u00f1os sum\u00e1ndose a las denuncias de las madres centroamericanas y pidiendo a las autoridades mexicanas que cumplan con su obligaci\u00f3n de proteger la integridad de los migrantes en el pa\u00eds.<\/p>\n\n\n\n<p><strong>316 desparecidos ya fueron hallados vivos, pero todav\u00eda hay m\u00e1s de 2000 migrantes desaparecidos<\/strong><\/p>\n\n\n\n<p>El Movimiento Migrante Mesoamericano ha confirmado que esta caravana, a lo largo de sus quince ediciones precedentes, ya&nbsp;ha encontrado a 316 hijos e hijas vivos, un dato que da aliento a las familias de los m\u00e1s de 2.000 migrantes todav\u00eda desaparecidos en M\u00e9xico.&nbsp;<\/p>\n\n\n\n<p>En abril de 2021, la&nbsp;Federaci\u00f3n Mexicana de Organismos P\u00fablicos de Derechos Humanos&nbsp;(FMOPDH) public\u00f3 un informe en que, citando los reportes de familiares, daba el dato de los m\u00e1s de dos millares de migrantes desaparecidos.&nbsp;<a href=\"https:\/\/politica.expansion.mx\/mexico\/2021\/04\/26\/mexico-registra-2-000-migrantes-desaparecidos-segun-organismos-de-dh\" target=\"_blank\" rel=\"noreferrer noopener\">Adem\u00e1s, denunciaron que \u00abla gravedad de las violaciones a derechos humanos en contra de la poblaci\u00f3n migrante es contundente\u00bb.&nbsp;<\/a><\/p>\n\n\n\n<p>\u00abNosotros no vamos a desfallecer hasta encontrarlos porque cada hondure\u00f1os, guatemalteco y salvadore\u00f1o sale con un sue\u00f1o que al final de cuenta se vuelve una pesadilla al salir en la ruta migratoria.&nbsp;Y&nbsp;los familiares quedan con la angustia\u00bb, expres\u00f3 la hondure\u00f1a&nbsp;Carolina Soto Colindres,&nbsp;quien mencion\u00f3 que la fe y la esperanza son los ingredientes que hacen que esta caravana salga a\u00f1o tras a\u00f1o para buscar a sus familiares desaparecidos.<\/p>\n\n\n\n<p><strong>380 migrantes salvadore\u00f1os murieron en M\u00e9xico entre 2009 y 2013<\/strong><\/p>\n\n\n\n<p>El Comit\u00e9 de Familiares de Migrantes Fallecidos y Desaparecidos&nbsp;de El Salvador (Cofamide) es la instituci\u00f3n que representa a las familias de v\u00edctimas y desparecidos salvadore\u00f1os en su periplo hacia Estados Unidos.<\/p>\n\n\n\n<p>Esta instituci\u00f3n financia y organiza cada a\u00f1o la caravana saliente desde el pa\u00eds centroamericano hacia M\u00e9xico con el objetivo de encontrar a sus familiares, pero tambi\u00e9n de&nbsp;\u201cconcientizar a los migrantes sobre el peligro de migrar ilegalmente\u201d,&nbsp;<a href=\"https:\/\/www.telesurtv.net\/news\/elsalvador-caravana-madres-busca-migrantes-desaparecidos-20220430-0011.html?utm_campaign=shareaholic&amp;utm_medium=twitter&amp;utm_source=socialnetwork\" target=\"_blank\" rel=\"noreferrer noopener\">dijo a los periodistas, en unas declaraciones recogidas por el medio &#8216;Telesur&#8217; Omar Jarquin, miembro de Cofamide.<\/a><\/p>\n\n\n\n<p>\u201cM\u00e9xico tiene mucho trabajo por hacer para respetar los derechos humanos y cuidar a cada migrante en tr\u00e1nsito\u201d, a\u00f1adi\u00f3.<\/p>\n\n\n\n<p>Seg\u00fan los datos aportados por este organismo, solamente entre 2009 y 2013 fallecieron 380 migrantes salvadore\u00f1os en M\u00e9xico.&nbsp;<\/p>\n\n\n\n<p><strong>Mas de 114.000 migrantes&nbsp;deportados en 2021 y&nbsp;cuatro caravanas&nbsp;disueltas en 2022<\/strong><\/p>\n\n\n\n<p>En la \u00faltima&nbsp;semana, las autoridades mexicanas disolvieron la cuarta caravana de migrantes que se ha formado en lo corrido del 2022. Esta caravana se origin\u00f3 en Tapachula, el municipio chiapense que hace frontera con Guatemala.&nbsp;<\/p>\n\n\n\n<p>Un centenar de migrantes fueron dispersados, previo acuerdo con la entidad migratoria,&nbsp;por miembros del&nbsp;Instituto Nacional de Migraci\u00f3n (INM), acompa\u00f1ados por la Guardia Nacional con equipos antimotines. La anterior caravana disuelta fue el pasado 16 de abril.<\/p>\n\n\n\n<figure class=\"wp-block-image size-full\"><img loading=\"lazy\" decoding=\"async\" width=\"1\" height=\"1\" src=\"https:\/\/losperiodistas.com.mx\/portal\/wp-content\/uploads\/2022\/05\/image-1.gif\" alt=\"\" class=\"wp-image-26845\"\/><\/figure>\n\n\n\n<p>Seg\u00fan datos de la&nbsp;Unidad de Pol\u00edtica Migratoria de la Secretar\u00eda de Gobernaci\u00f3n,&nbsp; M\u00e9xico deport\u00f3 a m\u00e1s de 114.000 extranjeros en 2021. Por su parte, la&nbsp;Comisi\u00f3n Mexicana de Ayuda a Refugiados (Comar) inform\u00f3 que, tambi\u00e9n durante el a\u00f1o pasado, el pa\u00eds recibi\u00f3 un r\u00e9cord de solicitudes de refugio:&nbsp;131.448.<\/p>\n\n\n\n<p>Entre el 1 de enero y el 13 de abril de 2022, las autoridades migratorias mexicanas han interceptado a&nbsp;115.379 migrantes, un 15% de ellos&nbsp;menores de edad y la mayor\u00eda provenientes de naciones centroamericanas.&nbsp;<\/p>\n\n\n\n<p>En el a\u00f1o fiscal 2022, que cuenta oficialmente desde&nbsp;el 1 de octubre de 2021, ya ha contabilizado 1.060.094 encuentros de migrantes en la frontera sur con Estados Unidos de acuerdo con la Oficina de Aduanas y Protecci\u00f3n Fronteriza de ese pa\u00eds.<\/p>\n\n\n\n<figure class=\"wp-block-image size-full\"><img loading=\"lazy\" decoding=\"async\" width=\"1\" height=\"1\" src=\"https:\/\/losperiodistas.com.mx\/portal\/wp-content\/uploads\/2022\/05\/image-3.gif\" alt=\"\" class=\"wp-image-26847\"\/><figcaption>Imagen de archivo. Migrantes de Centroam\u00e9rica y Hait\u00ed caminan en caravana rumbo a la capital mexicana para solicitar asilo y estatus de refugiado, en Tapachula, en el estado de Chiapas, M\u00e9xico, 23 de octubre de 2021.&nbsp;\u00a9 Jos\u00e9 Torres \/ Reuters<\/figcaption><\/figure>\n\n\n\n<p>Un dato que podr\u00eda crecer sustancialmente pr\u00f3ximamente, cuando&nbsp;el Gobierno de Joe Biden derogue el&nbsp;<a href=\"https:\/\/www.france24.com\/es\/ee-uu-y-canad%C3%A1\/20220430-estados-unidos-m%C3%A9xico-migraci%C3%B3n-frontera-t%C3%ADtulo-42-elecciones\">T\u00edtulo 42, un mecanismo excepcional impulsado durante la Administraci\u00f3n Trump al inicio de la pandemia por el cual el pa\u00eds puede expulsar a migrantes de manera inmediata en su llegada a suelo estadounidense, sin poder hacer su petici\u00f3n de asilo desde all\u00ed, como pasa en condiciones regulares.&nbsp;<\/a><\/p>\n\n\n\n<p>Con informaci\u00f3n de EFE y medios locales<\/p>\n\n\n\n<p>Fuente: https:\/\/www.france24.com\/es\/am%C3%A9rica-latina\/20220502-madres-desaparecidos-caravana-migrantes-m%C3%A9xico<\/p>\n","protected":false},"excerpt":{"rendered":"<p>MARTA MOYA DOM\u00cdNGUEZ \/ FRANCE 24 Tras dos a\u00f1os de par\u00f3n por la pandemia, este fin de semana se reanud\u00f3 [&hellip;]<\/p>\n","protected":false},"author":1,"featured_media":26843,"comment_status":"open","ping_status":"open","sticky":false,"template":"","format":"standard","meta":{"site-sidebar-layout":"default","site-content-layout":"","ast-site-content-layout":"default","site-content-style":"default","site-sidebar-style":"default","ast-global-header-display":"","ast-banner-title-visibility":"","ast-main-header-display":"","ast-hfb-above-header-display":"","ast-hfb-below-header-display":"","ast-hfb-mobile-header-display":"","site-post-title":"","ast-breadcrumbs-content":"","ast-featured-img":"","footer-sml-layout":"","theme-transparent-header-meta":"","adv-header-id-meta":"","stick-header-meta":"","header-above-stick-meta":"","header-main-stick-meta":"","header-below-stick-meta":"","astra-migrate-meta-layouts":"default","ast-page-background-enabled":"default","ast-page-background-meta":{"desktop":{"background-color":"var(--ast-global-color-4)","background-image":"","background-repeat":"repeat","background-position":"center center","background-size":"auto","background-attachment":"scroll","background-type":"","background-media":"","overlay-type":"","overlay-color":"","overlay-opacity":"","overlay-gradient":""},"tablet":{"background-color":"","background-image":"","background-repeat":"repeat","background-position":"center center","background-size":"auto","background-attachment":"scroll","background-type":"","background-media":"","overlay-type":"","overlay-color":"","overlay-opacity":"","overlay-gradient":""},"mobile":{"background-color":"","background-image":"","background-repeat":"repeat","background-position":"center center","background-size":"auto","background-attachment":"scroll","background-type":"","background-media":"","overlay-type":"","overlay-color":"","overlay-opacity":"","overlay-gradient":""}},"ast-content-background-meta":{"desktop":{"background-color":"var(--ast-global-color-5)","background-image":"","background-repeat":"repeat","background-position":"center center","background-size":"auto","background-attachment":"scroll","background-type":"","background-media":"","overlay-type":"","overlay-color":"","overlay-opacity":"","overlay-gradient":""},"tablet":{"background-color":"var(--ast-global-color-5)","background-image":"","background-repeat":"repeat","background-position":"center center","background-size":"auto","background-attachment":"scroll","background-type":"","background-media":"","overlay-type":"","overlay-color":"","overlay-opacity":"","overlay-gradient":""},"mobile":{"background-color":"var(--ast-global-color-5)","background-image":"","background-repeat":"repeat","background-position":"center center","background-size":"auto","background-attachment":"scroll","background-type":"","background-media":"","overlay-type":"","overlay-color":"","overlay-opacity":"","overlay-gradient":""}},"footnotes":""},"categories":[8],"tags":[9851,3606,9852],"class_list":["post-26842","post","type-post","status-publish","format-standard","has-post-thumbnail","hentry","category-noticias","tag-centroamericanos-migracion","tag-mexico-desaparecidos","tag-nunca-nos-hemos-ido"],"_links":{"self":[{"href":"https:\/\/losperiodistas.com.mx\/portal\/wp-json\/wp\/v2\/posts\/26842","targetHints":{"allow":["GET"]}}],"collection":[{"href":"https:\/\/losperiodistas.com.mx\/portal\/wp-json\/wp\/v2\/posts"}],"about":[{"href":"https:\/\/losperiodistas.com.mx\/portal\/wp-json\/wp\/v2\/types\/post"}],"author":[{"embeddable":true,"href":"https:\/\/losperiodistas.com.mx\/portal\/wp-json\/wp\/v2\/users\/1"}],"replies":[{"embeddable":true,"href":"https:\/\/losperiodistas.com.mx\/portal\/wp-json\/wp\/v2\/comments?post=26842"}],"version-history":[{"count":1,"href":"https:\/\/losperiodistas.com.mx\/portal\/wp-json\/wp\/v2\/posts\/26842\/revisions"}],"predecessor-version":[{"id":26848,"href":"https:\/\/losperiodistas.com.mx\/portal\/wp-json\/wp\/v2\/posts\/26842\/revisions\/26848"}],"wp:featuredmedia":[{"embeddable":true,"href":"https:\/\/losperiodistas.com.mx\/portal\/wp-json\/wp\/v2\/media\/26843"}],"wp:attachment":[{"href":"https:\/\/losperiodistas.com.mx\/portal\/wp-json\/wp\/v2\/media?parent=26842"}],"wp:term":[{"taxonomy":"category","embeddable":true,"href":"https:\/\/losperiodistas.com.mx\/portal\/wp-json\/wp\/v2\/categories?post=26842"},{"taxonomy":"post_tag","embeddable":true,"href":"https:\/\/losperiodistas.com.mx\/portal\/wp-json\/wp\/v2\/tags?post=26842"}],"curies":[{"name":"wp","href":"https:\/\/api.w.org\/{rel}","templated":true}]}}