{"id":26839,"date":"2022-05-02T07:40:00","date_gmt":"2022-05-02T12:40:00","guid":{"rendered":"http:\/\/losperiodistas.com.mx\/portal\/?p=26839"},"modified":"2022-05-02T07:40:06","modified_gmt":"2022-05-02T12:40:06","slug":"brenda-navarro-me-fui-de-mexico-porque-era-un-estado-feminicida-que-no-iba-a-cambiar-el-pais","status":"publish","type":"post","link":"https:\/\/losperiodistas.com.mx\/portal\/brenda-navarro-me-fui-de-mexico-porque-era-un-estado-feminicida-que-no-iba-a-cambiar-el-pais\/","title":{"rendered":"Brenda Navarro: \u201cMe fui de M\u00e9xico porque era un Estado feminicida que no iba a cambiar\u201d | El Pa\u00eds"},"content":{"rendered":"\n<p>L<em>a escritora presenta \u2018Ceniza en la boca\u2019, su nueva novela en la que aborda los sue\u00f1os rotos de una familia de migrantes mexicanos en Espa\u00f1a<\/em><\/p>\n\n\n\n<figure class=\"wp-block-image size-large\"><img fetchpriority=\"high\" decoding=\"async\" width=\"1024\" height=\"683\" src=\"https:\/\/losperiodistas.com.mx\/portal\/wp-content\/uploads\/2022\/05\/YDEH7SJ5SVAIZNV3LXQBYMEBCU-1024x683.jpg\" alt=\"\" class=\"wp-image-26840\" srcset=\"https:\/\/losperiodistas.com.mx\/portal\/wp-content\/uploads\/2022\/05\/YDEH7SJ5SVAIZNV3LXQBYMEBCU-1024x683.jpg 1024w, https:\/\/losperiodistas.com.mx\/portal\/wp-content\/uploads\/2022\/05\/YDEH7SJ5SVAIZNV3LXQBYMEBCU-300x200.jpg 300w, https:\/\/losperiodistas.com.mx\/portal\/wp-content\/uploads\/2022\/05\/YDEH7SJ5SVAIZNV3LXQBYMEBCU-768x512.jpg 768w, https:\/\/losperiodistas.com.mx\/portal\/wp-content\/uploads\/2022\/05\/YDEH7SJ5SVAIZNV3LXQBYMEBCU-1536x1024.jpg 1536w, https:\/\/losperiodistas.com.mx\/portal\/wp-content\/uploads\/2022\/05\/YDEH7SJ5SVAIZNV3LXQBYMEBCU.jpg 1960w\" sizes=\"(max-width: 1024px) 100vw, 1024px\" \/><figcaption>La escritora Brenda Navarro, en la librer\u00eda U-T\u00f3picas de la colonia Coyoac\u00e1n, en Ciudad de M\u00e9xico, el 25 de abril. CLAUDIA AR\u00c9CHIGA<\/figcaption><\/figure>\n\n\n\n<p class=\"has-vivid-cyan-blue-color has-text-color has-medium-font-size\">ALMUDENA BARRAG\u00c1N \/ EL PA\u00cdS<\/p>\n\n\n\n<p>Siempre provocadora y con ideas frescas, la escritora&nbsp;<a href=\"https:\/\/elpais.com\/cultura\/2020\/01\/30\/babelia\/1580392002_823868.html\" target=\"_blank\" rel=\"noreferrer noopener\">Brenda Navarro<\/a>&nbsp;(Ciudad de M\u00e9xico, 40 a\u00f1os) acaba de presentar nueva novela en su pa\u00eds natal.&nbsp;<em>Ceniza en la boca<\/em>&nbsp;se titula. Un esperado regreso que acaba de llegar a las librer\u00edas de la mano de la editorial Sexto Piso y que ha tenido una buena acogida entre el p\u00fablico y la cr\u00edtica en Espa\u00f1a. De manera coloquial, en M\u00e9xico, un madrazo es un golpe muy fuerte que se da a una persona por sorpresa. Esta entrevista bien podr\u00eda titularse: \u201cLos madrazos de Brenda Navarro\u201d. Con cada respuesta la escritora no teme meterse en un jard\u00edn. Habla de suicidio, racismo, desarraigo, maternidad, violencia y de un mundo capitalista que mastica a los migrantes y los escupe en sociedades europeas donde se estrellan los sue\u00f1os de una vida mejor. \u201cUn encontronazo entre costillas, pulmones y asfalto\u201d, como dice Navarro, y que suena as\u00ed: \u00a1Pam, clap, crash, brum! Que comiencen los madrazos.<\/p>\n\n\n\n<p>El libro aborda la llegada de dos hermanos mexicanos a Espa\u00f1a y la incapacidad de adaptarse a su nueva vida. Diego, uno de los protagonistas, acaba saltando por la ventana. Su hermana se queda sola con su duelo, en una narraci\u00f3n fren\u00e9tica que se convierte en un viaje a la cabeza de la chica. La novela arranca como un retrato \u00edntimo y acaba transformada en un artefacto pol\u00edtico que pone a Espa\u00f1a y a M\u00e9xico frente al espejo de sus demonios.<\/p>\n\n\n\n<p>Es una ma\u00f1ana de abril en el barrio de Coyoac\u00e1n y Navarro decide matar la nostalgia de no haber pisado M\u00e9xico en dos a\u00f1os frente a un plato de chilaquiles verdes: \u201cAntes cre\u00eda que mi patria era la comida mexicana\u201d, dice, y se mete el tenedor en la boca. \u201cAhora me he dado cuenta de que si hay alguna patria, esa es mi cama y quien me acompa\u00f1a en ella\u201d. La escritora lleva viviendo en Madrid desde 2015 y este viaje le ha servido para reafirmar algunas cosas que ten\u00eda olvidadas.<\/p>\n\n\n\n<p><strong>Pregunta.<\/strong>&nbsp;\u00bfC\u00f3mo han recibido M\u00e9xico y Espa\u00f1a su nueva novela?<\/p>\n\n\n\n<p><strong>Respuesta.&nbsp;<\/strong>Siento que nadie se esperaba el tema. Que todos estaban esperando que siguiera hablando de feminismo, de dolor, de mujeres, como en&nbsp;<a href=\"https:\/\/elpais.com\/cultura\/2020\/01\/31\/actualidad\/1580500520_077595.html\" target=\"_blank\" rel=\"noreferrer noopener\"><em>Casas Vac\u00edas<\/em><\/a>&nbsp;[su primera novela]. Espa\u00f1a ha sido muy receptiva, ha empatizado un mont\u00f3n y ha sido muy autocr\u00edtica.<\/p>\n\n\n\n<p><strong>P.<\/strong>&nbsp;En<em>&nbsp;Ceniza en la Boca<\/em>&nbsp;usted critica fuertemente a la sociedad espa\u00f1ola: \u201cLos espa\u00f1oles te ofrecen su casa, pero nunca te dan la direcci\u00f3n\u201d. \u00bfEspa\u00f1a es un pa\u00eds racista?<\/p>\n\n\n\n<p><strong>R.&nbsp;<\/strong>Por supuesto que es racista, pero como todos los estados son racistas.<\/p>\n\n\n\n<p><strong>P.<\/strong>&nbsp;\u00bfY el racismo en Espa\u00f1a y en M\u00e9xico es el mismo?<\/p>\n\n\n\n<p><strong>R.<\/strong>&nbsp;Yo creo que s\u00ed. Lo que pasa es que M\u00e9xico es tan grande y hay tantos M\u00e9xicos que no es tan palpable, pero cuando escucho hablar a personas mayores en Espa\u00f1a y aqu\u00ed me doy cuenta de que tenemos un mont\u00f3n de cosas en com\u00fan, que hay estructuras pol\u00edticas e ideol\u00f3gicas en las que estamos calcados.<\/p>\n\n\n\n<p><strong>P.<\/strong>&nbsp;En este libro aborda el racismo contra las mujeres que realizan las tareas de cuidados m\u00e1s pesadas: las cuidadoras, las limpiadoras\u2026 \u00bfpor qu\u00e9 eligi\u00f3 este enfoque?<\/p>\n\n\n\n<p><strong>R.&nbsp;<\/strong>La mayor\u00eda de las personas que no est\u00e1n regularizadas en Espa\u00f1a son las mujeres latinoamericanas que hacen trabajos de cuidado, de limpieza y que son las que est\u00e1n sufriendo todo este racismo institucional. Tambi\u00e9n pasa en M\u00e9xico: los trabajos dom\u00e9sticos y de cuidados, por muy bien pagados que est\u00e9n, no tienen el valor que deber\u00edan tener. Deber\u00edan de ser uno de los trabajos mejor pagados de la sociedad, el problema es que justamente ah\u00ed entra la perversidad de que como madre, lo tienes que hacer por amor.<\/p>\n\n\n\n<p><strong>P.&nbsp;<\/strong>Sus novelas hacen un hincapi\u00e9 muy fuerte en que lo personal es pol\u00edtico, \u00bfesa es su intenci\u00f3n?<\/p>\n\n\n\n<p><strong>R.<\/strong>&nbsp;Me han preguntado mucho si mi literatura es de denuncia y yo digo que no. Sin embargo, no puede haber algo m\u00e1s pol\u00edtico que la familia porque es lo que est\u00e1 sosteniendo al Estado. Me parece muy importante que se normalice entender que cada cosa que pasa en casa tiene que ver con una decisi\u00f3n que ha tomado alguien sobre nuestras vidas y que esas circunstancias te pueden generar una desgracia. Que la madre sea madre soltera es una decisi\u00f3n pol\u00edtica, que tenga que irse para mandarle dinero a sus hijos, tambi\u00e9n lo es&#8230; Todo es una decisi\u00f3n pol\u00edtica que afecta directamente a los protagonistas.<\/p>\n\n\n\n<p><strong>P.<\/strong>&nbsp;\u00bfQu\u00e9 parte de su experiencia como migrante incorpora al libro?<\/p>\n\n\n\n<p><strong>R.<\/strong>&nbsp;La mayor experiencia personal que he metido ah\u00ed es mi ojo sociol\u00f3gico. Pero para m\u00ed este ejercicio de abstraerme era importante, porque si no, hablar\u00eda de una experiencia muy privilegiada. Es verdad que a m\u00ed me preguntaron que si era la canguro de mi hija en Espa\u00f1a, pero yo no puedo venir a decir que estoy hablando de m\u00ed en la novela porque me parece una falta de respeto a todo lo que est\u00e1n viviendo otras personas migrantes.<\/p>\n\n\n\n<p><strong>P.&nbsp;<\/strong>\u00bfQu\u00e9 es lo m\u00e1s dif\u00edcil a lo que se enfrenta una persona que migra cuando llega a vivir a Espa\u00f1a?<\/p>\n\n\n\n<p><strong>R.<\/strong>&nbsp;El problema cuando llegamos personas que no somos de all\u00e1 es que no sabemos que somos distintas. Sin embargo, la sociedad te obliga a&nbsp;<em>performarte<\/em>. Te pone en un lugar en el que t\u00fa no sab\u00edas ni siquiera que estabas y creo que de eso va la novela, de tener que aceptar que el mundo no es como quer\u00edas. Que eso que te prometieron, no va a suceder.<\/p>\n\n\n\n<p><strong>P.<\/strong>&nbsp;\u00bfQui\u00e9n lucha por sus sue\u00f1os acaba consigui\u00e9ndolos?<\/p>\n\n\n\n<p><strong>R.&nbsp;<\/strong>No es verdad. Creo que los migrantes cuando llegan tienen rabia porque se sienten discriminados, porque no tienen lazos familiares, porque no hay redes. Y esa rabia se va convirtiendo poco a poco en una especie de doble adolescencia, aunque seas adulto necesitas encajar. Aunque seas valiente, aunque tengas la voluntad, no depende de ti y eso es realmente doloroso. La vida no est\u00e1 hecha para cumplir nuestras expectativas.<\/p>\n\n\n\n<figure class=\"wp-block-image\"><img decoding=\"async\" src=\"https:\/\/imagenes.elpais.com\/resizer\/wamwfibAWTFudCY_Q5LJ1Euxisg=\/414x0\/cloudfront-eu-central-1.images.arcpublishing.com\/prisa\/63UCZIHUTFF67GDMZACWSRINUI.jpg\" alt=\"Brenda Navarro, tras una entrevista con EL PA\u00cdS en Ciudad de M\u00e9xico, el 25 de abril.\"\/><figcaption>Brenda Navarro, tras una entrevista con EL PA\u00cdS en Ciudad de M\u00e9xico, el 25 de abril.CLAUDIA AR\u00c9CHIGA<\/figcaption><\/figure>\n\n\n\n<p><strong>P.&nbsp;<\/strong>Hablemos de los adolescentes. Su novela comienza con un chico de 15 a\u00f1os que se lanza al vac\u00edo. \u00bfCree que la sociedad no escucha a los m\u00e1s j\u00f3venes?<\/p>\n\n\n\n<p><strong>R.&nbsp;<\/strong>No les escucha nada. Cree que no son personas. Los lanzamos al mundo sin que sepan qu\u00e9 significa ser adulto. No nos gusta que nos contradigan nuestra idea de mundo. Y ellos, claro, est\u00e1n empezando, tienen el cerebro fresco, nuevas ideas que a veces nos parecen absurdas, temerarias y verdaderamente tontas, porque es verdad que hay veces que los adolescentes no pueden tomar decisiones, pero si los acompa\u00f1\u00e1ramos, hubiera sido distinto para muchas de nuestras maternidades.<\/p>\n\n\n\n<p><strong>P.<\/strong>&nbsp;La cr\u00edtica a la maternidad es algo a lo que siempre vuelve en sus libros. Encontramos a la madre que deja a sus hijos para irse a trabajar a otro pa\u00eds, la hermana que es obligada a ser madre de su hermano peque\u00f1o, la madre patria\u2026 \u00bfPor qu\u00e9 dinamitar las maternidades?<\/p>\n\n\n\n<p><strong>R.&nbsp;<\/strong>Porque el Estado se sostiene sobre los cuerpos de las mujeres, especialmente de las mujeres pobres. Creo que en el momento en el que rompamos ese concepto de madres y padres y solo haya personas interesadas en los cuidados de las infancias la sociedad ser\u00e1 otra cosa.<\/p>\n\n\n\n<p><strong>P.&nbsp;<\/strong>Cuando la protagonista vuelve al M\u00e9xico so\u00f1ado e idolatrado de su infancia despu\u00e9s de muchos a\u00f1os en Espa\u00f1a, ese M\u00e9xico ya no existe. Es violento, oscuro, dif\u00edcil de soportar\u2026<\/p>\n\n\n\n<p><strong>R.<\/strong>&nbsp;En realidad nunca existi\u00f3. Es una cosa que inventamos. Pero el M\u00e9xico del que se fue era el mismo al que despu\u00e9s regresa.<\/p>\n\n\n\n<p><strong>P.&nbsp;<\/strong>\u00bfA eso sabe el desarraigo?<\/p>\n\n\n\n<p><strong>R.<\/strong>&nbsp;El desarraigo a veces tambi\u00e9n sabe a culpa. De pronto me siento mal porque hay quienes est\u00e1n viviendo peor. Me siento mal de caminar por las calles tranquilas sabiendo que aqu\u00ed est\u00e1n [en riesgo]. A eso sabe el desarraigo como mujer, a sentir culpa.<\/p>\n\n\n\n<p><strong>P.&nbsp;<\/strong>\u00bfPor qu\u00e9 decidi\u00f3 usted irse de M\u00e9xico?<\/p>\n\n\n\n<p><strong>R.&nbsp;<\/strong>Porque quer\u00eda darle una mejor calidad de vida a mis hijas. En Madrid puedes caminar a media noche por la calle y puedes tener miedo, pero no pasa lo que pasa aqu\u00ed. Quer\u00eda eso. Quer\u00eda mover a mi familia a otros lugares que no son estos para que al menos tuvieran la oportunidad de saber que hay otras cosas. Me fui de M\u00e9xico teniendo much\u00edsimo miedo, sabiendo que era un estado feminicida que no iba a cambiar. Sent\u00eda mucho rencor hacia mi pa\u00eds, ahora me he reconciliado con \u00e9l.<\/p>\n\n\n\n<p><strong>P.<\/strong>&nbsp;\u00bfC\u00f3mo?<\/p>\n\n\n\n<p><strong>R.&nbsp;<\/strong>Con la distancia me he dado cuenta de que justamente esta concepci\u00f3n de crearte un hogar, un espacio \u00edntimo dentro de todo lo que pasa, es algo que aprend\u00ed aqu\u00ed. Son las mam\u00e1s, son las t\u00edas, las hermanas, las primas, las amigas las que nos permiten tener estos espacios. Lo que me han ense\u00f1ado las mujeres mexicanas es que en medio del<em>&nbsp;shock<\/em>&nbsp;y la desolaci\u00f3n [de la violencia] han generado una red de apoyo. Seguimos viviendo, seguimos teniendo espacios de cari\u00f1o, de ternura, de alegr\u00eda y eso me lo ense\u00f1\u00f3 M\u00e9xico. Me he encontrado con unas mujeres con una mayor conciencia pol\u00edtica que construyen su autonom\u00eda sin el permiso de nadie. Ellas me han dado las herramientas para poder sobrevivir en Espa\u00f1a.<\/p>\n\n\n\n<p><strong>P.<\/strong>&nbsp;\u00bfHay un rencor nacional hacia los mexicanos que se van de su pa\u00eds?<\/p>\n\n\n\n<p><strong>R.&nbsp;<\/strong>Uf, qu\u00e9 pregunta. Diga lo que diga, va a estar mal alguna cosa\u2026 Creo que s\u00ed hay un poco de rencor justificado porque para romper un c\u00edrculo de violencia tienes que hacerte responsable y hacerte responsable es muy doloroso y tiene un costo muy alto. En palabras de la protagonista, ella est\u00e1 enojada con Diego porque \u00e9l tom\u00f3 una decisi\u00f3n y se hizo responsable de qu\u00e9 quer\u00eda hacer con su vida. Yo no s\u00e9 si el suicidio est\u00e9 bien o est\u00e9 mal. No lo s\u00e9. Pero \u00e9l tom\u00f3 una decisi\u00f3n que ella no pudo tomar.<\/p>\n\n\n\n<p><strong>P.<\/strong>&nbsp;\u00bfQu\u00e9 sentido le da a nuestra vida la pertenencia, la identidad?<\/p>\n\n\n\n<p><strong>R.<\/strong>&nbsp;Es nuestra br\u00fajula. Pero no hay que aferrarnos a ella. Como dicen los cl\u00e1sicos, lo importante no es llegar a \u00cdtaca, sino el camino.<\/p>\n\n\n\n<p><strong>P.&nbsp;<\/strong>\u00bfY Brenda Navarro de d\u00f3nde es?<\/p>\n\n\n\n<p><strong>R.<\/strong>&nbsp;Eso es algo que peleo mucho. Antes cre\u00eda que mi patria era la comida mexicana y me he dado cuenta de que si hay alguna patria, con todo lo negativo que puede haber en ese concepto, esa es mi cama y quien me acompa\u00f1a en ella. En Espa\u00f1a yo digo que soy espa\u00f1ola.<\/p>\n\n\n\n<p>Hablaba con un escritor de all\u00e1 y \u00e9l me dec\u00eda, \u00bfqu\u00e9 vas a ser t\u00fa espa\u00f1ola? y yo le dec\u00eda: \u201cSoy espa\u00f1ola, llevo siete a\u00f1os aqu\u00ed, tengo c\u00f3digos culturales que t\u00fa y yo identificamos, pago mis impuestos, mi familia est\u00e1 creciendo aqu\u00ed. Soy espa\u00f1ola\u201d. Esto es complicado en M\u00e9xico porque reivindicarte de esta manera es como una traici\u00f3n a la patria, pero s\u00ed creo que los latinoamericanos estamos teniendo esa lucha. Los seres humanos tenemos derecho a identificarnos con el lugar en el que nos sentimos c\u00f3modos. No soy la espa\u00f1ola que quiere Vox o el PP, pero soy espa\u00f1ola. Soy mexicana, espa\u00f1ola y de d\u00f3nde se me d\u00e9 la rechingada gana; los chilangos somos de donde queremos.<\/p>\n\n\n\n<p><a href=\"https:\/\/plus.elpais.com\/newsletters\/lnp\/1\/348\"><strong>Suscr\u00edbase aqu\u00ed<\/strong><\/a>a la\u00a0<em>newsletter<\/em>\u00a0de EL PA\u00cdS M\u00e9xico y reciba todas las claves informativas de la actualidad de este pa\u00eds<\/p>\n\n\n\n<p>Fuente: https:\/\/elpais.com\/mexico\/2022-05-02\/brenda-navarro-me-fui-de-mexico-porque-era-un-estado-feminicida-que-no-iba-a-cambiar.html<\/p>\n","protected":false},"excerpt":{"rendered":"<p>La escritora presenta \u2018Ceniza en la boca\u2019, su nueva novela en la que aborda los sue\u00f1os rotos de una familia [&hellip;]<\/p>\n","protected":false},"author":1,"featured_media":26840,"comment_status":"open","ping_status":"open","sticky":false,"template":"","format":"standard","meta":{"site-sidebar-layout":"default","site-content-layout":"","ast-site-content-layout":"default","site-content-style":"default","site-sidebar-style":"default","ast-global-header-display":"","ast-banner-title-visibility":"","ast-main-header-display":"","ast-hfb-above-header-display":"","ast-hfb-below-header-display":"","ast-hfb-mobile-header-display":"","site-post-title":"","ast-breadcrumbs-content":"","ast-featured-img":"","footer-sml-layout":"","theme-transparent-header-meta":"","adv-header-id-meta":"","stick-header-meta":"","header-above-stick-meta":"","header-main-stick-meta":"","header-below-stick-meta":"","astra-migrate-meta-layouts":"default","ast-page-background-enabled":"default","ast-page-background-meta":{"desktop":{"background-color":"var(--ast-global-color-4)","background-image":"","background-repeat":"repeat","background-position":"center center","background-size":"auto","background-attachment":"scroll","background-type":"","background-media":"","overlay-type":"","overlay-color":"","overlay-opacity":"","overlay-gradient":""},"tablet":{"background-color":"","background-image":"","background-repeat":"repeat","background-position":"center center","background-size":"auto","background-attachment":"scroll","background-type":"","background-media":"","overlay-type":"","overlay-color":"","overlay-opacity":"","overlay-gradient":""},"mobile":{"background-color":"","background-image":"","background-repeat":"repeat","background-position":"center center","background-size":"auto","background-attachment":"scroll","background-type":"","background-media":"","overlay-type":"","overlay-color":"","overlay-opacity":"","overlay-gradient":""}},"ast-content-background-meta":{"desktop":{"background-color":"var(--ast-global-color-5)","background-image":"","background-repeat":"repeat","background-position":"center center","background-size":"auto","background-attachment":"scroll","background-type":"","background-media":"","overlay-type":"","overlay-color":"","overlay-opacity":"","overlay-gradient":""},"tablet":{"background-color":"var(--ast-global-color-5)","background-image":"","background-repeat":"repeat","background-position":"center center","background-size":"auto","background-attachment":"scroll","background-type":"","background-media":"","overlay-type":"","overlay-color":"","overlay-opacity":"","overlay-gradient":""},"mobile":{"background-color":"var(--ast-global-color-5)","background-image":"","background-repeat":"repeat","background-position":"center center","background-size":"auto","background-attachment":"scroll","background-type":"","background-media":"","overlay-type":"","overlay-color":"","overlay-opacity":"","overlay-gradient":""}},"footnotes":""},"categories":[8],"tags":[9849,9850,3755],"class_list":["post-26839","post","type-post","status-publish","format-standard","has-post-thumbnail","hentry","category-noticias","tag-brenda-navarro","tag-ceniza-en-la-boca","tag-feminicidios-mexico"],"_links":{"self":[{"href":"https:\/\/losperiodistas.com.mx\/portal\/wp-json\/wp\/v2\/posts\/26839","targetHints":{"allow":["GET"]}}],"collection":[{"href":"https:\/\/losperiodistas.com.mx\/portal\/wp-json\/wp\/v2\/posts"}],"about":[{"href":"https:\/\/losperiodistas.com.mx\/portal\/wp-json\/wp\/v2\/types\/post"}],"author":[{"embeddable":true,"href":"https:\/\/losperiodistas.com.mx\/portal\/wp-json\/wp\/v2\/users\/1"}],"replies":[{"embeddable":true,"href":"https:\/\/losperiodistas.com.mx\/portal\/wp-json\/wp\/v2\/comments?post=26839"}],"version-history":[{"count":1,"href":"https:\/\/losperiodistas.com.mx\/portal\/wp-json\/wp\/v2\/posts\/26839\/revisions"}],"predecessor-version":[{"id":26841,"href":"https:\/\/losperiodistas.com.mx\/portal\/wp-json\/wp\/v2\/posts\/26839\/revisions\/26841"}],"wp:featuredmedia":[{"embeddable":true,"href":"https:\/\/losperiodistas.com.mx\/portal\/wp-json\/wp\/v2\/media\/26840"}],"wp:attachment":[{"href":"https:\/\/losperiodistas.com.mx\/portal\/wp-json\/wp\/v2\/media?parent=26839"}],"wp:term":[{"taxonomy":"category","embeddable":true,"href":"https:\/\/losperiodistas.com.mx\/portal\/wp-json\/wp\/v2\/categories?post=26839"},{"taxonomy":"post_tag","embeddable":true,"href":"https:\/\/losperiodistas.com.mx\/portal\/wp-json\/wp\/v2\/tags?post=26839"}],"curies":[{"name":"wp","href":"https:\/\/api.w.org\/{rel}","templated":true}]}}