{"id":26833,"date":"2022-05-02T06:48:02","date_gmt":"2022-05-02T11:48:02","guid":{"rendered":"http:\/\/losperiodistas.com.mx\/portal\/?p=26833"},"modified":"2022-05-02T06:48:04","modified_gmt":"2022-05-02T11:48:04","slug":"marcelo-presidente-ovacionan-a-ebrard-casaubon-durante-mitin-de-morena-en-hidalgo-infobae","status":"publish","type":"post","link":"https:\/\/losperiodistas.com.mx\/portal\/marcelo-presidente-ovacionan-a-ebrard-casaubon-durante-mitin-de-morena-en-hidalgo-infobae\/","title":{"rendered":"\u201c\u00a1Marcelo presidente!\u201d: ovacionan a Ebrard Casaub\u00f3n durante mitin de Morena en Hidalgo | Infobae"},"content":{"rendered":"\n<p><em>El canciller mexicano fue reconocido como el mejor perfil de la 4T para dar continuidad al proyecto de naci\u00f3n del presidente Andr\u00e9s Manuel L\u00f3pez Obrador<\/em><\/p>\n\n\n\n<figure class=\"wp-block-image size-large\"><img fetchpriority=\"high\" decoding=\"async\" width=\"1024\" height=\"576\" src=\"https:\/\/losperiodistas.com.mx\/portal\/wp-content\/uploads\/2022\/05\/XQO62EUJAJGCNK32US6H2LACLM-1024x576.jpg\" alt=\"\" class=\"wp-image-26834\" srcset=\"https:\/\/losperiodistas.com.mx\/portal\/wp-content\/uploads\/2022\/05\/XQO62EUJAJGCNK32US6H2LACLM-1024x576.jpg 1024w, https:\/\/losperiodistas.com.mx\/portal\/wp-content\/uploads\/2022\/05\/XQO62EUJAJGCNK32US6H2LACLM-300x169.jpg 300w, https:\/\/losperiodistas.com.mx\/portal\/wp-content\/uploads\/2022\/05\/XQO62EUJAJGCNK32US6H2LACLM-768x432.jpg 768w, https:\/\/losperiodistas.com.mx\/portal\/wp-content\/uploads\/2022\/05\/XQO62EUJAJGCNK32US6H2LACLM.jpg 1440w\" sizes=\"(max-width: 1024px) 100vw, 1024px\" \/><figcaption>\u00ab\u00a1Marcelo presidente!\u00bb fue una de las porras que se escuch\u00f3 durante el evento en Hidalgo (Foto: Twitter\/@m_ebrard)<\/figcaption><\/figure>\n\n\n\n<p><\/p>\n\n\n\n<p class=\"has-vivid-cyan-blue-color has-text-color has-medium-font-size\">INFOBAE<\/p>\n\n\n\n<p><strong>Marcelo Ebrard<\/strong>, titular de la Secretar\u00eda de Relaciones Exteriores (<strong>SRE<\/strong>), fue ovacionado durante un evento en Hidalgo e incluso fue nombrado&nbsp;<strong>\u201cpresidente\u201d<\/strong>&nbsp;por los asistentes al evento de apoyo a&nbsp;<strong>Julio Menchaca<\/strong>, candidato de&nbsp;<strong>Movimiento Regeneraci\u00f3n Nacional<\/strong>&nbsp;(<strong>Morena<\/strong>) a la gubernatura del estado.<\/p>\n\n\n\n<p>Este domingo 1 de mayo, en Acatl\u00e1n, Hidalgo, decenas de simpatizantes y militantes ovacionaron al canciller de M\u00e9xico y exclamaron al un\u00edsono&nbsp;<strong>\u201c\u00a1Marcelo presidente!\u201d<\/strong>, mientras que para Menchaca Salazar lo apoyaron con&nbsp;<strong>\u201c\u00a1Puro gobernador!\u201d<\/strong>, pues el morenista se perfila como uno de los contrincantes m\u00e1s populares en el proceso electoral de este a\u00f1o. Cabe recordar que en 2022 se definen seis gubernaturas: Aguascalientes, Durango, Tamaulipas, Quintana Roo, Hidalgo y Oaxaca.<\/p>\n\n\n\n<p>Conforme a las encuestas y preferencias electorales, los principales contrincantes en Hidalgo son Menchaca, abanderado de la coalici\u00f3n&nbsp;<strong>Juntos Hacemos Historia<\/strong>&nbsp;(<strong>Morena, PT y PVEM<\/strong>), y&nbsp;<strong>Carolina Viggiano<\/strong>, de<strong>&nbsp;Va por M\u00e9xico&nbsp;<\/strong>(<strong>PRI, PAN y PRD<\/strong>), por lo que la secretaria general del PRI se perfila como el rival a vencer para Regeneraci\u00f3n Nacional.<\/p>\n\n\n\n<p>Cabe recordar que el lunes 25 de abril, el presidente&nbsp;<strong>Andr\u00e9s Manuel L\u00f3pez Obrador<\/strong>&nbsp;(<strong>AMLO<\/strong>), durante la conferencia matutina, se\u00f1al\u00f3 que<strong>&nbsp;Viggiano Austria<\/strong>&nbsp;quiere desaparecer los apoyos sociales destinados a las pensiones de los adultos mayores para destinarlos a la construcci\u00f3n de carreteras en Hidalgo, algo que consider\u00f3 caciquil y esclavista.<img decoding=\"async\" alt=\"Carolina Viggiano es el rival a vencer en Hidalgo (Foto: EFE\/Carlos Ram\u00edrez)\n\" height=\"2000\" width=\"3000\" class=\"\" src=\"https:\/\/cloudfront-us-east-1.images.arcpublishing.com\/infobae\/ENR43V3OBBA7TEVQN7H3357ND4.jpg\" srcset=\"https:\/\/www.infobae.com\/new-resizer\/ydgOkV4vXlL0fl93zX4LEHBx8Mo=\/420x280\/filters:format(webp):quality(85)\/cloudfront-us-east-1.images.arcpublishing.com\/infobae\/ENR43V3OBBA7TEVQN7H3357ND4.jpg 420w,https:\/\/www.infobae.com\/new-resizer\/ByxnLW3rRxokbtlC0OJ-WNFCOK8=\/768x512\/filters:format(webp):quality(85)\/cloudfront-us-east-1.images.arcpublishing.com\/infobae\/ENR43V3OBBA7TEVQN7H3357ND4.jpg 768w,https:\/\/www.infobae.com\/new-resizer\/ik4-7gHMvytLndLGP6e326_vupQ=\/992x661\/filters:format(webp):quality(85)\/cloudfront-us-east-1.images.arcpublishing.com\/infobae\/ENR43V3OBBA7TEVQN7H3357ND4.jpg 992w,https:\/\/www.infobae.com\/new-resizer\/Wi5uMX-SW50La2fNKvzFWyPBnNk=\/1200x800\/filters:format(webp):quality(85)\/cloudfront-us-east-1.images.arcpublishing.com\/infobae\/ENR43V3OBBA7TEVQN7H3357ND4.jpg 1200w,https:\/\/www.infobae.com\/new-resizer\/mLuBfsTL1PVje3yySFyUIzX19j4=\/1440x960\/filters:format(webp):quality(85)\/cloudfront-us-east-1.images.arcpublishing.com\/infobae\/ENR43V3OBBA7TEVQN7H3357ND4.jpg 1440w\">Carolina Viggiano es el rival a vencer en Hidalgo (Foto: EFE\/Carlos Ram\u00edrez)<\/p>\n\n\n\n<p>Durante la ma\u00f1anera, L\u00f3pez Obrador compar\u00f3 este tipo de pr\u00e1cticas con las promovidas durante la dictadura de Porfirio D\u00edaz, esto porque de acuerdo con el mandatario nacional, la abanderada del PRI dijo que&nbsp;<strong>de llegar a la gubernatura retirar\u00eda los apoyos sociales que dispensa la administraci\u00f3n de la 4T<\/strong>.<\/p>\n\n\n\n<blockquote class=\"wp-block-quote is-layout-flow wp-block-quote-is-layout-flow\"><p>\u201cNo me extra\u00f1a de que hay que quitar las pensiones a los adultos mayores. Fue sincera, porque tambi\u00e9n cuando se estableci\u00f3 de que iba a convertirse en un derecho constitucional la pensi\u00f3n para adultos mayores, todos los del PAN votaron en contra, pero no me extra\u00f1a porque para ellos eso es populismo\u201d<\/p><\/blockquote>\n\n\n\n<p>Ante esta afirmaci\u00f3n, la aspirante a gobernadora dijo que es una mala interpretaci\u00f3n del presidente, pues ella, en caso de que llegue al ejecutivo local, no retirar\u00e1 esos beneficios, al contrario, los incrementar\u00e1 y acus\u00f3 de ser un intento pol\u00edtico por favorecer a Julio Menchaca Salazar, el candidato de&nbsp;<strong>Movimiento Regeneraci\u00f3n Nacional<\/strong>&nbsp;(<strong>Morena<\/strong>) en&nbsp;<strong>Hidalgo<\/strong>.<img decoding=\"async\" alt=\"AMLO asegur\u00f3 que Morena tiene perfiles de sobra para las elecciones de 2024 (Foto: loprezobrador.org)\" height=\"1000\" width=\"1500\" class=\"\" src=\"https:\/\/cloudfront-us-east-1.images.arcpublishing.com\/infobae\/RKGRXARK6ZCVND64UB4AXJTGAA.jpg\" srcset=\"https:\/\/www.infobae.com\/new-resizer\/gSIGNpIqSeMftHSueSmgsE5msvQ=\/420x280\/filters:format(webp):quality(85)\/cloudfront-us-east-1.images.arcpublishing.com\/infobae\/RKGRXARK6ZCVND64UB4AXJTGAA.jpg 420w,https:\/\/www.infobae.com\/new-resizer\/iZ_Qv255IPlhfepyKMxhPg65-FM=\/768x512\/filters:format(webp):quality(85)\/cloudfront-us-east-1.images.arcpublishing.com\/infobae\/RKGRXARK6ZCVND64UB4AXJTGAA.jpg 768w,https:\/\/www.infobae.com\/new-resizer\/piAAriBeFapC93JkC3Yzk_-gUA4=\/992x661\/filters:format(webp):quality(85)\/cloudfront-us-east-1.images.arcpublishing.com\/infobae\/RKGRXARK6ZCVND64UB4AXJTGAA.jpg 992w,https:\/\/www.infobae.com\/new-resizer\/sx6IaktdAI4n-y46h7EleT2oa78=\/1200x800\/filters:format(webp):quality(85)\/cloudfront-us-east-1.images.arcpublishing.com\/infobae\/RKGRXARK6ZCVND64UB4AXJTGAA.jpg 1200w,https:\/\/www.infobae.com\/new-resizer\/TfaR1_S0frRosiCAyrYA3a-f3-c=\/1440x960\/filters:format(webp):quality(85)\/cloudfront-us-east-1.images.arcpublishing.com\/infobae\/RKGRXARK6ZCVND64UB4AXJTGAA.jpg 1440w\">AMLO asegur\u00f3 que Morena tiene perfiles de sobra para las elecciones de 2024 (Foto: loprezobrador.org)<\/p>\n\n\n\n<blockquote class=\"wp-block-quote is-layout-flow wp-block-quote-is-layout-flow\"><p>\u201cYo no pienso quitar los programas sociales, menos las pensiones a adultos mayores, al contrario, yo le entro con usted para incrementar esos programas y que nuestros adultos mayores reciban mucho m\u00e1s, todo lo que se merecen, Hidalgo ya decidi\u00f3\u201d<\/p><\/blockquote>\n\n\n\n<p>Junto con ella,&nbsp;<strong>Alejandro Moreno<\/strong>, presidente nacional del&nbsp;<strong>Partido Revolucionario Institucional<\/strong>&nbsp;(<strong>PRI<\/strong>), defendi\u00f3 a&nbsp;<strong>Carolina Viggiano<\/strong>&nbsp;y asegur\u00f3 que es un intento de L\u00f3pez Obrador por perjudicar la campa\u00f1a de la priista en un momento cr\u00edtico para la democracia.<\/p>\n\n\n\n<blockquote class=\"wp-block-quote is-layout-flow wp-block-quote-is-layout-flow\"><p>\u201cCon la intenci\u00f3n de da\u00f1ar la candidatura de Carolina Viggiano, Morena saca de contexto una declaraci\u00f3n que es verdad: los programas sociales no tienen reglas de operaci\u00f3n, son opacos y se est\u00e1n robando el dinero. Exigimos al Ejecutivo que deje de meter las manos en la elecci\u00f3n\u201d<\/p><\/blockquote>\n\n\n\n<p><strong>Viggiano Austria<\/strong>\u00a0es muy cercana al poder de las esferas m\u00e1s altas en el PRI. Est\u00e1 casada con\u00a0<strong>Rub\u00e9n Moreira Valdez<\/strong>, ex gobernador de\u00a0<strong>Coahuila\u00a0<\/strong>(<strong>2011 &#8211; 2017<\/strong>), secretario general del partido (<strong>2019<\/strong>) y actual presidente de la\u00a0<strong>Junta de Coordinaci\u00f3n Pol\u00edtica<\/strong>\u00a0(<strong>Jucopo<\/strong>) de la C\u00e1mara de Diputados. Asimismo, es cu\u00f1ada de\u00a0<strong>Humberto Moreira Valdez<\/strong>, ex presidente del PRI en 2011 y ex gobernador de Coahuila (<strong>2005 &#8211; 2011<\/strong>). Asimismo, ella fue indexada en la lista de diputados plurinominales en las elecciones de 2021 para garantizar su lugar en San L\u00e1zaro y ahora, se perfila como una de las favoritas para ganar la elecci\u00f3n de este a\u00f1o.<\/p>\n\n\n\n<p>Fuente: https:\/\/www.infobae.com\/america\/mexico\/2022\/05\/02\/marcelo-presidente-ovacionan-a-ebrard-casaubon-durante-mitin-de-morena-en-hidalgo\/<\/p>\n","protected":false},"excerpt":{"rendered":"<p>El canciller mexicano fue reconocido como el mejor perfil de la 4T para dar continuidad al proyecto de naci\u00f3n del [&hellip;]<\/p>\n","protected":false},"author":1,"featured_media":26834,"comment_status":"open","ping_status":"open","sticky":false,"template":"","format":"standard","meta":{"site-sidebar-layout":"default","site-content-layout":"","ast-site-content-layout":"default","site-content-style":"default","site-sidebar-style":"default","ast-global-header-display":"","ast-banner-title-visibility":"","ast-main-header-display":"","ast-hfb-above-header-display":"","ast-hfb-below-header-display":"","ast-hfb-mobile-header-display":"","site-post-title":"","ast-breadcrumbs-content":"","ast-featured-img":"","footer-sml-layout":"","theme-transparent-header-meta":"","adv-header-id-meta":"","stick-header-meta":"","header-above-stick-meta":"","header-main-stick-meta":"","header-below-stick-meta":"","astra-migrate-meta-layouts":"default","ast-page-background-enabled":"default","ast-page-background-meta":{"desktop":{"background-color":"var(--ast-global-color-4)","background-image":"","background-repeat":"repeat","background-position":"center center","background-size":"auto","background-attachment":"scroll","background-type":"","background-media":"","overlay-type":"","overlay-color":"","overlay-opacity":"","overlay-gradient":""},"tablet":{"background-color":"","background-image":"","background-repeat":"repeat","background-position":"center center","background-size":"auto","background-attachment":"scroll","background-type":"","background-media":"","overlay-type":"","overlay-color":"","overlay-opacity":"","overlay-gradient":""},"mobile":{"background-color":"","background-image":"","background-repeat":"repeat","background-position":"center center","background-size":"auto","background-attachment":"scroll","background-type":"","background-media":"","overlay-type":"","overlay-color":"","overlay-opacity":"","overlay-gradient":""}},"ast-content-background-meta":{"desktop":{"background-color":"var(--ast-global-color-5)","background-image":"","background-repeat":"repeat","background-position":"center center","background-size":"auto","background-attachment":"scroll","background-type":"","background-media":"","overlay-type":"","overlay-color":"","overlay-opacity":"","overlay-gradient":""},"tablet":{"background-color":"var(--ast-global-color-5)","background-image":"","background-repeat":"repeat","background-position":"center center","background-size":"auto","background-attachment":"scroll","background-type":"","background-media":"","overlay-type":"","overlay-color":"","overlay-opacity":"","overlay-gradient":""},"mobile":{"background-color":"var(--ast-global-color-5)","background-image":"","background-repeat":"repeat","background-position":"center center","background-size":"auto","background-attachment":"scroll","background-type":"","background-media":"","overlay-type":"","overlay-color":"","overlay-opacity":"","overlay-gradient":""}},"footnotes":""},"categories":[8],"tags":[645,4120,8384],"class_list":["post-26833","post","type-post","status-publish","format-standard","has-post-thumbnail","hentry","category-noticias","tag-marcelo-ebrard","tag-mexico-2024","tag-sre"],"_links":{"self":[{"href":"https:\/\/losperiodistas.com.mx\/portal\/wp-json\/wp\/v2\/posts\/26833","targetHints":{"allow":["GET"]}}],"collection":[{"href":"https:\/\/losperiodistas.com.mx\/portal\/wp-json\/wp\/v2\/posts"}],"about":[{"href":"https:\/\/losperiodistas.com.mx\/portal\/wp-json\/wp\/v2\/types\/post"}],"author":[{"embeddable":true,"href":"https:\/\/losperiodistas.com.mx\/portal\/wp-json\/wp\/v2\/users\/1"}],"replies":[{"embeddable":true,"href":"https:\/\/losperiodistas.com.mx\/portal\/wp-json\/wp\/v2\/comments?post=26833"}],"version-history":[{"count":1,"href":"https:\/\/losperiodistas.com.mx\/portal\/wp-json\/wp\/v2\/posts\/26833\/revisions"}],"predecessor-version":[{"id":26835,"href":"https:\/\/losperiodistas.com.mx\/portal\/wp-json\/wp\/v2\/posts\/26833\/revisions\/26835"}],"wp:featuredmedia":[{"embeddable":true,"href":"https:\/\/losperiodistas.com.mx\/portal\/wp-json\/wp\/v2\/media\/26834"}],"wp:attachment":[{"href":"https:\/\/losperiodistas.com.mx\/portal\/wp-json\/wp\/v2\/media?parent=26833"}],"wp:term":[{"taxonomy":"category","embeddable":true,"href":"https:\/\/losperiodistas.com.mx\/portal\/wp-json\/wp\/v2\/categories?post=26833"},{"taxonomy":"post_tag","embeddable":true,"href":"https:\/\/losperiodistas.com.mx\/portal\/wp-json\/wp\/v2\/tags?post=26833"}],"curies":[{"name":"wp","href":"https:\/\/api.w.org\/{rel}","templated":true}]}}