{"id":26830,"date":"2022-05-02T06:41:30","date_gmt":"2022-05-02T11:41:30","guid":{"rendered":"http:\/\/losperiodistas.com.mx\/portal\/?p=26830"},"modified":"2022-05-02T06:41:32","modified_gmt":"2022-05-02T11:41:32","slug":"recaudacion-del-iva-cayo-9-3-el-peor-resultado-en-13-anos-para-un-enero-marzo-el-economista","status":"publish","type":"post","link":"https:\/\/losperiodistas.com.mx\/portal\/recaudacion-del-iva-cayo-9-3-el-peor-resultado-en-13-anos-para-un-enero-marzo-el-economista\/","title":{"rendered":"Recaudaci\u00f3n del IVA cay\u00f3 9.3%, el\u00a0peor resultado en 13 a\u00f1os para un enero-marzo | El Economista"},"content":{"rendered":"\n<p><em>Servicios financieros y de seguros los que aportaron la mayor cantidad con 29,059 millones de pesos.<\/em><\/p>\n\n\n\n<figure class=\"wp-block-image size-large\"><img fetchpriority=\"high\" decoding=\"async\" width=\"1024\" height=\"1010\" src=\"https:\/\/losperiodistas.com.mx\/portal\/wp-content\/uploads\/2022\/05\/iva_020522w.jpg_2056916604-1024x1010.jpg\" alt=\"\" class=\"wp-image-26831\" srcset=\"https:\/\/losperiodistas.com.mx\/portal\/wp-content\/uploads\/2022\/05\/iva_020522w.jpg_2056916604-1024x1010.jpg 1024w, https:\/\/losperiodistas.com.mx\/portal\/wp-content\/uploads\/2022\/05\/iva_020522w.jpg_2056916604-300x296.jpg 300w, https:\/\/losperiodistas.com.mx\/portal\/wp-content\/uploads\/2022\/05\/iva_020522w.jpg_2056916604-768x758.jpg 768w, https:\/\/losperiodistas.com.mx\/portal\/wp-content\/uploads\/2022\/05\/iva_020522w.jpg_2056916604.jpg 1120w\" sizes=\"(max-width: 1024px) 100vw, 1024px\" \/><\/figure>\n\n\n\n<p><\/p>\n\n\n\n<p class=\"has-vivid-cyan-blue-color has-text-color has-medium-font-size\">SANTIAGO NOLASCO \/ EL ECONOMISTA<\/p>\n\n\n\n<p>La recaudaci\u00f3n del Impuesto al Valor Agregado (IVA) fue de 291,667 millones de pesos en los tres primeros meses del 2022, esto es 9.3% real menos en comparaci\u00f3n con el mismo periodo del 2021. Esta es la contracci\u00f3n m\u00e1s pronunciada desde el primer trimestre del 2009 cuando fue de -19.9% real.<\/p>\n\n\n\n<p>La recaudaci\u00f3n del IVA en los tres primeros meses del 2022 revel\u00f3 que son dos primeros trimestres con contracciones anuales en la recaudaci\u00f3n de dicho impuesto. En el primer trimestre del 2021 se observ\u00f3 una ca\u00edda real de 3.2 por ciento.<\/p>\n\n\n\n<p>La contracci\u00f3n en la recaudaci\u00f3n del IVA es un signo de que la econom\u00eda mexicana a\u00fan no se recupera de la pandemia de Covid-19 porque hablar de dicho impuesto es hablar de consumo, dijo en entrevista Janneth Quiroz Zamora, subdirectora de an\u00e1lisis econ\u00f3mico en Monex.<\/p>\n\n\n\n<p>\u201cLo m\u00e1s probable es que la recuperaci\u00f3n (econ\u00f3mica) se alcance hasta el 2023, esto porque partimos de que la econom\u00eda se hizo m\u00e1s peque\u00f1a con la crisis y todav\u00eda no alcanza los niveles de hace dos a\u00f1os\u201d, dijo Quiroz.<\/p>\n\n\n\n<p>La especialista agreg\u00f3 que las presiones inflacionarias tan altas provocan la p\u00e9rdida del poder adquisitivo de las familias mexicanas y si bien los incrementos salariales que se han dado en esta administraci\u00f3n est\u00e1n bien, pueden generar presiones inflacionarias.<\/p>\n\n\n\n<p>\u201cEn estas circunstancias tan complejas para la inflaci\u00f3n, el que se aumenten los salarios a la par que la inflaci\u00f3n, lo \u00fanico que generar\u00eda es mayores presiones inflacionarias\u201d, coment\u00f3.<\/p>\n\n\n\n<p>Durante marzo la inflaci\u00f3n fue de 7.45%, la cifra m\u00e1s alta desde enero del 2001, de acuerdo con el Instituto Nacional de Estad\u00edstica y Geograf\u00eda (Inegi).<\/p>\n\n\n\n<p>En cuanto a la recaudaci\u00f3n del IVA, las personas morales y las personas f\u00edsicas aportaron 281,865 y 9,801 millones de pesos, respectivamente, de acuerdo con el \u201cInforme sobre la Situaci\u00f3n Econ\u00f3mica, las Finanzas P\u00fablicas y la Deuda P\u00fablica\u201d, que present\u00f3 la Secretar\u00eda de Hacienda y Cr\u00e9dito P\u00fablico (SHCP) este viernes.<\/p>\n\n\n\n<p>En la recaudaci\u00f3n del IVA por sector econ\u00f3mico, los servicios financieros y de seguros aportaron la mayor cantidad, con 29,059 millones de pesos. Seguido por los servicios profesionales, cient\u00edficos y t\u00e9cnicos con 20,920 millones de pesos; los servicios de apoyo a los negocios y manejo de desechos y servicios de remediaci\u00f3n, con 16,982 millones de pesos, y el comercio al por menor con 16,646 millones de pesos.<\/p>\n\n\n\n<h2 class=\"wp-block-heading\">Devoluciones de IVA<\/h2>\n\n\n\n<p>En tanto, el total de contribuyentes que present\u00f3 su declaraci\u00f3n con pago del IVA ascendi\u00f3 a 1.5 millones causantes. Hubo 421,572 personas morales que presentaron declaraci\u00f3n, mientras que 1,1 millones de personas f\u00edsicas presentaron declaraci\u00f3n, inform\u00f3 Hacienda.<\/p>\n\n\n\n<p>Por su parte, el Servicio de Administraci\u00f3n Tributaria (SAT) dio a conocer que el n\u00famero de devoluciones tributarias pagadas en el periodo enero-marzo fue de 117,298. Esto es un incremento anual de 32.8% o 28,952 devoluciones.<\/p>\n\n\n\n<p>El SAT sostiene que el tiempo promedio de pago en las devoluciones disminuy\u00f3 1.3 d\u00edas respecto al 2021, al pasar de 17.9 d\u00edas a 16.6 d\u00edas. Mientras que para grandes contribuyentes se encuentra en 23 d\u00edas, esto es 17 d\u00edas por debajo de lo establecido en el C\u00f3digo Fiscal de la Federaci\u00f3n (40 d\u00edas h\u00e1biles).<\/p>\n\n\n\n<p><a href=\"mailto:santiago.renteria@eleconomista.mx\">santiago.renteria@eleconomista.mx<\/a><\/p>\n\n\n\n<p>Fuente: https:\/\/www.eleconomista.com.mx\/economia\/IVA-cayo-9.3-elpeor-resultado-en-13-anos-para-un-enero-marzo-20220501-0070.html<\/p>\n","protected":false},"excerpt":{"rendered":"<p>Servicios financieros y de seguros los que aportaron la mayor cantidad con 29,059 millones de pesos. SANTIAGO NOLASCO \/ EL [&hellip;]<\/p>\n","protected":false},"author":1,"featured_media":26831,"comment_status":"open","ping_status":"open","sticky":false,"template":"","format":"standard","meta":{"site-sidebar-layout":"default","site-content-layout":"","ast-site-content-layout":"default","site-content-style":"default","site-sidebar-style":"default","ast-global-header-display":"","ast-banner-title-visibility":"","ast-main-header-display":"","ast-hfb-above-header-display":"","ast-hfb-below-header-display":"","ast-hfb-mobile-header-display":"","site-post-title":"","ast-breadcrumbs-content":"","ast-featured-img":"","footer-sml-layout":"","theme-transparent-header-meta":"","adv-header-id-meta":"","stick-header-meta":"","header-above-stick-meta":"","header-main-stick-meta":"","header-below-stick-meta":"","astra-migrate-meta-layouts":"default","ast-page-background-enabled":"default","ast-page-background-meta":{"desktop":{"background-color":"var(--ast-global-color-4)","background-image":"","background-repeat":"repeat","background-position":"center center","background-size":"auto","background-attachment":"scroll","background-type":"","background-media":"","overlay-type":"","overlay-color":"","overlay-opacity":"","overlay-gradient":""},"tablet":{"background-color":"","background-image":"","background-repeat":"repeat","background-position":"center center","background-size":"auto","background-attachment":"scroll","background-type":"","background-media":"","overlay-type":"","overlay-color":"","overlay-opacity":"","overlay-gradient":""},"mobile":{"background-color":"","background-image":"","background-repeat":"repeat","background-position":"center center","background-size":"auto","background-attachment":"scroll","background-type":"","background-media":"","overlay-type":"","overlay-color":"","overlay-opacity":"","overlay-gradient":""}},"ast-content-background-meta":{"desktop":{"background-color":"var(--ast-global-color-5)","background-image":"","background-repeat":"repeat","background-position":"center center","background-size":"auto","background-attachment":"scroll","background-type":"","background-media":"","overlay-type":"","overlay-color":"","overlay-opacity":"","overlay-gradient":""},"tablet":{"background-color":"var(--ast-global-color-5)","background-image":"","background-repeat":"repeat","background-position":"center center","background-size":"auto","background-attachment":"scroll","background-type":"","background-media":"","overlay-type":"","overlay-color":"","overlay-opacity":"","overlay-gradient":""},"mobile":{"background-color":"var(--ast-global-color-5)","background-image":"","background-repeat":"repeat","background-position":"center center","background-size":"auto","background-attachment":"scroll","background-type":"","background-media":"","overlay-type":"","overlay-color":"","overlay-opacity":"","overlay-gradient":""}},"footnotes":""},"categories":[8],"tags":[9846,9845,2759],"class_list":["post-26830","post","type-post","status-publish","format-standard","has-post-thumbnail","hentry","category-noticias","tag-recaudacion-fiscal","tag-recaudacion-iva","tag-sat"],"_links":{"self":[{"href":"https:\/\/losperiodistas.com.mx\/portal\/wp-json\/wp\/v2\/posts\/26830","targetHints":{"allow":["GET"]}}],"collection":[{"href":"https:\/\/losperiodistas.com.mx\/portal\/wp-json\/wp\/v2\/posts"}],"about":[{"href":"https:\/\/losperiodistas.com.mx\/portal\/wp-json\/wp\/v2\/types\/post"}],"author":[{"embeddable":true,"href":"https:\/\/losperiodistas.com.mx\/portal\/wp-json\/wp\/v2\/users\/1"}],"replies":[{"embeddable":true,"href":"https:\/\/losperiodistas.com.mx\/portal\/wp-json\/wp\/v2\/comments?post=26830"}],"version-history":[{"count":1,"href":"https:\/\/losperiodistas.com.mx\/portal\/wp-json\/wp\/v2\/posts\/26830\/revisions"}],"predecessor-version":[{"id":26832,"href":"https:\/\/losperiodistas.com.mx\/portal\/wp-json\/wp\/v2\/posts\/26830\/revisions\/26832"}],"wp:featuredmedia":[{"embeddable":true,"href":"https:\/\/losperiodistas.com.mx\/portal\/wp-json\/wp\/v2\/media\/26831"}],"wp:attachment":[{"href":"https:\/\/losperiodistas.com.mx\/portal\/wp-json\/wp\/v2\/media?parent=26830"}],"wp:term":[{"taxonomy":"category","embeddable":true,"href":"https:\/\/losperiodistas.com.mx\/portal\/wp-json\/wp\/v2\/categories?post=26830"},{"taxonomy":"post_tag","embeddable":true,"href":"https:\/\/losperiodistas.com.mx\/portal\/wp-json\/wp\/v2\/tags?post=26830"}],"curies":[{"name":"wp","href":"https:\/\/api.w.org\/{rel}","templated":true}]}}