{"id":26784,"date":"2022-05-01T12:43:47","date_gmt":"2022-05-01T17:43:47","guid":{"rendered":"http:\/\/losperiodistas.com.mx\/portal\/?p=26784"},"modified":"2022-05-01T12:43:49","modified_gmt":"2022-05-01T17:43:49","slug":"dos-pasos-adelante","status":"publish","type":"post","link":"https:\/\/losperiodistas.com.mx\/portal\/dos-pasos-adelante\/","title":{"rendered":"Dos pasos adelante"},"content":{"rendered":"\n<p><\/p>\n\n\n\n<p class=\"has-medium-font-size\"><em>La estrategia de AMLO, mezcla de seducci\u00f3n y provocaci\u00f3n, mantiene ocultas sus intenciones mientras se manipulan corazones de sus seguidores y las mentes de la oposici\u00f3n.<\/em><\/p>\n\n\n\n<p><\/p>\n\n\n\n<figure class=\"wp-block-embed is-type-video is-provider-youtube wp-block-embed-youtube wp-embed-aspect-16-9 wp-has-aspect-ratio\"><div class=\"wp-block-embed__wrapper\">\n<iframe title=\"Dos pasos adelante\" width=\"500\" height=\"281\" src=\"https:\/\/www.youtube.com\/embed\/e8Fmeb1-6nM?feature=oembed\" frameborder=\"0\" allow=\"accelerometer; autoplay; clipboard-write; encrypted-media; gyroscope; picture-in-picture; web-share\" referrerpolicy=\"strict-origin-when-cross-origin\" allowfullscreen><\/iframe>\n<\/div><\/figure>\n\n\n\n<p><\/p>\n\n\n\n<p><\/p>\n\n\n\n<p class=\"has-vivid-cyan-blue-color has-text-color\" style=\"font-size:26px\"><em><strong>Por Jes\u00fas Manuel Hern\u00e1ndez<\/strong><\/em><\/p>\n\n\n\n<p>El Presidente L\u00f3pez Obrador no deja de sorprender a sus rivales, en su af\u00e1n por mantener el control del mando hasta el \u00faltimo minuto de su sexenio e incluso prolongarlo a trav\u00e9s del fomento de nuevas instituciones, de nuevas realidades, en ese sentido bien podr\u00eda rectificar algunas de las premisas del ejercicio de la pol\u00edtica, una especie de adaptaci\u00f3n al pensamiento mexicano del \u201carte de medrar\u201d, llevar al pueblo mexicano a una escalera de ascenso con alfombra roja para crecer, para sentirse por encima de los dem\u00e1s o al menos al mismo nivel de la clase opresora derivada del neoliberalismo.<\/p>\n\n\n\n<p>Sin duda L\u00f3pez Obrador, estudioso de la ciencia pol\u00edtica y de la historia del pa\u00eds, sostiene su plan impecablemente definido desde el inicio de su gobierno, y ha hecho posible que sus verdaderas intenciones permanezcan el mayor tiempo ocultas, &nbsp;creando espect\u00e1culos medi\u00e1ticos o materiales para entretener al pueblo y dentro de ese pueblo est\u00e1 la oposici\u00f3n, los partidos rivales a su proyecto.<\/p>\n\n\n\n<p>El Presidente adem\u00e1s de ocultar sus verdaderas intenciones manipula con acierto la mente del contrario y el coraz\u00f3n de sus seguidores, el poder de la seducci\u00f3n mezclado con el de la provocaci\u00f3n, podr\u00edan ser las principales cualidades de su estrategia y el resultado est\u00e1 a la vista.<\/p>\n\n\n\n<p>Luego de la llamada revocaci\u00f3n de mandato, para muchos un fracaso por la escasa votaci\u00f3n, Morena y el Presidente se alzan con el triunfo frente a sus seguidores y retan a la oposici\u00f3n a combatirlos en las urnas con el m\u00ednimo de votos necesarios para llegar a Palacio Nacional, unos 18 millones.<\/p>\n\n\n\n<p>Luego de la piedra en el camino de la Reforma El\u00e9ctrica, rasca en el pasado y pone en valor la nacionalizaci\u00f3n del litio.<\/p>\n\n\n\n<p>Despu\u00e9s de los enfrentamientos con el INE y sus principales consejeros, el presidente env\u00eda una iniciativa de ley para generar una reforma electoral que en el pasado hubiera sido firmada por sus opositores, la reducci\u00f3n de los diputados y senadores plurinominales por ejemplo, figur\u00f3 en las plataformas de candidatos independientes y de otros partidos en el pasado.<\/p>\n\n\n\n<p>Atizar un golpe al avispero es un acto de provocaci\u00f3n may\u00fasculo cuando el p\u00fablico no est\u00e1 preparado para hacer frente al ataque de las avispas y no cuenta con la protecci\u00f3n debida. Esa pareciera ser la actitud de la oposici\u00f3n frente a los dos proyectos inmediatos: la desaparici\u00f3n del INE y la respectiva creaci\u00f3n del Instituto Nacional de Elecciones y Consultas con las consecuencias de concentraci\u00f3n de las decisiones y la eliminaci\u00f3n de los organismos estatales, aunado al veto a los grupos de poder para proponer consejeros del organismos electoral, ser\u00e1 el pueblo, ser\u00e1 la democracia. \u00bfLa oposici\u00f3n alguna vez so\u00f1\u00f3 con esto?<\/p>\n\n\n\n<p>Y por si fuera poco la puesta en escena de la llamada Nueva Escuela Mexicana, la modificaci\u00f3n de fondo de los libros de texto, del marco educativo nacional con propuestas acordes a la visi\u00f3n de la llamada 4T.<\/p>\n\n\n\n<p>Todo esto en medio de un galimat\u00edas de persecuci\u00f3n medi\u00e1tica a periodistas, fusilamientos pac\u00edficos a legisladores que no le apoyan, amenaza de denuncias ante la Fiscal\u00eda General por \u201ctraici\u00f3n a la patria\u201d, cuya repercusi\u00f3n podr\u00eda ser la desaparici\u00f3n de la oposici\u00f3n en San L\u00e1zaro o acaso la decisi\u00f3n expresa de \u201cdisolver el Congreso\u201d como lo apuntan algunos analistas expertos en la materia.<\/p>\n\n\n\n<p>Todo esto se reduce en una pregunta constante en la mente de quienes no acaban de acomodarse a la realidad expuesta desde el p\u00falpito de la ma\u00f1anera presidencial: \u00bfY qu\u00e9 hace la oposici\u00f3n?<\/p>\n\n\n\n<p>Pues al parecer la oposici\u00f3n ha ido acumulando rezagos, de tal magnitud que su participaci\u00f3n ha quedado cada vez m\u00e1s identificada con la simple propuesta, con el enunciado, L\u00f3pez Obrador va dos pasos adelante y la oposici\u00f3n no acaba de darse cuenta.<\/p>\n\n\n\n<p>Mientras el Presidente est\u00e1 fincando los puntos estrat\u00e9gicos de la sucesi\u00f3n y la reforma estructural del sistema pol\u00edtico, eliminando la fuerza de los grupos de poder tradicionales en el pasado, los partidos de enfrente no acaban de definir sus verdaderos objetivos.<\/p>\n\n\n\n<p>Visto as\u00ed, el dicho aquel de \u201cplatica poblano mientras yo te gano\u201d pareciera ser premisa nacional.<\/p>\n\n\n\n<p>O por lo menos, as\u00ed me lo parece.<\/p>\n\n\n\n<p><a href=\"mailto:losperiodistas.com.mx@gmail.com\">losperiodistas.com.mx@gmail.com<\/a><\/p>\n","protected":false},"excerpt":{"rendered":"<p>La estrategia de AMLO, mezcla de seducci\u00f3n y provocaci\u00f3n, mantiene ocultas sus intenciones mientras se manipulan corazones de sus seguidores [&hellip;]<\/p>\n","protected":false},"author":1,"featured_media":26785,"comment_status":"open","ping_status":"open","sticky":false,"template":"","format":"standard","meta":{"site-sidebar-layout":"default","site-content-layout":"","ast-site-content-layout":"default","site-content-style":"default","site-sidebar-style":"default","ast-global-header-display":"","ast-banner-title-visibility":"","ast-main-header-display":"","ast-hfb-above-header-display":"","ast-hfb-below-header-display":"","ast-hfb-mobile-header-display":"","site-post-title":"","ast-breadcrumbs-content":"","ast-featured-img":"","footer-sml-layout":"","theme-transparent-header-meta":"","adv-header-id-meta":"","stick-header-meta":"","header-above-stick-meta":"","header-main-stick-meta":"","header-below-stick-meta":"","astra-migrate-meta-layouts":"default","ast-page-background-enabled":"default","ast-page-background-meta":{"desktop":{"background-color":"var(--ast-global-color-4)","background-image":"","background-repeat":"repeat","background-position":"center center","background-size":"auto","background-attachment":"scroll","background-type":"","background-media":"","overlay-type":"","overlay-color":"","overlay-opacity":"","overlay-gradient":""},"tablet":{"background-color":"","background-image":"","background-repeat":"repeat","background-position":"center center","background-size":"auto","background-attachment":"scroll","background-type":"","background-media":"","overlay-type":"","overlay-color":"","overlay-opacity":"","overlay-gradient":""},"mobile":{"background-color":"","background-image":"","background-repeat":"repeat","background-position":"center center","background-size":"auto","background-attachment":"scroll","background-type":"","background-media":"","overlay-type":"","overlay-color":"","overlay-opacity":"","overlay-gradient":""}},"ast-content-background-meta":{"desktop":{"background-color":"var(--ast-global-color-5)","background-image":"","background-repeat":"repeat","background-position":"center center","background-size":"auto","background-attachment":"scroll","background-type":"","background-media":"","overlay-type":"","overlay-color":"","overlay-opacity":"","overlay-gradient":""},"tablet":{"background-color":"var(--ast-global-color-5)","background-image":"","background-repeat":"repeat","background-position":"center center","background-size":"auto","background-attachment":"scroll","background-type":"","background-media":"","overlay-type":"","overlay-color":"","overlay-opacity":"","overlay-gradient":""},"mobile":{"background-color":"var(--ast-global-color-5)","background-image":"","background-repeat":"repeat","background-position":"center center","background-size":"auto","background-attachment":"scroll","background-type":"","background-media":"","overlay-type":"","overlay-color":"","overlay-opacity":"","overlay-gradient":""}},"footnotes":""},"categories":[8,5],"tags":[199,8713,3445,2185,9843],"class_list":["post-26784","post","type-post","status-publish","format-standard","has-post-thumbnail","hentry","category-noticias","category-por-soleares","tag-amlo","tag-pan-pri","tag-prd","tag-reforma-electoral-mexico","tag-sistema-politico-mexicano"],"_links":{"self":[{"href":"https:\/\/losperiodistas.com.mx\/portal\/wp-json\/wp\/v2\/posts\/26784","targetHints":{"allow":["GET"]}}],"collection":[{"href":"https:\/\/losperiodistas.com.mx\/portal\/wp-json\/wp\/v2\/posts"}],"about":[{"href":"https:\/\/losperiodistas.com.mx\/portal\/wp-json\/wp\/v2\/types\/post"}],"author":[{"embeddable":true,"href":"https:\/\/losperiodistas.com.mx\/portal\/wp-json\/wp\/v2\/users\/1"}],"replies":[{"embeddable":true,"href":"https:\/\/losperiodistas.com.mx\/portal\/wp-json\/wp\/v2\/comments?post=26784"}],"version-history":[{"count":1,"href":"https:\/\/losperiodistas.com.mx\/portal\/wp-json\/wp\/v2\/posts\/26784\/revisions"}],"predecessor-version":[{"id":26786,"href":"https:\/\/losperiodistas.com.mx\/portal\/wp-json\/wp\/v2\/posts\/26784\/revisions\/26786"}],"wp:featuredmedia":[{"embeddable":true,"href":"https:\/\/losperiodistas.com.mx\/portal\/wp-json\/wp\/v2\/media\/26785"}],"wp:attachment":[{"href":"https:\/\/losperiodistas.com.mx\/portal\/wp-json\/wp\/v2\/media?parent=26784"}],"wp:term":[{"taxonomy":"category","embeddable":true,"href":"https:\/\/losperiodistas.com.mx\/portal\/wp-json\/wp\/v2\/categories?post=26784"},{"taxonomy":"post_tag","embeddable":true,"href":"https:\/\/losperiodistas.com.mx\/portal\/wp-json\/wp\/v2\/tags?post=26784"}],"curies":[{"name":"wp","href":"https:\/\/api.w.org\/{rel}","templated":true}]}}