{"id":26756,"date":"2022-05-01T11:02:48","date_gmt":"2022-05-01T16:02:48","guid":{"rendered":"http:\/\/losperiodistas.com.mx\/portal\/?p=26756"},"modified":"2022-05-01T08:49:12","modified_gmt":"2022-05-01T13:49:12","slug":"anna-heringer-nuestra-sociedad-da-valor-a-lo-que-cuesta-dinero-y-se-lo-quita-a-lo-que-cuesta-poco-eps","status":"publish","type":"post","link":"https:\/\/losperiodistas.com.mx\/portal\/anna-heringer-nuestra-sociedad-da-valor-a-lo-que-cuesta-dinero-y-se-lo-quita-a-lo-que-cuesta-poco-eps\/","title":{"rendered":"Anna Heringer: \u201cNuestra sociedad da valor a lo que cuesta dinero y se lo quita a lo que cuesta poco\u201d | EPS"},"content":{"rendered":"\n<p><em>La suya parece una propuesta ut\u00f3pica, pero es revolucionaria social y energ\u00e9ticamente. Est\u00e1 convencida de que la arquitectura puede cambiar el mundo y propone construir con tierra \u2014un material casi gratuito\u2014, que se utiliz\u00f3 en Europa durante siglos hasta que empezamos a relacionarlo con la pobreza<\/em><\/p>\n\n\n\n<figure class=\"wp-block-image size-large\"><img fetchpriority=\"high\" decoding=\"async\" width=\"1024\" height=\"683\" src=\"https:\/\/losperiodistas.com.mx\/portal\/wp-content\/uploads\/2022\/05\/LTBXLLCTEVBUZPTJA6HIIV7IEM-1024x683.jpeg\" alt=\"\" class=\"wp-image-26757\" srcset=\"https:\/\/losperiodistas.com.mx\/portal\/wp-content\/uploads\/2022\/05\/LTBXLLCTEVBUZPTJA6HIIV7IEM-1024x683.jpeg 1024w, https:\/\/losperiodistas.com.mx\/portal\/wp-content\/uploads\/2022\/05\/LTBXLLCTEVBUZPTJA6HIIV7IEM-300x200.jpeg 300w, https:\/\/losperiodistas.com.mx\/portal\/wp-content\/uploads\/2022\/05\/LTBXLLCTEVBUZPTJA6HIIV7IEM-768x512.jpeg 768w, https:\/\/losperiodistas.com.mx\/portal\/wp-content\/uploads\/2022\/05\/LTBXLLCTEVBUZPTJA6HIIV7IEM-1536x1024.jpeg 1536w, https:\/\/losperiodistas.com.mx\/portal\/wp-content\/uploads\/2022\/05\/LTBXLLCTEVBUZPTJA6HIIV7IEM.jpeg 1960w\" sizes=\"(max-width: 1024px) 100vw, 1024px\" \/><figcaption>La arquitecta alemana, fotografiada en la Fundaci\u00f3n ICO de Madrid, que acoge una muestra sobre su obra. GIANFRANCO TRIPODO<\/figcaption><\/figure>\n\n\n\n<p class=\"has-vivid-cyan-blue-color has-text-color has-medium-font-size\">ANATXU ZABALBEASCOA \/ EL PA\u00cdS SEMANAL<\/p>\n\n\n\n<p>Arquitecta y activista, Anna Heringer (Rosenheim, Alemania, 1977) est\u00e1 convencida de que no hay sostenibilidad si no existe justicia social. Por eso defiende una arquitectura hecha con lo que hay. En Banglad\u00e9s levant\u00f3 una escuela que puso de acuerdo a la comunidad, actualiz\u00f3 una tradici\u00f3n constructiva y se hizo con el Premio Aga Khan. Desde entonces, ha construido edificios de tierra en China, Ghana y Alemania. Profesora honoraria de la Unesco, en las escuelas de arquitectura de Harvard, el ETH de Z\u00farich o la Polit\u00e9cnica de Madrid, ense\u00f1a a construir con barro. La entrevista tiene lugar en la Fundaci\u00f3n ICO, en Madrid, donde muestra su obra hasta este 5 de mayo.<\/p>\n\n\n\n<p><strong>\u00bfConstruir con tierra es una opci\u00f3n realista?<\/strong><\/p>\n\n\n\n<p>S\u00ed. Es un gran material aunque lo presenten como una excentricidad para desactivarlo. Es resiliente. Tiene inercia t\u00e9rmica y es ign\u00edfuga. Est\u00e1 en todas partes. Nos sobra tierra cuando hacemos garajes subterr\u00e1neos. Sin embargo, es un material gratuito que despreciamos. \u00a1Hasta pagamos para que se lo lleven!<\/p>\n\n\n\n<p><strong>\u00bfPor qu\u00e9?<\/strong><\/p>\n\n\n\n<p>Hemos comprado la amnesia cultural que desvincula la construcci\u00f3n con tierra de la tradici\u00f3n europea. Ahora que se aboga por restaurar Europa, deber\u00edamos plantearnos recuperar tradiciones constructivas que son m\u00e1s sostenibles, econ\u00f3micas y l\u00f3gicas que las que utilizamos. La tierra se puede emplear para renovar interiores. Es un gran aislante. Precisa muy poco mantenimiento y evita que los venenos de materiales pl\u00e1sticos y pinturas entren en nuestra casa.<\/p>\n\n\n\n<p><strong>Usted la ha utilizado en su piso en Alemania.<\/strong><\/p>\n\n\n\n<p>Como arquitecta hago lo mismo que como persona: me pregunto si el planeta podr\u00eda soportar que todos pint\u00e1ramos nuestras viviendas con pintura que requiere mucha agua y que tanto veneno produce. La respuesta es no. Con tierra s\u00ed podemos. Hay para todos. Y hasta un ni\u00f1o puede contribuir a mejorar su escuela utilizando sus propias manos. La tierra equilibra la humedad y tiene un efecto calmante. Es meter la naturaleza en el interior de nuestras casas. Es un elemento ante el que las personas reaccionamos. Venimos de la tierra y volveremos a la tierra.<\/p>\n\n\n\n<p><strong>Tal vez por eso no la usamos.<\/strong><\/p>\n\n\n\n<p>\u00bfPorque nos recuerda que somos mortales? Podr\u00eda ser. En nuestra sociedad la muerte es un tab\u00fa. Eso nos ha llevado a ocultar nuestra vulnerabilidad. Algo parecido sucede con los materiales. Tratamos de hacerlos m\u00e1s y m\u00e1s resistentes, pero cuando se rompen se acaban, no se pueden reparar. La tierra se repara. Con buenos cimientos y una buena cubierta, necesita poco mantenimiento. Adem\u00e1s, se recicla sin tratamiento. Cuanto m\u00e1s se trata un material, m\u00e1s dif\u00edcil es volverlo a introducir en el ciclo natural.<\/p>\n\n\n\n<p><strong>\u00bfCu\u00e1nto puede durar un edificio hecho de tierra?<\/strong><\/p>\n\n\n\n<p>Siglos. Gran parte de los muros de la Alhambra son de tierra (tapial). Aguantan calor, lluvia o nieve.<\/p>\n\n\n\n<p><strong>Vamos, que est\u00e1 lista para levantar un rascacielos.<\/strong><\/p>\n\n\n\n<p>\u00a1M\u00e1s que lista! En las ciudades hemos dejado de sentir el suelo. Construyendo con tierra, uno se siente arraigado en un cuarto piso. Solo con tierra se pueden llegar hasta seis pisos, la altura de Par\u00eds. A partir de ah\u00ed se deber\u00eda mezclar con otros materiales, como la madera, como sucede con cualquier rascacielos.<\/p>\n\n\n\n<p><strong>Si la tierra es un material pr\u00e1cticamente inmejorable, \u00bfpor qu\u00e9 lo hemos desechado?<\/strong><\/p>\n\n\n\n<p>No hay respuesta. Pero hay motivos: para mantener una producci\u00f3n que el planeta no puede soportar.<\/p>\n\n\n\n<p><strong>\u00bfEs una cuesti\u00f3n econ\u00f3mica?<\/strong><\/p>\n\n\n\n<p>Tambi\u00e9n muy masculina. La conquista, lo desconocido. Sobre todo en arquitectura.<\/p>\n\n\n\n<figure class=\"wp-block-image\"><img decoding=\"async\" src=\"https:\/\/imagenes.elpais.com\/resizer\/vexUa86lmXCfUaVQC4HsHoLFRo8=\/414x0\/cloudfront-eu-central-1.images.arcpublishing.com\/prisa\/W5QG6E6VFBG6XJII3ABREDAJ4I.jpg\" alt=\"La arquitecta alemana, fotografiada en la Fundaci\u00f3n ICO de Madrid, que acoge una muestra sobre su obra.\"\/><figcaption>La arquitecta alemana, fotografiada en la Fundaci\u00f3n ICO de Madrid, que acoge una muestra sobre su obra.GIANFRANCO TRIPODO<\/figcaption><\/figure>\n\n\n\n<p><strong>Bueno\u2026, hay muchas mujeres arquitectas buscando sorprender con algo nuevo.<\/strong><\/p>\n\n\n\n<p>Claro, pero es un lado masculino de conquistar y descubrir. El lado femenino \u2014y todos podemos tener ambos lados\u2014 est\u00e1 m\u00e1s centrado en los cuidados. M\u00e1s en el cambio cotidiano que en la revoluci\u00f3n. No hablo de hombres y mujeres, sino de cualidades masculinas y femeninas. La empat\u00eda debe volver a la arquitectura. De la mano de hombres y mujeres.<\/p>\n\n\n\n<p><strong>\u00bfNo construimos m\u00e1s con tierra porque nos recuerda la pobreza?<\/strong><\/p>\n\n\n\n<p>S\u00ed. Incluso en Banglad\u00e9s, con una larga tradici\u00f3n de arquitectura de adobe y barro, el Gobierno est\u00e1 distribuyendo gratuitamente paneles de hojalata para levantar viviendas. La vida dentro es fr\u00eda y calurosa. Mucho peor que las paredes de barro. Pero\u2026 han comprado una idea de progreso equivocada. Actualmente vivimos en una sociedad que otorga valor a lo que cuesta dinero. Y se lo quita a lo que cuesta poco. Poder cavar y obtener tierra gratuitamente le resta valor. Es una locura.<\/p>\n\n\n\n<p><strong>Pero vivimos inmersos en ella.<\/strong><\/p>\n\n\n\n<p>Exacto, la educaci\u00f3n nos ha apartado de la tierra, en lugar de acercarnos a ella. Cada nueva opci\u00f3n cultural nos separa de la tierra e impone una manera de construir. La de ahora es global y no nos deja ver lo que tenemos. Los materiales de construcci\u00f3n vienen avalados por la cultura, pero est\u00e1n asociados al poder y al dinero.<\/p>\n\n\n\n<p><strong>\u00bfLa arquitectura es poder, dinero, espacios y materiales?<\/strong><\/p>\n\n\n\n<p>Tambi\u00e9n es cambio. Puede serlo. Por eso existe tanta resistencia ante un material que genera pocos beneficios econ\u00f3micos porque hay mucho y es accesible para todos: no podemos patentar el planeta.<\/p>\n\n\n\n<p><strong>Somos los \u00fanicos animales que no vivimos de lo que el planeta ofrece.<\/strong><\/p>\n\n\n\n<p>Y transformando tanto la materia nos estamos destruyendo. Al planeta y a nosotros.<\/p>\n\n\n\n<p><strong>\u00bfQu\u00e9 es para usted el progreso?<\/strong><\/p>\n\n\n\n<p>Esa es la pregunta. Tiene que ver con progreso social. Y tambi\u00e9n con no separar el resultado del camino para lograrlo. Construir un edificio puede implicar tambi\u00e9n construir una comunidad. O reforzarla. Eso es el progreso. Y es un poder que hemos perdido. Hacer algo juntos une. Ponerse de acuerdo para hacerlo, tambi\u00e9n. Acabo de construir en Ghana. All\u00ed, cuando se termina la casa de uno se empieza la de otro. Todos juntos. Esa lecci\u00f3n no la olvidan los ni\u00f1os. Eso une. Y educa. No tienen dinero, pero tienen algo que hemos perdido. Y eso empodera.<\/p>\n\n\n\n<p><strong>Humanidad.<\/strong><\/p>\n\n\n\n<p>Hemos prescindido de eso como si no valiera nada. La uni\u00f3n que proporciona ponerse en el lugar de otro no solo es una responsabilidad, es poder e independencia, confianza. Libera del sistema econ\u00f3mico que confunde valor con coste. El progreso tiene que ver con activar todo el potencial que uno tiene para convivir mejor y mejorar el planeta.<\/p>\n\n\n\n<p><strong>Lo que no es negocio no triunfa. Y, sin embargo, \u00bfpuede ser lo mejor para nosotros?<\/strong><\/p>\n\n\n\n<p>Me he convertido en activista para ser la arquitecta que quiero ser: estableciendo relaciones entre materiales, energ\u00edas, poder, econom\u00eda y bienestar. Construir con barro requiere mano de obra, claro. Pero tambi\u00e9n proporciona trabajos.<\/p>\n\n\n\n<p><strong>Se ha preocupado de pagar a sus obreros. Tambi\u00e9n de que sean hombres y mujeres. Pero los sueldos en Banglad\u00e9s no son competitivos en Europa.<\/strong><\/p>\n\n\n\n<p>El trabajo humano es una fuente de energ\u00eda. Y es creciente, cada vez somos m\u00e1s. Pero, al contrario de tantas otras fuentes, como el petr\u00f3leo, pagamos por ella muchos m\u00e1s impuestos. Esa es la clave. Una m\u00e1quina no paga seguridad social.<\/p>\n\n\n\n<p><strong>No lo necesita.<\/strong><\/p>\n\n\n\n<p>Pero requiere mucha energ\u00eda. La mano de obra es energ\u00eda limpia, sostenible. \u00bfQu\u00e9 nos ha llevado a considerar progreso quitarles el trabajo a las personas para d\u00e1rselo a las m\u00e1quinas? La acumulaci\u00f3n de ese poder en los due\u00f1os de las m\u00e1quinas.<\/p>\n\n\n\n<p><strong>\u00bfSu propuesta es bajar los impuestos?<\/strong><\/p>\n\n\n\n<p>Poder competir de verdad. Que cada material cueste lo que vale y lo que requiere su limpieza. El coste del hormig\u00f3n no refleja el precio que pagamos para limpiar el planeta de \u00e9l. Hoy es m\u00e1s barato construir con hormig\u00f3n, que da\u00f1a el medio ambiente y es imposible de reciclar, que con tierra, que da trabajo. Es absurdo. Por eso ridiculizan la tierra.<\/p>\n\n\n\n<p><strong>\u00bfPor qu\u00e9 lo permitimos?<\/strong><\/p>\n\n\n\n<p>Porque no sabemos m\u00e1s y formamos parte del sistema. Nos autoexplotamos inconscientemente. No para disfrutar y vivir, para enriquecer a unos pocos. Muy pocos. El sistema econ\u00f3mico no es natural. Lo podemos cambiar. Pero tenemos que explicarlo. Por eso hago exposiciones. Para hacer pensar a la gente. Noto que toco donde duele porque me insultan dici\u00e9ndome que vuelva a la cueva. Con mi arquitectura trato de probar que puedes utilizar un material antiguo con un lenguaje actual sin quitarle al planeta ninguna posibilidad para generaciones futuras.<\/p>\n\n\n\n<p><strong>Defiende una sociedad activa en un tiempo en el que mucha gente prefiere mirar pantallas que \u00adactuar.<\/strong><\/p>\n\n\n\n<p>\u00bfCu\u00e1ntos problemas mentales est\u00e1 causando la sobreexposici\u00f3n a pantallas? Construir algo manualmente calma. Estar en contacto con el planeta satisface. Y lo estamos perdiendo.<\/p>\n\n\n\n<p><strong>\u00bfCu\u00e1nto se tarda en construir un edificio de tierra?<\/strong><\/p>\n\n\n\n<p>El m\u00e1s complejo que he hecho ha tardado seis meses. Algunas casas en Ghana, tres d\u00edas.<\/p>\n\n\n\n<p><strong>\u00bfSiempre los levantan voluntarios?<\/strong><\/p>\n\n\n\n<p>No. Hay niveles de dificultad. La tierra se puede manejar sin tecnolog\u00eda o con tecnolog\u00eda punta haciendo sofisticad\u00edsimos acabados. El contexto decide la cantidad de trabajo manual o prefabricado.<\/p>\n\n\n\n<p><strong>\u00bfLa arquitectura de hoy son edificios, ciudades o rendimiento econ\u00f3mico?<\/strong><\/p>\n\n\n\n<p>La arquitectura es solo rentabilidad. Y deber\u00eda cuidar a la gente y al planeta. Basta con pensar qu\u00e9 pasar\u00eda si todo el mundo hiciera lo mismo.<\/p>\n\n\n\n<p><strong>\u00bfTiene alg\u00fan gran cliente?<\/strong><\/p>\n\n\n\n<p>La Iglesia cat\u00f3lica. Tras hacer un albergue en Alemania, nos han encargado un centro de acogida. Quer\u00edan hacer un edificio sostenible. Y les di belleza para contraponerla al miedo. El miedo es el problema fundamental de la sostenibilidad.<\/p>\n\n\n\n<p><strong>\u00bfPor qu\u00e9?<\/strong><\/p>\n\n\n\n<p>Crecemos con miedo a envejecer, a que las cosas se estropeen. Tememos cualquier vulnerabilidad porque tememos la muerte. Nuestro miedo nos hace construir contra natura. Construir de manera sostenible supone aceptar los ciclos naturales y entender que formamos parte de ellos. Pero es muy dif\u00edcil actuar contra el miedo. La \u00fanica cosa capaz de vencerlo es el amor. Y la belleza, para m\u00ed, es la expresi\u00f3n formal del amor. Cuando uno act\u00faa por amor \u2014en un jard\u00edn, con una persona, en una ciudad\u2026\u2014, la sostenibilidad llega de manera natural.<\/p>\n\n\n\n<p><strong>\u00bfC\u00f3mo aprendi\u00f3 que solo el amor puede con el miedo?<\/strong><\/p>\n\n\n\n<p>Cuando estuve sola, con 19 a\u00f1os, en Banglad\u00e9s.<\/p>\n\n\n\n<p><strong>\u00bfY c\u00f3mo lleg\u00f3 all\u00ed?<\/strong><\/p>\n\n\n\n<p>Fui&nbsp;<em>girl scout<\/em>. Hac\u00edamos caba\u00f1as y fuegos para calentarnos y cocinar. Dorm\u00edamos en el bosque. Es un ejercicio que les propongo a mis alumnos de Arquitectura. Hay muchas maneras de protegerse del fr\u00edo y del miedo. La naturaleza no es limitante, es abundancia. Quien ha cultivado algo o cuidado un jard\u00edn lo sabe: siembras una semilla y obtienes un mont\u00f3n de tomates. Cortas las rosas y vuelven a brotar.<\/p>\n\n\n\n<figure class=\"wp-block-image\"><img decoding=\"async\" src=\"https:\/\/imagenes.elpais.com\/resizer\/gusxTblSuVihfdxWKuV76_CMUTY=\/414x0\/cloudfront-eu-central-1.images.arcpublishing.com\/prisa\/6NA4OKQCEZGFLLOM2SY52QPVTE.jpg\" alt=\"La arquitecta alemana, fotografiada en la Fundaci\u00f3n ICO de Madrid, que acoge una muestra sobre su obra.\"\/><figcaption>La arquitecta alemana, fotografiada en la Fundaci\u00f3n ICO de Madrid, que acoge una muestra sobre su obra.GIANFRANCO TRIPODO<\/figcaption><\/figure>\n\n\n\n<p><strong>Hemos perdido tanto la relaci\u00f3n con la naturaleza que igual mucha gente nunca ha tenido una maceta.<\/strong><\/p>\n\n\n\n<p>Pero pueden observar c\u00f3mo los \u00e1rboles florecen cada a\u00f1o. Y c\u00f3mo de una flor nace un fruto.<\/p>\n\n\n\n<p><strong>\u00bfSe lo ense\u00f1\u00f3 su padre?<\/strong><\/p>\n\n\n\n<p>S\u00ed. Es paisajista. Y ecologista. Tengo sangre verde. Mi madre, que es profesora, me alent\u00f3 a valerme por m\u00ed misma con lo que tuviera. Tanto para dormir en el bosque como para cocinar. Es una actitud que exige ser imaginativo. Y creativo. Comprar te hace dependiente del dinero. Saber hacer cosas te libera.<\/p>\n\n\n\n<p><strong>Su infancia parece clave en su decisi\u00f3n de trabajar con tierra.<\/strong><\/p>\n\n\n\n<p>Para m\u00ed los ni\u00f1os miden la calidad de la sociedad. Y de la arquitectura. Tienen un sexto sentido para los edificios: o los conquistan o los rechazan. La arquitectura deber\u00eda pasar de expresar el poder a expresar la vida.<\/p>\n\n\n\n<p><strong>Cuida mucho la est\u00e9tica y los colores de sus proyectos.<\/strong><\/p>\n\n\n\n<p>Casi nadie quiere vivir en una casa de barro antes de haberlo hecho. Pero todos queremos vivir en una casa bonita. Habr\u00e1 que hacerla bonita. Luego llega el descubrimiento y la sensaci\u00f3n, y el orgullo, de perpetuar lo bueno.<\/p>\n\n\n\n<p><strong>Se hizo feminista cuando empez\u00f3 a competir en concursos internacionales.<\/strong><\/p>\n\n\n\n<p>Estudi\u00e9 Arquitectura en un tiempo en el que cuanto menos humildes eran, m\u00e1s se admiraba a los arquitectos. Parec\u00eda que el ego era una clave para dise\u00f1ar bien. Uno ten\u00eda que actuar como si fuera un genio. Lo fuera o no.<\/p>\n\n\n\n<p><strong>Tiene un despacho con cuatro personas. \u00bfY si consigue un encargo grande?<\/strong><\/p>\n\n\n\n<p>Me asociar\u00e9 y compartir\u00e9. Entre tanto, dise\u00f1o de la manera que me gusta: tocando el barro cuando hace falta, ense\u00f1ando a los dem\u00e1s. Quiero tocar lo que hago y vaciarme en cada proyecto. Hasta ahora no he construido solo edificios. Son procesos que han transformado comunidades. No puedo entender la arquitectura como negocio. No quiero dejar edificios, sino maneras de vivir y lugares para hacerlo. Quiero que mis edificios se midan con otros valores. Las comunidades que construyo en Banglad\u00e9s, Marruecos o Ghana son pobres pero sostenibles.<\/p>\n\n\n\n<p><strong>\u00bfEs religiosa?<\/strong><\/p>\n\n\n\n<p>M\u00e1s espiritual que religiosa. Creo en el perd\u00f3n y en compartir. Mi trabajo tiene que ver con darlo todo. Eso es lo que haces cuando amas. Hago una arquitectura emocional y no todo el mundo est\u00e1 preparado para ella.<\/p>\n\n\n\n<p><strong>En China trabaj\u00f3 con piedras y bamb\u00fa.<\/strong><\/p>\n\n\n\n<p>En cada lugar aprendo una tradici\u00f3n constructiva.<\/p>\n\n\n\n<p><strong>Sus valores como arquitecta \u00bftienen una traducci\u00f3n en su vida?<\/strong><\/p>\n\n\n\n<p>Creo que s\u00ed. Lo que visto lo compro a quien lo teje. O de segunda mano.<\/p>\n\n\n\n<p><strong>\u00bfPor qu\u00e9 quiso ir a Banglad\u00e9s con 18 a\u00f1os?<\/strong><\/p>\n\n\n\n<p>Mis padres eran muy activos en la tienda de comercio justo que hay en nuestra ciudad. Y quise contribuir tambi\u00e9n. Hacer algo. Quer\u00eda ir a \u00c1frica, pero no encontr\u00e9 organizaci\u00f3n y en Banglad\u00e9s s\u00ed. Me fui.<\/p>\n\n\n\n<p><strong>Es hija \u00fanica. \u00bfQu\u00e9 dijeron sus padres?<\/strong><\/p>\n\n\n\n<p>Mi madre me dijo: \u201cSi nadie te recoge, coge un taxi\u201d. Pero ni siquiera hab\u00eda plano de la ciudad, imag\u00ednate un taxi. Llegu\u00e9 de noche. Era la \u00fanica blanca. Fue un reto. Lo que m\u00e1s me cost\u00f3 es que nunca me dejaban sola. Siendo hija \u00fanica, estaba acostumbrada a cierta intimidad. Las mujeres iban a espiar qu\u00e9 hac\u00eda con sus maridos. Y las incorpor\u00e9 a la obra. Puse como condici\u00f3n tener un n\u00famero de mujeres trabajando para que pudieran tener sueldo e independencia econ\u00f3mica.<\/p>\n\n\n\n<p><strong>La arquitectura parece lo menos importante de su experiencia.<\/strong><\/p>\n\n\n\n<p>Pero es la que hizo todo eso posible. Necesit\u00e9 siete a\u00f1os para construir la confianza. Al principio nadie quer\u00eda tener una escuela. Y ahora la cuidan. Lo he aprendido: los edificios tambi\u00e9n los construyen la confianza y el tiempo. En Ghana, los hombres protestaban porque las mujeres llegaban tarde. Me ped\u00edan que las echara. Pregunt\u00e9 por qu\u00e9 llegaban tarde: ten\u00edan que llevar 20 litros de agua a la casa y dejar la comida lista. Les hice ver que no era justo.<\/p>\n\n\n\n<p><strong>\u00a1Es una revolucionaria!<\/strong><\/p>\n\n\n\n<p>Siempre he tenido claro que no quer\u00eda hacer m\u00e1s ricos a los ricos. La arquitectura ha trabajado siempre a favor de los ricos y los poderosos, y yo quiero ser otro tipo de arquitecta.<\/p>\n\n\n\n<p><strong>\u00bfNo quiere tener su propio avi\u00f3n?<\/strong><\/p>\n\n\n\n<p>Soy m\u00e1s ambiciosa, quiero cambiar el mundo.<\/p>\n\n\n\n<p>Fuente: https:\/\/elpais.com\/eps\/2022-04-29\/anna-heringer-la-arquitectura-de-hoy-es-solo-rentabilidad.html<\/p>\n","protected":false},"excerpt":{"rendered":"<p>La suya parece una propuesta ut\u00f3pica, pero es revolucionaria social y energ\u00e9ticamente. Est\u00e1 convencida de que la arquitectura puede cambiar [&hellip;]<\/p>\n","protected":false},"author":1,"featured_media":26757,"comment_status":"open","ping_status":"open","sticky":false,"template":"","format":"standard","meta":{"site-sidebar-layout":"default","site-content-layout":"","ast-site-content-layout":"default","site-content-style":"default","site-sidebar-style":"default","ast-global-header-display":"","ast-banner-title-visibility":"","ast-main-header-display":"","ast-hfb-above-header-display":"","ast-hfb-below-header-display":"","ast-hfb-mobile-header-display":"","site-post-title":"","ast-breadcrumbs-content":"","ast-featured-img":"","footer-sml-layout":"","theme-transparent-header-meta":"","adv-header-id-meta":"","stick-header-meta":"","header-above-stick-meta":"","header-main-stick-meta":"","header-below-stick-meta":"","astra-migrate-meta-layouts":"default","ast-page-background-enabled":"default","ast-page-background-meta":{"desktop":{"background-color":"var(--ast-global-color-4)","background-image":"","background-repeat":"repeat","background-position":"center center","background-size":"auto","background-attachment":"scroll","background-type":"","background-media":"","overlay-type":"","overlay-color":"","overlay-opacity":"","overlay-gradient":""},"tablet":{"background-color":"","background-image":"","background-repeat":"repeat","background-position":"center center","background-size":"auto","background-attachment":"scroll","background-type":"","background-media":"","overlay-type":"","overlay-color":"","overlay-opacity":"","overlay-gradient":""},"mobile":{"background-color":"","background-image":"","background-repeat":"repeat","background-position":"center center","background-size":"auto","background-attachment":"scroll","background-type":"","background-media":"","overlay-type":"","overlay-color":"","overlay-opacity":"","overlay-gradient":""}},"ast-content-background-meta":{"desktop":{"background-color":"var(--ast-global-color-5)","background-image":"","background-repeat":"repeat","background-position":"center center","background-size":"auto","background-attachment":"scroll","background-type":"","background-media":"","overlay-type":"","overlay-color":"","overlay-opacity":"","overlay-gradient":""},"tablet":{"background-color":"var(--ast-global-color-5)","background-image":"","background-repeat":"repeat","background-position":"center center","background-size":"auto","background-attachment":"scroll","background-type":"","background-media":"","overlay-type":"","overlay-color":"","overlay-opacity":"","overlay-gradient":""},"mobile":{"background-color":"var(--ast-global-color-5)","background-image":"","background-repeat":"repeat","background-position":"center center","background-size":"auto","background-attachment":"scroll","background-type":"","background-media":"","overlay-type":"","overlay-color":"","overlay-opacity":"","overlay-gradient":""}},"footnotes":""},"categories":[8],"tags":[9832,9830,9833,9831],"class_list":["post-26756","post","type-post","status-publish","format-standard","has-post-thumbnail","hentry","category-noticias","tag-amnesia-cultural","tag-anna-heringer","tag-edificios-de-tierra","tag-sociedad-mercantilista"],"_links":{"self":[{"href":"https:\/\/losperiodistas.com.mx\/portal\/wp-json\/wp\/v2\/posts\/26756","targetHints":{"allow":["GET"]}}],"collection":[{"href":"https:\/\/losperiodistas.com.mx\/portal\/wp-json\/wp\/v2\/posts"}],"about":[{"href":"https:\/\/losperiodistas.com.mx\/portal\/wp-json\/wp\/v2\/types\/post"}],"author":[{"embeddable":true,"href":"https:\/\/losperiodistas.com.mx\/portal\/wp-json\/wp\/v2\/users\/1"}],"replies":[{"embeddable":true,"href":"https:\/\/losperiodistas.com.mx\/portal\/wp-json\/wp\/v2\/comments?post=26756"}],"version-history":[{"count":1,"href":"https:\/\/losperiodistas.com.mx\/portal\/wp-json\/wp\/v2\/posts\/26756\/revisions"}],"predecessor-version":[{"id":26758,"href":"https:\/\/losperiodistas.com.mx\/portal\/wp-json\/wp\/v2\/posts\/26756\/revisions\/26758"}],"wp:featuredmedia":[{"embeddable":true,"href":"https:\/\/losperiodistas.com.mx\/portal\/wp-json\/wp\/v2\/media\/26757"}],"wp:attachment":[{"href":"https:\/\/losperiodistas.com.mx\/portal\/wp-json\/wp\/v2\/media?parent=26756"}],"wp:term":[{"taxonomy":"category","embeddable":true,"href":"https:\/\/losperiodistas.com.mx\/portal\/wp-json\/wp\/v2\/categories?post=26756"},{"taxonomy":"post_tag","embeddable":true,"href":"https:\/\/losperiodistas.com.mx\/portal\/wp-json\/wp\/v2\/tags?post=26756"}],"curies":[{"name":"wp","href":"https:\/\/api.w.org\/{rel}","templated":true}]}}