{"id":26080,"date":"2022-04-21T09:36:51","date_gmt":"2022-04-21T14:36:51","guid":{"rendered":"http:\/\/losperiodistas.com.mx\/portal\/?p=26080"},"modified":"2022-04-21T09:36:52","modified_gmt":"2022-04-21T14:36:52","slug":"ayuntamiento-rehabilito-un-parque-mas-en-el-centro-historico-de-puebla","status":"publish","type":"post","link":"https:\/\/losperiodistas.com.mx\/portal\/ayuntamiento-rehabilito-un-parque-mas-en-el-centro-historico-de-puebla\/","title":{"rendered":"Ayuntamiento rehabilit\u00f3 un parque m\u00e1s en el Centro Hist\u00f3rico de Puebla"},"content":{"rendered":"\n<ul class=\"wp-block-list\"><li>En colaboraci\u00f3n con la sociedad civil, se compartir\u00e1 la custodia de Santa In\u00e9s  para mantenerlo bonito y en buen estado.<\/li><\/ul>\n\n\n\n<figure class=\"wp-block-image size-large\"><img fetchpriority=\"high\" decoding=\"async\" width=\"1024\" height=\"682\" src=\"https:\/\/losperiodistas.com.mx\/portal\/wp-content\/uploads\/2022\/04\/WhatsApp-Image-2022-04-21-at-9.29.31-AM-1024x682.jpeg\" alt=\"\" class=\"wp-image-26081\" srcset=\"https:\/\/losperiodistas.com.mx\/portal\/wp-content\/uploads\/2022\/04\/WhatsApp-Image-2022-04-21-at-9.29.31-AM-1024x682.jpeg 1024w, https:\/\/losperiodistas.com.mx\/portal\/wp-content\/uploads\/2022\/04\/WhatsApp-Image-2022-04-21-at-9.29.31-AM-300x200.jpeg 300w, https:\/\/losperiodistas.com.mx\/portal\/wp-content\/uploads\/2022\/04\/WhatsApp-Image-2022-04-21-at-9.29.31-AM-768x512.jpeg 768w, https:\/\/losperiodistas.com.mx\/portal\/wp-content\/uploads\/2022\/04\/WhatsApp-Image-2022-04-21-at-9.29.31-AM.jpeg 1280w\" sizes=\"(max-width: 1024px) 100vw, 1024px\" \/><figcaption>Santa In\u00e9s | Ayuntamiento Puebla<\/figcaption><\/figure>\n\n\n\n<p><\/p>\n\n\n\n<p class=\"has-vivid-cyan-blue-color has-text-color has-medium-font-size\">REDACCI\u00d3N<\/p>\n\n\n\n<p>El Parque de Santa In\u00e9s se renov\u00f3, y con ello, suma otro espacio del Centro Hist\u00f3rico que ahora se puede disfrutar limpio, bonito y seguro, gracias a la rehabilitaci\u00f3n integral que realiz\u00f3 el Ayuntamiento de Puebla, tras una inversi\u00f3n de 1.4 millones de pesos.<\/p>\n\n\n\n<p>As\u00ed, luego de devolverle el color y la vida a este lugar, Eduardo Rivera P\u00e9rez, Presidente Municipal, detall\u00f3 que \u00abno s\u00f3lo se trata de rehabilitar parques, se trata de valorar y conservar nuestra historia y de crear espacios para que las familias poblanas y los turistas los disfruten\u00bb, por lo que continuar\u00e1 el proyecto de rescate de m\u00e1s 150 espacios p\u00fablicos, para tener una \u00abCiudad de 10\u00bb.<\/p>\n\n\n\n<p>En el acto, el edil tambi\u00e9n celebr\u00f3 la colaboraci\u00f3n y compromiso de Jos\u00e9 Luis Escalera Guzm\u00e1n, vecino del Centro Hist\u00f3rico que hoy recibi\u00f3 la custodia del Jard\u00edn de Santa In\u00e9s para mantenerlo bonito y en buen estado.<\/p>\n\n\n\n<p>\u00abComo autoridades requerimos de la corresponsabilidad de los ciudadanos y las ciudadanas, implicados en el amor a su ciudad, en el amor a Puebla\u00bb, expres\u00f3 Berenice Vidal Castel\u00e1n, Gerente del Centro Hist\u00f3rico y Patrimonio Cultural, luego de reconocer que, gracias a la donaci\u00f3n de un plat\u00f3n de cantera por parte de un grupo ciudadano, la Fuente de Santa In\u00e9s hoy se puede apreciar con todos sus elementos art\u00edsticos.<\/p>\n\n\n\n<figure class=\"wp-block-image size-large\"><img decoding=\"async\" width=\"1024\" height=\"682\" src=\"https:\/\/losperiodistas.com.mx\/portal\/wp-content\/uploads\/2022\/04\/WhatsApp-Image-2022-04-21-at-9.29.31-AM-1-1024x682.jpeg\" alt=\"\" class=\"wp-image-26082\" srcset=\"https:\/\/losperiodistas.com.mx\/portal\/wp-content\/uploads\/2022\/04\/WhatsApp-Image-2022-04-21-at-9.29.31-AM-1-1024x682.jpeg 1024w, https:\/\/losperiodistas.com.mx\/portal\/wp-content\/uploads\/2022\/04\/WhatsApp-Image-2022-04-21-at-9.29.31-AM-1-300x200.jpeg 300w, https:\/\/losperiodistas.com.mx\/portal\/wp-content\/uploads\/2022\/04\/WhatsApp-Image-2022-04-21-at-9.29.31-AM-1-768x512.jpeg 768w, https:\/\/losperiodistas.com.mx\/portal\/wp-content\/uploads\/2022\/04\/WhatsApp-Image-2022-04-21-at-9.29.31-AM-1.jpeg 1280w\" sizes=\"(max-width: 1024px) 100vw, 1024px\" \/><figcaption>Ayuntamiento Puebla<\/figcaption><\/figure>\n\n\n\n<p>Entre los trabajos efectuados en Parque de Santa In\u00e9s destaca la colocaci\u00f3n de mil 135 metros cuadrados de loseta de piedra y de 340 piezas de placa de m\u00e1rmol, el retiro de adoqu\u00edn da\u00f1ado, mantenimiento a bancas, la nivelaci\u00f3n de pisos y la instauraci\u00f3n de la escultura \u201cEl Marmolejo afinando su trompeta\u201d, creada por el escultor Sergio Abarca, para conmemorar la tradicional musical del mariachi.<\/p>\n\n\n\n<p>Este acto de entrega de los trabajos de rehabilitaci\u00f3n del Jard\u00edn de Santa In\u00e9s cont\u00f3 con la asistencia de \u00c9dgar V\u00e9lez Tirado, Secretario de Movilidad e Infraestructura; Myriam Arabian Couttolenc, Secretaria de Medio Ambiente; Fernanda Huerta L\u00f3pez, Regidora Presidenta de la Comisi\u00f3n de Infraestructura, Servicios P\u00fablicos y Movilidad; Jos\u00e9 Luis Escalera Guzm\u00e1n, custodio de este espacio; Guillermina Vidal Herrera, Presidenta de Comit\u00e9 Vecinal; Francisco Man\u00ed R\u00edos, representante de la Uni\u00f3n de Mariachis de Santa In\u00e9s.<\/p>\n","protected":false},"excerpt":{"rendered":"<p>En colaboraci\u00f3n con la sociedad civil, se compartir\u00e1 la custodia de Santa In\u00e9s para mantenerlo bonito y en buen estado. [&hellip;]<\/p>\n","protected":false},"author":1,"featured_media":26083,"comment_status":"open","ping_status":"open","sticky":false,"template":"","format":"standard","meta":{"site-sidebar-layout":"default","site-content-layout":"","ast-site-content-layout":"default","site-content-style":"default","site-sidebar-style":"default","ast-global-header-display":"","ast-banner-title-visibility":"","ast-main-header-display":"","ast-hfb-above-header-display":"","ast-hfb-below-header-display":"","ast-hfb-mobile-header-display":"","site-post-title":"","ast-breadcrumbs-content":"","ast-featured-img":"","footer-sml-layout":"","theme-transparent-header-meta":"","adv-header-id-meta":"","stick-header-meta":"","header-above-stick-meta":"","header-main-stick-meta":"","header-below-stick-meta":"","astra-migrate-meta-layouts":"default","ast-page-background-enabled":"default","ast-page-background-meta":{"desktop":{"background-color":"var(--ast-global-color-4)","background-image":"","background-repeat":"repeat","background-position":"center center","background-size":"auto","background-attachment":"scroll","background-type":"","background-media":"","overlay-type":"","overlay-color":"","overlay-opacity":"","overlay-gradient":""},"tablet":{"background-color":"","background-image":"","background-repeat":"repeat","background-position":"center center","background-size":"auto","background-attachment":"scroll","background-type":"","background-media":"","overlay-type":"","overlay-color":"","overlay-opacity":"","overlay-gradient":""},"mobile":{"background-color":"","background-image":"","background-repeat":"repeat","background-position":"center center","background-size":"auto","background-attachment":"scroll","background-type":"","background-media":"","overlay-type":"","overlay-color":"","overlay-opacity":"","overlay-gradient":""}},"ast-content-background-meta":{"desktop":{"background-color":"var(--ast-global-color-5)","background-image":"","background-repeat":"repeat","background-position":"center center","background-size":"auto","background-attachment":"scroll","background-type":"","background-media":"","overlay-type":"","overlay-color":"","overlay-opacity":"","overlay-gradient":""},"tablet":{"background-color":"var(--ast-global-color-5)","background-image":"","background-repeat":"repeat","background-position":"center center","background-size":"auto","background-attachment":"scroll","background-type":"","background-media":"","overlay-type":"","overlay-color":"","overlay-opacity":"","overlay-gradient":""},"mobile":{"background-color":"var(--ast-global-color-5)","background-image":"","background-repeat":"repeat","background-position":"center center","background-size":"auto","background-attachment":"scroll","background-type":"","background-media":"","overlay-type":"","overlay-color":"","overlay-opacity":"","overlay-gradient":""}},"footnotes":""},"categories":[8],"tags":[7279,9658,9657,9659],"class_list":["post-26080","post","type-post","status-publish","format-standard","has-post-thumbnail","hentry","category-noticias","tag-contigoyconrumbo","tag-berenice-vidal","tag-gerencia-centro-historico-puebla","tag-jardin-de-santa-ines"],"_links":{"self":[{"href":"https:\/\/losperiodistas.com.mx\/portal\/wp-json\/wp\/v2\/posts\/26080","targetHints":{"allow":["GET"]}}],"collection":[{"href":"https:\/\/losperiodistas.com.mx\/portal\/wp-json\/wp\/v2\/posts"}],"about":[{"href":"https:\/\/losperiodistas.com.mx\/portal\/wp-json\/wp\/v2\/types\/post"}],"author":[{"embeddable":true,"href":"https:\/\/losperiodistas.com.mx\/portal\/wp-json\/wp\/v2\/users\/1"}],"replies":[{"embeddable":true,"href":"https:\/\/losperiodistas.com.mx\/portal\/wp-json\/wp\/v2\/comments?post=26080"}],"version-history":[{"count":1,"href":"https:\/\/losperiodistas.com.mx\/portal\/wp-json\/wp\/v2\/posts\/26080\/revisions"}],"predecessor-version":[{"id":26084,"href":"https:\/\/losperiodistas.com.mx\/portal\/wp-json\/wp\/v2\/posts\/26080\/revisions\/26084"}],"wp:featuredmedia":[{"embeddable":true,"href":"https:\/\/losperiodistas.com.mx\/portal\/wp-json\/wp\/v2\/media\/26083"}],"wp:attachment":[{"href":"https:\/\/losperiodistas.com.mx\/portal\/wp-json\/wp\/v2\/media?parent=26080"}],"wp:term":[{"taxonomy":"category","embeddable":true,"href":"https:\/\/losperiodistas.com.mx\/portal\/wp-json\/wp\/v2\/categories?post=26080"},{"taxonomy":"post_tag","embeddable":true,"href":"https:\/\/losperiodistas.com.mx\/portal\/wp-json\/wp\/v2\/tags?post=26080"}],"curies":[{"name":"wp","href":"https:\/\/api.w.org\/{rel}","templated":true}]}}