{"id":26077,"date":"2022-04-21T09:13:32","date_gmt":"2022-04-21T14:13:32","guid":{"rendered":"http:\/\/losperiodistas.com.mx\/portal\/?p=26077"},"modified":"2022-04-21T09:13:34","modified_gmt":"2022-04-21T14:13:34","slug":"la-bienal-de-venecia-busca-un-futuro-mejor-en-el-arte-del-pasado-y-el-presente-el-pais","status":"publish","type":"post","link":"https:\/\/losperiodistas.com.mx\/portal\/la-bienal-de-venecia-busca-un-futuro-mejor-en-el-arte-del-pasado-y-el-presente-el-pais\/","title":{"rendered":"La Bienal de Venecia busca un futuro mejor en el arte del pasado y el presente | El Pa\u00eds"},"content":{"rendered":"\n<p><em>La gran cita del arte contempor\u00e1neo reivindica el trabajo de mujeres que se adelantaron a los grandes debates de la actualidad y augura un porvenir lleno de h\u00edbridos con la tecnolog\u00eda y con el resto de especies<\/em><\/p>\n\n\n\n<figure class=\"wp-block-image size-large\"><img fetchpriority=\"high\" decoding=\"async\" width=\"1024\" height=\"683\" src=\"https:\/\/losperiodistas.com.mx\/portal\/wp-content\/uploads\/2022\/04\/JGKKTAHH5PQCXSNI56PCTQEBVU-1024x683.jpeg\" alt=\"\" class=\"wp-image-26078\" srcset=\"https:\/\/losperiodistas.com.mx\/portal\/wp-content\/uploads\/2022\/04\/JGKKTAHH5PQCXSNI56PCTQEBVU-1024x683.jpeg 1024w, https:\/\/losperiodistas.com.mx\/portal\/wp-content\/uploads\/2022\/04\/JGKKTAHH5PQCXSNI56PCTQEBVU-300x200.jpeg 300w, https:\/\/losperiodistas.com.mx\/portal\/wp-content\/uploads\/2022\/04\/JGKKTAHH5PQCXSNI56PCTQEBVU-768x512.jpeg 768w, https:\/\/losperiodistas.com.mx\/portal\/wp-content\/uploads\/2022\/04\/JGKKTAHH5PQCXSNI56PCTQEBVU-1536x1024.jpeg 1536w, https:\/\/losperiodistas.com.mx\/portal\/wp-content\/uploads\/2022\/04\/JGKKTAHH5PQCXSNI56PCTQEBVU.jpeg 1960w\" sizes=\"(max-width: 1024px) 100vw, 1024px\" \/><figcaption>Brick House&#8217; (2019), escultura de la estadounidense Simone Leigh, junto a obras de la cubana Belkis Ay\u00f3n, este martes en el Arsenale de Venecia. VINCENZO PINTO (AFP)<\/figcaption><\/figure>\n\n\n\n<p class=\"has-vivid-cyan-blue-color has-text-color has-medium-font-size\">ALEX VICENTE \/ Venecia \/ EL PA\u00cdS<\/p>\n\n\n\n<p>Hay otros mundos, pero est\u00e1n en este. La cita c\u00e9lebre del poeta surrealista Paul \u00c9luard es el hilo conductor de la nueva edici\u00f3n de la&nbsp;<a href=\"https:\/\/elpais.com\/noticias\/bienal-venecia\/\" target=\"_blank\" rel=\"noreferrer noopener\">Bienal de Venecia<\/a>, que abrir\u00e1 sus puertas al p\u00fablico este s\u00e1bado, con un a\u00f1o de retraso respecto al calendario previsto a causa de la pandemia. La exposici\u00f3n principal de esta bienal, que sigue siendo la cita m\u00e1s importante del arte contempor\u00e1neo m\u00e1s de un siglo despu\u00e9s de su creaci\u00f3n en 1895, plantea otros futuros para la civilizaci\u00f3n en un momento en que las crisis se superponen y ponen en duda su propia supervivencia. La comisaria italiana&nbsp;<a href=\"https:\/\/elpais.com\/cultura\/2022-04-18\/una-bienal-de-venecia-contra-el-ideal-del-hombre-blanco.html\" target=\"_blank\" rel=\"noreferrer noopener\">Cecilia Alemani<\/a>, responsable del programa art\u00edstico de la High Line de Nueva York, enuncia algunas hip\u00f3tesis para alcanzar un porvenir algo m\u00e1s pr\u00f3spero a trav\u00e9s de las obras de 213 artistas de 58 pa\u00edses, que dan cuenta de todos los debates de la actualidad. La mitad de ellos est\u00e1n muertos y&nbsp;<a href=\"https:\/\/elpais.com\/cultura\/2022-04-18\/una-bienal-de-venecia-contra-el-ideal-del-hombre-blanco.html\" target=\"_blank\" rel=\"noreferrer noopener\">el 90% son mujeres<\/a>, el mayor porcentaje en la historia de una bienal que solo logr\u00f3 alcanzar la paridad en su edici\u00f3n de 2019.<\/p>\n\n\n\n<p>No es solo un gesto simb\u00f3lico. Tambi\u00e9n traduce una voluntad de se\u00f1alar a esas mujeres arrinconadas en el canon como visionarias, m\u00e1s l\u00facidas a la hora de rastrear esos mundos posibles que se esconden en el que ya conocemos, tal vez por su propia condici\u00f3n de marginales. Otro aforismo de \u00c9luard rezaba que vivimos en el olvido de nuestras metamorfosis. No es el caso de estas artistas, que se anticiparon a casi todo lo que lleg\u00f3 despu\u00e9s. Al frente de ese grupo est\u00e1&nbsp;<a href=\"https:\/\/elpais.com\/noticias\/leonora-carrington\/\" target=\"_blank\" rel=\"noreferrer noopener\">Leonora Carrington<\/a>, la surrealista brit\u00e1nica exiliada en M\u00e9xico. La exposici\u00f3n lleva el t\u00edtulo de uno de sus libros,&nbsp;<em>The Milk of Dreams<\/em>&nbsp;(Leche de sue\u00f1os), un conjunto de historias sobre seres en transformaci\u00f3n permanente, que conviven pac\u00edficamente con los animales y las m\u00e1quinas. Esa es la primera de las quimeras que Venecia aspira a esbozar. \u201cTom\u00e9 el libro como inspiraci\u00f3n para una muestra que quiere hablar de las transformaciones del presente, de c\u00f3mo nuestros cuerpos cambian bajo la presi\u00f3n de la tecnolog\u00eda y el medio ambiente\u201d, dec\u00eda Alemani al inicio de su exposici\u00f3n.<\/p>\n\n\n\n<figure class=\"wp-block-image\"><img decoding=\"async\" src=\"https:\/\/imagenes.elpais.com\/resizer\/OeRsdMEvOzakraJtQsBmpUxJt5E=\/414x0\/cloudfront-eu-central-1.images.arcpublishing.com\/prisa\/O4Y5RKKVSNGSFBGBSSWGTGQYGM.jpg\" alt=\"'Elephant' (1987), de Katharina Frisch, en el pabell\u00f3n central de los Giardini de Venecia.\"\/><figcaption>&#8216;Elephant&#8217; (1987), de Katharina Frisch, en el pabell\u00f3n central de los Giardini de Venecia.ROBERTO MAROSSI (BIENNALE DI VENEZIA)<\/figcaption><\/figure>\n\n\n\n<p>En pabell\u00f3n central de los Giardini, una escultura de Katharina Fritsch da la bienvenida al visitante. Representa a un elefante a tama\u00f1o natural, solo que colocado sobre un pedestal, como si fuera un l\u00edder militar de otro tiempo. La alemana, que recibir\u00e1 el Le\u00f3n de Oro de esta edici\u00f3n junto a la chilena&nbsp;<a href=\"https:\/\/elpais.com\/cultura\/2020-05-29\/cecilia-vicuna-hay-continuidad-posible-entre-un-sueno-suprimido-y-un-sueno-futuro.html\" target=\"_blank\" rel=\"noreferrer noopener\">Cecilia Vicu\u00f1a<\/a>, defiende que ese paquidermo, que cincel\u00f3 en 1987, es tan digno de elogio, si no m\u00e1s, que cualquier hombre de poder. En salas sucesivas aparecer\u00e1n otras artistas que proponen una inversi\u00f3n parecida de valores. Vicu\u00f1a presenta una instalaci\u00f3n inspirada en la laguna veneciana, donde trozos de cuerdas, pl\u00e1sticos y otros residuos marinos esconden una insospechada delicadeza. Lo feo se vuelve bello, como sucede con las estatuas de cristal de la rumana Andra Ursuta, que parecen haber sobrevivido a una cat\u00e1strofe nuclear.&nbsp;<a href=\"https:\/\/elpais.com\/noticias\/rosemarie-trockel\/\" target=\"_blank\" rel=\"noreferrer noopener\">Rosemarie Trockel<\/a>&nbsp;convierte la m\u00e1s gruesa de las lanas en una serie de lienzos minimalistas, igual que la india&nbsp;<a href=\"https:\/\/www.metmuseum.org\/exhibitions\/listings\/2019\/mrinalini-mukherjee-phenomenal-nature\" target=\"_blank\" rel=\"noreferrer noopener\">Mrinalini Mukherjee<\/a>&nbsp;usa el macram\u00e9 para erigir esculturas colgantes, llenas de pliegues y cavidades que remiten a la anatom\u00eda femenina.<\/p>\n\n\n\n<p>Alemani busca el origen de esos h\u00edbridos imposibles en las mujeres vinculadas al surrealismo y encuentra algunas correspondencias en el arte actual. Por ejemplo,&nbsp;<a href=\"https:\/\/elpais.com\/cultura\/2018\/10\/02\/actualidad\/1538505460_209158.html\" target=\"_blank\" rel=\"noreferrer noopener\">Dorothea Tanning<\/a>&nbsp;retrata a una f\u00e9mina transformada en planta, la propia Carrington a una dama de la alta sociedad que se convierte en ave y&nbsp;<a href=\"https:\/\/elpais.com\/elpais\/2016\/01\/25\/eps\/1453724279_168385.html\" target=\"_blank\" rel=\"noreferrer noopener\">Remedios Varo<\/a>, una de las seis artistas espa\u00f1olas de la muestra, a otra que se transmuta en gato. Por su parte, Jane Graverol, asociada al grupo surrealista belga, pinta a una mujer con esqueleto de m\u00e1quina d\u00e9cadas antes que llegaran las tesis sobre los c\u00edborgs de&nbsp;<a href=\"https:\/\/elpais.com\/cultura\/2020\/02\/18\/babelia\/1582041525_880936.html\" target=\"_blank\" rel=\"noreferrer noopener\">Donna Haraway<\/a>&nbsp;o incluso&nbsp;<a href=\"https:\/\/elpais.com\/cultura\/2021-10-08\/titane-la-palma-de-oro-que-rompe-el-cuerpo.html\" target=\"_blank\" rel=\"noreferrer noopener\"><em>Titane<\/em>, ganadora de la \u00faltima Palma de Oro<\/a>. El recorrido sigue con la reivindicaci\u00f3n de las pr\u00e1cticas ocultistas y la inclusi\u00f3n de nombres como&nbsp;<a href=\"https:\/\/elpais.com\/babelia\/2021-05-29\/abstraccion-con-nombre-de-mujer.html\" target=\"_blank\" rel=\"noreferrer noopener\">Georgiana Houghton, pionera de la abstracci\u00f3n<\/a>&nbsp;en el siglo XIX con sus dibujos guiados por supuestas fuerzas divinas, o&nbsp;<a href=\"https:\/\/elpais.com\/babelia\/2022-01-15\/y-se-hizo-la-luz-sobre-la-ocultura.html\" target=\"_blank\" rel=\"noreferrer noopener\">Josefa Tolr\u00e0<\/a>, una m\u00e9dium del Maresme que dibuj\u00f3 caligramas donde combinaba el espiritismo con la herencia cat\u00f3lica, traumatizada por la muerte de su hijo en la Guerra Civil.<\/p>\n\n\n\n<figure class=\"wp-block-image\"><img decoding=\"async\" src=\"https:\/\/imagenes.elpais.com\/resizer\/XnmKzNmEBSYSh5EHMKytnlkbNfI=\/414x0\/cloudfront-eu-central-1.images.arcpublishing.com\/prisa\/O2YEZDGYFZBWLCJW2O5PNZR264.jpg\" alt=\"Sala dedicada a las mujeres surrealistas, con obras de Leonora Carrington, Dorothea Tanning y Remedios Varo.\"\/><figcaption>Sala dedicada a las mujeres surrealistas, con obras de Leonora Carrington, Dorothea Tanning y Remedios Varo.ROBERTO MAROSSI (BIENNALE DI VENEZIA)<\/figcaption><\/figure>\n\n\n\n<p>Por su parte, la danesa Ovartaci pint\u00f3 criaturas antropom\u00f3rficas mientras estuvo encerrada en un sanatorio y cre\u00f3 maquetas de m\u00e1quinas voladoras para poder escapar de este mundo en direcci\u00f3n a otro un poco mejor. En realidad, la muestra tambi\u00e9n funciona como una historia cultural de la violencia ejercida contra el cuerpo de las mujeres. Recorre su representaci\u00f3n en el arte de las \u00faltimas d\u00e9cadas, de los cuentos malsanos que suelen ser los \u00f3leos de&nbsp;<a href=\"https:\/\/elpais.com\/noticias\/paula-rego\/\" target=\"_blank\" rel=\"noreferrer noopener\">Paula Rego<\/a>&nbsp;a los retratos espectrales de Miriam Cahn o las esculturas fragmentarias de Sara Enrico, Julia Philips o June Crespo, que pueden recordar al tropo surrealista de la mujer desmembrada.<\/p>\n\n\n\n<p>En la otra sede de la Bienal de Venecia, en el Arsenale de la ciudad italiana, Alemani apuesta por otra v\u00eda distinta para encarar el futuro, bastante menos osada que la de la hibridez y el transhumanismo: la supervivencia del planeta pasar\u00e1 necesariamente por el respeto al medio ambiente y sus fr\u00e1giles equilibrios, por volver a conectar con los saberes ancestrales y las tradiciones que el colonialismo casi logr\u00f3 aniquilar. Ese segundo tramo comienza con un di\u00e1logo entre una escultura monumental de&nbsp;<a href=\"https:\/\/elpais.com\/eps\/2022-04-13\/bienal-de-venecia-el-arte-vuelve-a-la-ciudad-ducal.html\" target=\"_blank\" rel=\"noreferrer noopener\">Simone Leigh<\/a>&nbsp;con las obras de la cubana&nbsp;<a href=\"https:\/\/elpais.com\/cultura\/2021-11-16\/los-misterios-de-la-afrocubana-belkis-ayon-se-aduenan-del-museo-reina-sofia.html\" target=\"_blank\" rel=\"noreferrer noopener\">Belkis Ay\u00f3n<\/a>, que comparten el mismo imaginario poscolonial, y sigue con una larga sucesi\u00f3n de obras que actualizan las tradiciones del arte na\u00edf, el&nbsp;<em>folk art<\/em>&nbsp;o incluso el&nbsp;<em>arte povera<\/em>. En su mayor\u00eda, proceden del mundo no occidental, como los mantos vud\u00fa de la haitiana Myrlande Constant o los lienzos elaborados con cable el\u00e9ctrico del et\u00edope Elias Sime.<\/p>\n\n\n\n<figure class=\"wp-block-image\"><img decoding=\"async\" src=\"https:\/\/imagenes.elpais.com\/resizer\/AzH7CzdsmC9U6akzRFdJA-MGPUg=\/414x0\/cloudfront-eu-central-1.images.arcpublishing.com\/prisa\/VOOTDKQUKVDPRCKWQRL6EG5HJY.jpg\" alt=\"En el centro, las tres esculturas de Teresa Solar expuestas en el Arsenale de Venecia, delante de obras de otros artistas.\"\/><figcaption>En el centro, las tres esculturas de Teresa Solar expuestas en el Arsenale de Venecia, delante de obras de otros artistas.ROBERTO MAROSSI (BIENNALE DI VENEZIA)<\/figcaption><\/figure>\n\n\n\n<p>Latinoam\u00e9rica est\u00e1 muy bien representada, gracias a la cer\u00e1mica del argentino Gabriel Chaile, los retratos femeninos en formato acorde\u00f3n de la chilena&nbsp;<a href=\"https:\/\/www.vasquezdelahorra.com\/\" target=\"_blank\" rel=\"noreferrer noopener\">Sandra V\u00e1squez de la Horra<\/a>, un laberinto de tierra, tabaco y caf\u00e9 de la colombiana Delcy Morelos o los \u00f3leos monocromos e inspirados en la naturaleza de la brasile\u00f1a Solange Pessoa. Todo termina en un peculiar jard\u00edn de las delicias firmado por Precious Okoyomon, corrompido por la herencia de la colonizaci\u00f3n y el esclavismo. Aunque, justo antes, la muestra se detenga en la escultura mutante representada por los&nbsp;<em>aliens<\/em>&nbsp;de Marguerite Humeau, las obras giratorias de Monica Al Qadiri, inspiradas en la industria petroqu\u00edmica, o los nuevos trabajos de&nbsp;<a href=\"https:\/\/elpais.com\/cultura\/2022-02-02\/teresa-solar-el-nombre-propio-y-espanol-de-la-bienal-de-venecia.html\" target=\"_blank\" rel=\"noreferrer noopener\">Teresa Solar<\/a>, en los que formas coloristas surgen de otras que parec\u00edan inertes, como cris\u00e1lidas que insin\u00faan que una regeneraci\u00f3n no es imposible, aunque no se vaya a parecer en nada a lo que hemos conocido hasta ahora. Hay otros mundos, y puede que las mujeres artistas los vean mejor.<\/p>\n\n\n\n<h3 class=\"wp-block-heading\">El minimalismo radical (y pol\u00edtico) del pabell\u00f3n espa\u00f1ol<\/h3>\n\n\n\n<figure class=\"wp-block-image\"><img decoding=\"async\" src=\"https:\/\/cloudfront-eu-central-1.images.arcpublishing.com\/prisa\/CONYCGWPGNR36GLPYU4U3R7IJY.jpg\" alt=\"'Correcci\u00f3n', de Ignasi Aball\u00ed, en el pabell\u00f3n espa\u00f1ol en la Bienal de Venecia.\"\/><figcaption>&#8216;Correcci\u00f3n&#8217;, de Ignasi Aball\u00ed, en el pabell\u00f3n espa\u00f1ol en la Bienal de Venecia.<strong>EFE<\/strong><\/figcaption><\/figure>\n\n\n\n<p>El punto de partida del pabell\u00f3n espa\u00f1ol en Venecia es sencillo: hacer girar diez grados este edificio de ladrillo inaugurado en 1922 para alinearlo con los de sus vecinos de B\u00e9lgica y los Pa\u00edses Bajos. Con su proyecto&nbsp;<em>Correcci\u00f3n<\/em>, Ignasi Aball\u00ed ha creado una arquitectura paralela en el interior del pabell\u00f3n, en un tono de blanco ligeramente distinto, lo que provoca un conflicto entre pasado y presente que da como resultado un nuevo espacio h\u00edbrido y algo ominoso, solo apaciguado por la luz del Adri\u00e1tico que entra por las claraboyas.<\/p>\n\n\n\n<p>Este juego de superposiciones tiene una lectura pol\u00edtica \u2014\u201cla oposici\u00f3n entre dos ideolog\u00edas, como puede ser la que es propia de las dos Espa\u00f1as\u201d, confirmaba la comisaria Bea Espejo\u2014, de la que Aball\u00ed no renegaba ayer, en una primera jornada en la que su proyecto despert\u00f3 el inter\u00e9s de una importante galer\u00eda internacional. Se trata de una apuesta radical en dos sentidos. \u201cDe entrada, deja casi vac\u00edo un pabell\u00f3n en una bienal que tiende a la espectacularidad. Tengo la sensaci\u00f3n de que vamos muy a contracorriente\u201d, sosten\u00eda Aball\u00ed sobre el minimalismo que desprende su intervenci\u00f3n.<\/p>\n\n\n\n<p>Por otra parte, aboga por reinventar los espacios obsoletos de estos pabellones centenarios, vestigios de un tiempo donde los nacionalismos hac\u00edan estragos en Europa. \u00bfTiene sentido prolongar la competici\u00f3n art\u00edstica entre pa\u00edses que es la Bienal de Venecia en un tiempo en que la guerra ha vuelto al continente? La comisaria Cecilia Alemani dice ser partidaria de \u201cno cerrarlos, sino de usarlos de manera inteligente, poniendo en duda la herencia inc\u00f3moda de los Estados-naci\u00f3n\u201d. El pabell\u00f3n espa\u00f1ol es el mejor ejemplo de esa l\u00ednea, igual que una intervenci\u00f3n arquitect\u00f3nica relativamente similar de Maria Eichhorn, representante de Alemania, y que los discursos cr\u00edticos con el colonialismo y el esclavismo que contienen los espacios de Francia, Estados Unidos o M\u00e9xico.<\/p>\n\n\n\n<p>Fuente: https:\/\/elpais.com\/cultura\/2022-04-20\/la-bienal-de-venecia-busca-un-futuro-mejor-en-el-arte-del-pasado-y-el-presente.html#?rel=mas<\/p>\n","protected":false},"excerpt":{"rendered":"<p>La gran cita del arte contempor\u00e1neo reivindica el trabajo de mujeres que se adelantaron a los grandes debates de la [&hellip;]<\/p>\n","protected":false},"author":1,"featured_media":26078,"comment_status":"open","ping_status":"open","sticky":false,"template":"","format":"standard","meta":{"site-sidebar-layout":"default","site-content-layout":"","ast-site-content-layout":"default","site-content-style":"default","site-sidebar-style":"default","ast-global-header-display":"","ast-banner-title-visibility":"","ast-main-header-display":"","ast-hfb-above-header-display":"","ast-hfb-below-header-display":"","ast-hfb-mobile-header-display":"","site-post-title":"","ast-breadcrumbs-content":"","ast-featured-img":"","footer-sml-layout":"","theme-transparent-header-meta":"","adv-header-id-meta":"","stick-header-meta":"","header-above-stick-meta":"","header-main-stick-meta":"","header-below-stick-meta":"","astra-migrate-meta-layouts":"default","ast-page-background-enabled":"default","ast-page-background-meta":{"desktop":{"background-color":"var(--ast-global-color-4)","background-image":"","background-repeat":"repeat","background-position":"center center","background-size":"auto","background-attachment":"scroll","background-type":"","background-media":"","overlay-type":"","overlay-color":"","overlay-opacity":"","overlay-gradient":""},"tablet":{"background-color":"","background-image":"","background-repeat":"repeat","background-position":"center center","background-size":"auto","background-attachment":"scroll","background-type":"","background-media":"","overlay-type":"","overlay-color":"","overlay-opacity":"","overlay-gradient":""},"mobile":{"background-color":"","background-image":"","background-repeat":"repeat","background-position":"center center","background-size":"auto","background-attachment":"scroll","background-type":"","background-media":"","overlay-type":"","overlay-color":"","overlay-opacity":"","overlay-gradient":""}},"ast-content-background-meta":{"desktop":{"background-color":"var(--ast-global-color-5)","background-image":"","background-repeat":"repeat","background-position":"center center","background-size":"auto","background-attachment":"scroll","background-type":"","background-media":"","overlay-type":"","overlay-color":"","overlay-opacity":"","overlay-gradient":""},"tablet":{"background-color":"var(--ast-global-color-5)","background-image":"","background-repeat":"repeat","background-position":"center center","background-size":"auto","background-attachment":"scroll","background-type":"","background-media":"","overlay-type":"","overlay-color":"","overlay-opacity":"","overlay-gradient":""},"mobile":{"background-color":"var(--ast-global-color-5)","background-image":"","background-repeat":"repeat","background-position":"center center","background-size":"auto","background-attachment":"scroll","background-type":"","background-media":"","overlay-type":"","overlay-color":"","overlay-opacity":"","overlay-gradient":""}},"footnotes":""},"categories":[8],"tags":[9655,9656],"class_list":["post-26077","post","type-post","status-publish","format-standard","has-post-thumbnail","hentry","category-noticias","tag-bienal-de-venecia-2022","tag-cecilia-alemani"],"_links":{"self":[{"href":"https:\/\/losperiodistas.com.mx\/portal\/wp-json\/wp\/v2\/posts\/26077","targetHints":{"allow":["GET"]}}],"collection":[{"href":"https:\/\/losperiodistas.com.mx\/portal\/wp-json\/wp\/v2\/posts"}],"about":[{"href":"https:\/\/losperiodistas.com.mx\/portal\/wp-json\/wp\/v2\/types\/post"}],"author":[{"embeddable":true,"href":"https:\/\/losperiodistas.com.mx\/portal\/wp-json\/wp\/v2\/users\/1"}],"replies":[{"embeddable":true,"href":"https:\/\/losperiodistas.com.mx\/portal\/wp-json\/wp\/v2\/comments?post=26077"}],"version-history":[{"count":1,"href":"https:\/\/losperiodistas.com.mx\/portal\/wp-json\/wp\/v2\/posts\/26077\/revisions"}],"predecessor-version":[{"id":26079,"href":"https:\/\/losperiodistas.com.mx\/portal\/wp-json\/wp\/v2\/posts\/26077\/revisions\/26079"}],"wp:featuredmedia":[{"embeddable":true,"href":"https:\/\/losperiodistas.com.mx\/portal\/wp-json\/wp\/v2\/media\/26078"}],"wp:attachment":[{"href":"https:\/\/losperiodistas.com.mx\/portal\/wp-json\/wp\/v2\/media?parent=26077"}],"wp:term":[{"taxonomy":"category","embeddable":true,"href":"https:\/\/losperiodistas.com.mx\/portal\/wp-json\/wp\/v2\/categories?post=26077"},{"taxonomy":"post_tag","embeddable":true,"href":"https:\/\/losperiodistas.com.mx\/portal\/wp-json\/wp\/v2\/tags?post=26077"}],"curies":[{"name":"wp","href":"https:\/\/api.w.org\/{rel}","templated":true}]}}