{"id":26069,"date":"2022-04-21T06:51:02","date_gmt":"2022-04-21T11:51:02","guid":{"rendered":"http:\/\/losperiodistas.com.mx\/portal\/?p=26069"},"modified":"2022-04-21T06:51:04","modified_gmt":"2022-04-21T11:51:04","slug":"presion-humana-ha-reducido-a-la-mitad-las-poblaciones-de-insectos-en-algunas-zonas-segun-estudio-dw","status":"publish","type":"post","link":"https:\/\/losperiodistas.com.mx\/portal\/presion-humana-ha-reducido-a-la-mitad-las-poblaciones-de-insectos-en-algunas-zonas-segun-estudio-dw\/","title":{"rendered":"Presi\u00f3n humana ha reducido \u00aba la mitad\u00bb las poblaciones de insectos en algunas zonas, seg\u00fan estudio | DW"},"content":{"rendered":"\n<p>\u00abNuestros hallazgos pueden representar solo la punta del iceberg\u00bb: los insectos que mantienen el mundo <em>en funcionamiento polinizando las plantas y sosteniendo las cadenas alimentarias se enfrentan a graves riesgos.<\/em><\/p>\n\n\n\n<figure class=\"wp-block-image size-full\"><img fetchpriority=\"high\" decoding=\"async\" width=\"700\" height=\"394\" src=\"https:\/\/losperiodistas.com.mx\/portal\/wp-content\/uploads\/2022\/04\/61529206_303.jpeg\" alt=\"\" class=\"wp-image-26070\" srcset=\"https:\/\/losperiodistas.com.mx\/portal\/wp-content\/uploads\/2022\/04\/61529206_303.jpeg 700w, https:\/\/losperiodistas.com.mx\/portal\/wp-content\/uploads\/2022\/04\/61529206_303-300x169.jpeg 300w\" sizes=\"(max-width: 700px) 100vw, 700px\" \/><figcaption>Los cient\u00edficos comprobaron que los insectos polinizadores son especialmente vulnerables a la expansi\u00f3n agr\u00edcola.<\/figcaption><\/figure>\n\n\n\n<p class=\"has-vivid-cyan-blue-color has-text-color has-medium-font-size\">DW<\/p>\n\n\n\n<p>El cambio clim\u00e1tico y el uso intensivo de la tierra para la agricultura ya han sido responsables de una reducci\u00f3n del 49 % del n\u00famero de insectos en las zonas m\u00e1s afectadas del mundo, seg\u00fan un estudio del University College London (UCL).<\/p>\n\n\n\n<p>El estudio,&nbsp;<a href=\"https:\/\/www.nature.com\/articles\/s41586-022-04644-x\" target=\"_blank\" rel=\"noreferrer noopener\">publicado en&nbsp;<em>Nature,<\/em><\/a>&nbsp;es el primero en identificar que la interacci\u00f3n entre el aumento de las temperaturas y los cambios en el uso del suelo est\u00e1 provocando p\u00e9rdidas generalizadas en numerosos grupos de insectos en todo el mundo, afirman los autores.<\/p>\n\n\n\n<p>\u00abMuchos insectos parecen ser muy vulnerables a las presiones humanas, lo que resulta preocupante a medida que el cambio clim\u00e1tico se agrava y las zonas agr\u00edcolas siguen expandi\u00e9ndose\u00bb,&nbsp;<a href=\"https:\/\/www.ucl.ac.uk\/news\/2022\/apr\/warming-climate-and-agriculture-halve-insect-populations-some-areas\" target=\"_blank\" rel=\"noreferrer noopener\">se\u00f1ala en un comunicado Charlie Outhwaite, de la UCL.<\/a><\/p>\n\n\n\n<h2 class=\"wp-block-heading\"><strong>\u00abAdoptar medidas para preservar los h\u00e1bitats naturales\u00bb<\/strong><\/h2>\n\n\n\n<p>Seg\u00fan la investigadora, las conclusiones de este trabajo ponen de manifiesto \u00abla urgencia de adoptar medidas para preservar los h\u00e1bitats naturales, frenar la expansi\u00f3n de la agricultura de alta intensidad y reducir las emisiones para mitigar el cambio clim\u00e1tico\u00bb.&nbsp;<\/p>\n\n\n\n<p>La p\u00e9rdida de poblaciones de insectos podr\u00eda ser perjudicial no solo para el medioambiente natural, donde los insectos a menudo desempe\u00f1an funciones clave en los ecosistemas locales, sino que tambi\u00e9n podr\u00eda perjudicar a la salud humana y la seguridad alimentaria, en particular con la p\u00e9rdida de polinizadores.<\/p>\n\n\n\n<figure class=\"wp-block-embed is-type-rich is-provider-twitter wp-block-embed-twitter\"><div class=\"wp-block-embed__wrapper\">\n<blockquote class=\"twitter-tweet\" data-width=\"500\" data-dnt=\"true\"><p lang=\"en\" dir=\"ltr\">Climate change and intensive agricultural land use have already been responsible for a 49% reduction in the number of insects in the most impacted parts of the world, finds a new <a href=\"https:\/\/twitter.com\/Nature?ref_src=twsrc%5Etfw\">@Nature<\/a> paper led by Dr <a href=\"https:\/\/twitter.com\/CharlieLouO?ref_src=twsrc%5Etfw\">@CharlieLouO<\/a> &amp; Dr <a href=\"https:\/\/twitter.com\/tnewbold31?ref_src=twsrc%5Etfw\">@tnewbold31<\/a> <a href=\"https:\/\/twitter.com\/UCLCBER?ref_src=twsrc%5Etfw\">@UCLCBER<\/a> <a href=\"https:\/\/t.co\/AJFc8grhdY\">https:\/\/t.co\/AJFc8grhdY<\/a> <a href=\"https:\/\/t.co\/IPKqszQcQf\">pic.twitter.com\/IPKqszQcQf<\/a><\/p>&mdash; UCL News (@uclnews) <a href=\"https:\/\/twitter.com\/uclnews\/status\/1516802037853343746?ref_src=twsrc%5Etfw\">April 20, 2022<\/a><\/blockquote><script async src=\"https:\/\/platform.twitter.com\/widgets.js\" charset=\"utf-8\"><\/script>\n<\/div><\/figure>\n\n\n\n<p>\u00abNuestros hallazgos pueden representar solo la punta del iceberg, ya que hay pruebas limitadas en algunas \u00e1reas, en particular en los tr\u00f3picos, que encontramos que tienen reducciones bastante altas en la biodiversidad de insectos en las \u00e1reas m\u00e1s impactadas\u00bb.<\/p>\n\n\n\n<h2 class=\"wp-block-heading\"><strong>Datos de m\u00e1s de 6.000 lugares diferentes de todo el mundo<\/strong><\/h2>\n\n\n\n<p>Para llegar a sus conclusiones, los investigadores combinaron datos sobre cambios de temperatura y de uso del suelo con datos sobre la biodiversidad de los insectos en m\u00e1s de 6.000 lugares diferentes de todo el mundo, por un per\u00edodo de 20 a\u00f1os.<\/p>\n\n\n\n<p>Descubrieron que, en aquellas con una agricultura de alta intensidad y un calentamiento clim\u00e1tico considerable, el n\u00famero de insectos era un 49 % menor que en los h\u00e1bitats m\u00e1s naturales sin calentamiento clim\u00e1tico registrado, mientras que el n\u00famero de especies diferentes era un 29 % menor.&nbsp;<\/p>\n\n\n\n<p>Las zonas tropicales registraron los mayores descensos de la biodiversidad de insectos relacionados con el uso del suelo y el cambio clim\u00e1tico.<\/p>\n\n\n\n<h2 class=\"wp-block-heading\"><strong>Mejor escenario: agricultura de baja intensidad y menor impacto de calentamiento clim\u00e1tico&nbsp;<\/strong><\/h2>\n\n\n\n<p>Descubrieron que, en las zonas con una agricultura de baja intensidad y un calentamiento clim\u00e1tico considerable, el hecho de tener un h\u00e1bitat natural cercano amortiguaba las p\u00e9rdidas.<\/p>\n\n\n\n<p>Cuando el 75 % del terreno estaba cubierto por un h\u00e1bitat natural, la abundancia de insectos solo disminuy\u00f3 un 7 %, frente a una reducci\u00f3n del 63 % en zonas comparables con solo un 25 % de cobertura de h\u00e1bitat natural.&nbsp;<\/p>\n\n\n\n<p>Muchos insectos dependen de las plantas para obtener sombra en los d\u00edas calurosos, por lo que la p\u00e9rdida de h\u00e1bitats naturales podr\u00eda hacerlos m\u00e1s vulnerables al calentamiento del clima, explica la UCL.<\/p>\n\n\n\n<p>Los investigadores afirman que el declive de los insectos debido a la influencia humana puede ser incluso mayor de lo que sugieren sus resultados, ya que muchas zonas con un largo historial de impactos humanos ya habr\u00edan sufrido p\u00e9rdidas de biodiversidad antes del inicio del per\u00edodo de estudio.<\/p>\n\n\n\n<p>Adem\u00e1s, el trabajo tampoco tuvo en cuenta los efectos de otros factores como la contaminaci\u00f3n.<\/p>\n\n\n\n<p>Los cient\u00edficos comprobaron adem\u00e1s que los insectos polinizadores son especialmente vulnerables a la expansi\u00f3n agr\u00edcola, ya que parecen ser m\u00e1s de un 70 % menos abundantes en las tierras de cultivo de alta intensidad en comparaci\u00f3n con los lugares silvestres.&nbsp;<\/p>\n\n\n\n<p>FEW (EFE, University College London,\u00a0<em>Nature<\/em>)<\/p>\n\n\n\n<p>Fuente: https:\/\/www.dw.com\/es\/presi%C3%B3n-humana-ha-reducido-a-la-mitad-las-poblaciones-de-insectos-en-algunas-zonas-seg%C3%BAn-estudio\/a-61529156<\/p>\n","protected":false},"excerpt":{"rendered":"<p>\u00abNuestros hallazgos pueden representar solo la punta del iceberg\u00bb: los insectos que mantienen el mundo en funcionamiento polinizando las plantas [&hellip;]<\/p>\n","protected":false},"author":1,"featured_media":26070,"comment_status":"open","ping_status":"open","sticky":false,"template":"","format":"standard","meta":{"site-sidebar-layout":"default","site-content-layout":"","ast-site-content-layout":"default","site-content-style":"default","site-sidebar-style":"default","ast-global-header-display":"","ast-banner-title-visibility":"","ast-main-header-display":"","ast-hfb-above-header-display":"","ast-hfb-below-header-display":"","ast-hfb-mobile-header-display":"","site-post-title":"","ast-breadcrumbs-content":"","ast-featured-img":"","footer-sml-layout":"","theme-transparent-header-meta":"","adv-header-id-meta":"","stick-header-meta":"","header-above-stick-meta":"","header-main-stick-meta":"","header-below-stick-meta":"","astra-migrate-meta-layouts":"default","ast-page-background-enabled":"default","ast-page-background-meta":{"desktop":{"background-color":"var(--ast-global-color-4)","background-image":"","background-repeat":"repeat","background-position":"center center","background-size":"auto","background-attachment":"scroll","background-type":"","background-media":"","overlay-type":"","overlay-color":"","overlay-opacity":"","overlay-gradient":""},"tablet":{"background-color":"","background-image":"","background-repeat":"repeat","background-position":"center center","background-size":"auto","background-attachment":"scroll","background-type":"","background-media":"","overlay-type":"","overlay-color":"","overlay-opacity":"","overlay-gradient":""},"mobile":{"background-color":"","background-image":"","background-repeat":"repeat","background-position":"center center","background-size":"auto","background-attachment":"scroll","background-type":"","background-media":"","overlay-type":"","overlay-color":"","overlay-opacity":"","overlay-gradient":""}},"ast-content-background-meta":{"desktop":{"background-color":"var(--ast-global-color-5)","background-image":"","background-repeat":"repeat","background-position":"center center","background-size":"auto","background-attachment":"scroll","background-type":"","background-media":"","overlay-type":"","overlay-color":"","overlay-opacity":"","overlay-gradient":""},"tablet":{"background-color":"var(--ast-global-color-5)","background-image":"","background-repeat":"repeat","background-position":"center center","background-size":"auto","background-attachment":"scroll","background-type":"","background-media":"","overlay-type":"","overlay-color":"","overlay-opacity":"","overlay-gradient":""},"mobile":{"background-color":"var(--ast-global-color-5)","background-image":"","background-repeat":"repeat","background-position":"center center","background-size":"auto","background-attachment":"scroll","background-type":"","background-media":"","overlay-type":"","overlay-color":"","overlay-opacity":"","overlay-gradient":""}},"footnotes":""},"categories":[8],"tags":[176,9654],"class_list":["post-26069","post","type-post","status-publish","format-standard","has-post-thumbnail","hentry","category-noticias","tag-cambio-climatico","tag-insectos"],"_links":{"self":[{"href":"https:\/\/losperiodistas.com.mx\/portal\/wp-json\/wp\/v2\/posts\/26069","targetHints":{"allow":["GET"]}}],"collection":[{"href":"https:\/\/losperiodistas.com.mx\/portal\/wp-json\/wp\/v2\/posts"}],"about":[{"href":"https:\/\/losperiodistas.com.mx\/portal\/wp-json\/wp\/v2\/types\/post"}],"author":[{"embeddable":true,"href":"https:\/\/losperiodistas.com.mx\/portal\/wp-json\/wp\/v2\/users\/1"}],"replies":[{"embeddable":true,"href":"https:\/\/losperiodistas.com.mx\/portal\/wp-json\/wp\/v2\/comments?post=26069"}],"version-history":[{"count":1,"href":"https:\/\/losperiodistas.com.mx\/portal\/wp-json\/wp\/v2\/posts\/26069\/revisions"}],"predecessor-version":[{"id":26071,"href":"https:\/\/losperiodistas.com.mx\/portal\/wp-json\/wp\/v2\/posts\/26069\/revisions\/26071"}],"wp:featuredmedia":[{"embeddable":true,"href":"https:\/\/losperiodistas.com.mx\/portal\/wp-json\/wp\/v2\/media\/26070"}],"wp:attachment":[{"href":"https:\/\/losperiodistas.com.mx\/portal\/wp-json\/wp\/v2\/media?parent=26069"}],"wp:term":[{"taxonomy":"category","embeddable":true,"href":"https:\/\/losperiodistas.com.mx\/portal\/wp-json\/wp\/v2\/categories?post=26069"},{"taxonomy":"post_tag","embeddable":true,"href":"https:\/\/losperiodistas.com.mx\/portal\/wp-json\/wp\/v2\/tags?post=26069"}],"curies":[{"name":"wp","href":"https:\/\/api.w.org\/{rel}","templated":true}]}}