{"id":26063,"date":"2022-04-21T06:11:26","date_gmt":"2022-04-21T11:11:26","guid":{"rendered":"http:\/\/losperiodistas.com.mx\/portal\/?p=26063"},"modified":"2022-04-21T06:11:28","modified_gmt":"2022-04-21T11:11:28","slug":"rusia-asegura-que-ha-tomado-el-control-de-mariupol-cope","status":"publish","type":"post","link":"https:\/\/losperiodistas.com.mx\/portal\/rusia-asegura-que-ha-tomado-el-control-de-mariupol-cope\/","title":{"rendered":"Rusia asegura que ha tomado el control de Mariupol | Cope"},"content":{"rendered":"\n<p><em>La toma de control de la ciudad, una de las m\u00e1s asediadas desde que comenz\u00f3 la guerra, ser\u00eda total salvo la planta acerera de Azovstal<\/em><\/p>\n\n\n\n<figure class=\"wp-block-image size-full\"><img fetchpriority=\"high\" decoding=\"async\" width=\"976\" height=\"669\" src=\"https:\/\/losperiodistas.com.mx\/portal\/wp-content\/uploads\/2022\/04\/1650528799204.jpeg\" alt=\"\" class=\"wp-image-26064\" srcset=\"https:\/\/losperiodistas.com.mx\/portal\/wp-content\/uploads\/2022\/04\/1650528799204.jpeg 976w, https:\/\/losperiodistas.com.mx\/portal\/wp-content\/uploads\/2022\/04\/1650528799204-300x206.jpeg 300w, https:\/\/losperiodistas.com.mx\/portal\/wp-content\/uploads\/2022\/04\/1650528799204-768x526.jpeg 768w\" sizes=\"(max-width: 976px) 100vw, 976px\" \/><\/figure>\n\n\n\n<p><\/p>\n\n\n\n<p class=\"has-vivid-cyan-blue-color has-text-color has-medium-font-size\">CADENA COPE<\/p>\n\n\n\n<p>El gobierno ruso asegura haber tomado el control de la ciudad de Mariupol despu\u00e9s de varias semanas de intenso combate y bombardeos contra la poblaci\u00f3n civil. Los pocos ucranianos que resisten se encuentran refugiados en la planta acerera de Azovstal y ped\u00edan ser rescatados antes de una derrota que ve\u00edan inevitable.<\/p>\n\n\n\n<h2 class=\"wp-block-heading\">Putin ordena suspender la ofensiva rusa contra la acer\u00eda Azovstal<\/h2>\n\n\n\n<p>El presidente de Rusia, Vladimir Putin, ha ordenado este jueves suspender la ofensiva en la acer\u00eda Azovstal, uno de los escasos puntos de resistencia que quedan en la ciudad ucraniana de Mari\u00fapol (sureste), cercada y atacada por fuerzas rusas y separatistas ucranianas desde hace varias semanas.<\/p>\n\n\n\n<p>\u00abConsidero inapropiada la orden de irrumpir en la zona industrial y ordeno que se cancele\u00bb, ha manifestado durante una reuni\u00f3n con el ministro de Defensa ruso, Sergei Shoigu, antes de argumentar que es necesario pensar en \u00absalvar la vida y la salud de los soldados y oficiales\u00bb, seg\u00fan ha informado la agencia rusa de noticias Interfax.<\/p>\n\n\n\n<p>As\u00ed, ha manifestado que \u00abno hay necesidad de entrar en estas catacumbas e ir bajo tierra en instalaciones industriales\u00bb, al tiempo que ha ofrecido a las fuerzas ucranianas que \u00abentreguen las armas\u00bb. \u00abRusia garantiza su vida y un tratamiento decente, en l\u00ednea con las leyes internacionales\u00bb, ha subrayado, antes de incidir en que la zona permanecer\u00e1 bloqueada para que estas fuerzas no puedan escapar del lugar.<\/p>\n\n\n\n<p>Por su parte, Shoigu ha se\u00f1alado que alrededor de 2.000 integrantes de las fuerzas ucranianas se encuentran en la central metal\u00fargica, mientras que Putin ha incidido en que las operaciones para \u00abliberar\u00bb Mari\u00fapol \u00abson un \u00e9xito\u00bb. \u00abLe felicito\u00bb, ha trasladado el presidente a su ministro de Defensa.about:blank<\/p>\n\n\n\n<p>Las fuerzas de la autoproclamada Rep\u00fablica Popular de Donetsk anunciaron el martes el inicio de una ofensiva contra la acer\u00eda Azovstal despu\u00e9s de que Rusia afirmara que las fuerzas ucranianas se encontraban cercadas en las instalaciones. Tras ello, Mosc\u00fa ofreci\u00f3 a las fuerzas ucranianas deponer las armas y entregarse, lo que ha sido rechazado por el comandante adjunto del Batall\u00f3n Azov &#8211;un grupo armado neonazi integrado en las fuerzas de seguridad ucranianas que se encarga de la defensa de Azovstal&#8211;, Sviatoslav Kalyna Palamar.<\/p>\n\n\n\n<p>Por su parte, David Arajamia y Mijailo Podoliak, miembros de la delegaci\u00f3n negociadora ucraniana, han mostrado en las \u00faltimas horas la disposici\u00f3n de Kiev a enviar un equipo negociador a la ciudad para mantener conversaciones con la parte rusa con el objetivo de evacuar civiles y personal militar de Mari\u00fapol.<\/p>\n\n\n\n<p>El vicealcalde de la ciudad, Sergei Orlov, alert\u00f3 el mi\u00e9rcoles en declaraciones concedidas a la cadena de televisi\u00f3n brit\u00e1nica BBC de que hay \u00abmuchos\u00bb civiles refugiados en la acer\u00eda Azovstal. \u00abCarecen absolutamente de todo. Carecen de agua, comida, medicinas y ayuda. Rusia bloquea absolutamente todo, cualquier ayuda humanitaria o evacuaci\u00f3n\u00bb, denunci\u00f3.<\/p>\n\n\n\n<p>Fuente: https:\/\/www.cope.es\/actualidad\/internacional\/noticias\/rusia-afirma-que-tomado-control-mariupol-20220421_2038063<\/p>\n","protected":false},"excerpt":{"rendered":"<p>La toma de control de la ciudad, una de las m\u00e1s asediadas desde que comenz\u00f3 la guerra, ser\u00eda total salvo [&hellip;]<\/p>\n","protected":false},"author":1,"featured_media":26064,"comment_status":"open","ping_status":"open","sticky":false,"template":"","format":"standard","meta":{"site-sidebar-layout":"default","site-content-layout":"","ast-site-content-layout":"default","site-content-style":"default","site-sidebar-style":"default","ast-global-header-display":"","ast-banner-title-visibility":"","ast-main-header-display":"","ast-hfb-above-header-display":"","ast-hfb-below-header-display":"","ast-hfb-mobile-header-display":"","site-post-title":"","ast-breadcrumbs-content":"","ast-featured-img":"","footer-sml-layout":"","theme-transparent-header-meta":"","adv-header-id-meta":"","stick-header-meta":"","header-above-stick-meta":"","header-main-stick-meta":"","header-below-stick-meta":"","astra-migrate-meta-layouts":"default","ast-page-background-enabled":"default","ast-page-background-meta":{"desktop":{"background-color":"var(--ast-global-color-4)","background-image":"","background-repeat":"repeat","background-position":"center center","background-size":"auto","background-attachment":"scroll","background-type":"","background-media":"","overlay-type":"","overlay-color":"","overlay-opacity":"","overlay-gradient":""},"tablet":{"background-color":"","background-image":"","background-repeat":"repeat","background-position":"center center","background-size":"auto","background-attachment":"scroll","background-type":"","background-media":"","overlay-type":"","overlay-color":"","overlay-opacity":"","overlay-gradient":""},"mobile":{"background-color":"","background-image":"","background-repeat":"repeat","background-position":"center center","background-size":"auto","background-attachment":"scroll","background-type":"","background-media":"","overlay-type":"","overlay-color":"","overlay-opacity":"","overlay-gradient":""}},"ast-content-background-meta":{"desktop":{"background-color":"var(--ast-global-color-5)","background-image":"","background-repeat":"repeat","background-position":"center center","background-size":"auto","background-attachment":"scroll","background-type":"","background-media":"","overlay-type":"","overlay-color":"","overlay-opacity":"","overlay-gradient":""},"tablet":{"background-color":"var(--ast-global-color-5)","background-image":"","background-repeat":"repeat","background-position":"center center","background-size":"auto","background-attachment":"scroll","background-type":"","background-media":"","overlay-type":"","overlay-color":"","overlay-opacity":"","overlay-gradient":""},"mobile":{"background-color":"var(--ast-global-color-5)","background-image":"","background-repeat":"repeat","background-position":"center center","background-size":"auto","background-attachment":"scroll","background-type":"","background-media":"","overlay-type":"","overlay-color":"","overlay-opacity":"","overlay-gradient":""}},"footnotes":""},"categories":[8],"tags":[8046,8699],"class_list":["post-26063","post","type-post","status-publish","format-standard","has-post-thumbnail","hentry","category-noticias","tag-guerra-ucrania","tag-mariupol"],"_links":{"self":[{"href":"https:\/\/losperiodistas.com.mx\/portal\/wp-json\/wp\/v2\/posts\/26063","targetHints":{"allow":["GET"]}}],"collection":[{"href":"https:\/\/losperiodistas.com.mx\/portal\/wp-json\/wp\/v2\/posts"}],"about":[{"href":"https:\/\/losperiodistas.com.mx\/portal\/wp-json\/wp\/v2\/types\/post"}],"author":[{"embeddable":true,"href":"https:\/\/losperiodistas.com.mx\/portal\/wp-json\/wp\/v2\/users\/1"}],"replies":[{"embeddable":true,"href":"https:\/\/losperiodistas.com.mx\/portal\/wp-json\/wp\/v2\/comments?post=26063"}],"version-history":[{"count":1,"href":"https:\/\/losperiodistas.com.mx\/portal\/wp-json\/wp\/v2\/posts\/26063\/revisions"}],"predecessor-version":[{"id":26065,"href":"https:\/\/losperiodistas.com.mx\/portal\/wp-json\/wp\/v2\/posts\/26063\/revisions\/26065"}],"wp:featuredmedia":[{"embeddable":true,"href":"https:\/\/losperiodistas.com.mx\/portal\/wp-json\/wp\/v2\/media\/26064"}],"wp:attachment":[{"href":"https:\/\/losperiodistas.com.mx\/portal\/wp-json\/wp\/v2\/media?parent=26063"}],"wp:term":[{"taxonomy":"category","embeddable":true,"href":"https:\/\/losperiodistas.com.mx\/portal\/wp-json\/wp\/v2\/categories?post=26063"},{"taxonomy":"post_tag","embeddable":true,"href":"https:\/\/losperiodistas.com.mx\/portal\/wp-json\/wp\/v2\/tags?post=26063"}],"curies":[{"name":"wp","href":"https:\/\/api.w.org\/{rel}","templated":true}]}}