{"id":26040,"date":"2022-04-21T04:49:44","date_gmt":"2022-04-21T09:49:44","guid":{"rendered":"http:\/\/losperiodistas.com.mx\/portal\/?p=26040"},"modified":"2022-04-21T04:49:46","modified_gmt":"2022-04-21T09:49:46","slug":"chidiac-levanta-la-mano-para-competir-por-la-alcaldia-de-puebla-en-2024-oem","status":"publish","type":"post","link":"https:\/\/losperiodistas.com.mx\/portal\/chidiac-levanta-la-mano-para-competir-por-la-alcaldia-de-puebla-en-2024-oem\/","title":{"rendered":"Chidiac levanta la mano para competir por la alcald\u00eda de Puebla en 2024 | OEM"},"content":{"rendered":"\n<p><em>El coordinador del PRI en el Congreso opin\u00f3 que la diputada federal Blanca Alcal\u00e1 ser\u00eda una extraordinaria candidata a la gubernatura<\/em><\/p>\n\n\n\n<figure class=\"wp-block-image size-large\"><img fetchpriority=\"high\" decoding=\"async\" width=\"1024\" height=\"730\" src=\"https:\/\/losperiodistas.com.mx\/portal\/wp-content\/uploads\/2022\/04\/Captura-de-Pantalla-2022-04-21-a-las-4.45.54-1024x730.jpg\" alt=\"\" class=\"wp-image-26041\" srcset=\"https:\/\/losperiodistas.com.mx\/portal\/wp-content\/uploads\/2022\/04\/Captura-de-Pantalla-2022-04-21-a-las-4.45.54-1024x730.jpg 1024w, https:\/\/losperiodistas.com.mx\/portal\/wp-content\/uploads\/2022\/04\/Captura-de-Pantalla-2022-04-21-a-las-4.45.54-300x214.jpg 300w, https:\/\/losperiodistas.com.mx\/portal\/wp-content\/uploads\/2022\/04\/Captura-de-Pantalla-2022-04-21-a-las-4.45.54-768x548.jpg 768w, https:\/\/losperiodistas.com.mx\/portal\/wp-content\/uploads\/2022\/04\/Captura-de-Pantalla-2022-04-21-a-las-4.45.54.jpg 1498w\" sizes=\"(max-width: 1024px) 100vw, 1024px\" \/><\/figure>\n\n\n\n<p><\/p>\n\n\n\n<p class=\"has-vivid-cyan-blue-color has-text-color has-medium-font-size\">BEENICE MART\u00cdNEZ \/ EL SOL DE PUEBLA<\/p>\n\n\n\n<p>El coordinador del PRI en el Congreso del Estado,&nbsp;<strong>Jorge Estefan Chidiac<\/strong>, levant\u00f3 la mano para competir por la presidencia municipal de Puebla en 2024 y aclar\u00f3 que<strong>&nbsp;los priistas no quieren impulsar a Eduardo Rivera P\u00e9rez&nbsp;<\/strong>a la gubernatura, pero s\u00ed a&nbsp;<strong>Blanca Alcal\u00e1 Rui<\/strong>z, quien ser\u00eda una extraordinaria candidata.<\/p>\n\n\n\n<p><strong><em>\u201cClaro que s\u00ed, todos quieren competir por la alcald\u00eda. Nosotros no queremos impulsar a Eduardo Rivera que les quede claro. Eduardo Rivera es nuestro aliado, gan\u00f3 la alcald\u00eda junto con el PRI, el PRD y otros partidos, pero hay que recordar que \u00e9l es panista, el PRI tiene a sus propios aspirantes\u201d<\/em><\/strong>, dijo.<\/p>\n\n\n\n<p>En entrevista, el diputado loca<strong>l declar\u00f3 que su partido tiene aspirantes<\/strong>\u00a0y que no necesariamente el PAN encabezar\u00e1 la posible coalici\u00f3n que se d\u00e9 en Puebla para el 2024, ya que habr\u00e1 elecciones en 16 estados y se renovar\u00e1 la presidencia de la Rep\u00fablica y \u201cni modo que todo se lo lleve el PAN\u201d.<\/p>\n\n\n\n<p>Asegur\u00f3 que&nbsp;<strong>nada est\u00e1 definido y en su caso no ceder\u00eda su candidatura a nadie<\/strong>, ya que se trata de ganarle a Morena y quien tenga las mejores condiciones ser\u00e1 designado, pues nadie es due\u00f1o de las candidaturas.<\/p>\n\n\n\n<p>Si no es Eduardo Rivera el pr\u00f3ximo candidato a gobernador<strong>, Chidiac opin\u00f3 que la diputada federal Blanca Alcal\u00e1 ser\u00eda una extraordinaria candidata<\/strong>, igual que \u00e9l, el dirigente estatal y diputado local N\u00e9stor Camarillo Medina, los diputados federales L\u00e1zaro Jim\u00e9nez Aquino y Javier Casique Z\u00e1rate, la exsenadora Lucero Salda\u00f1a P\u00e9rez y todos los militantes que actualmente tienen un cargo.<\/p>\n\n\n\n<p>Fuente: https:\/\/www.elsoldepuebla.com.mx\/local\/chidiac-levanta-la-mano-para-competir-por-la-alcaldia-de-puebla-en-2024-8167738.html<\/p>\n","protected":false},"excerpt":{"rendered":"<p>El coordinador del PRI en el Congreso opin\u00f3 que la diputada federal Blanca Alcal\u00e1 ser\u00eda una extraordinaria candidata a la [&hellip;]<\/p>\n","protected":false},"author":1,"featured_media":26042,"comment_status":"open","ping_status":"open","sticky":false,"template":"","format":"standard","meta":{"site-sidebar-layout":"default","site-content-layout":"","ast-site-content-layout":"default","site-content-style":"default","site-sidebar-style":"default","ast-global-header-display":"","ast-banner-title-visibility":"","ast-main-header-display":"","ast-hfb-above-header-display":"","ast-hfb-below-header-display":"","ast-hfb-mobile-header-display":"","site-post-title":"","ast-breadcrumbs-content":"","ast-featured-img":"","footer-sml-layout":"","theme-transparent-header-meta":"","adv-header-id-meta":"","stick-header-meta":"","header-above-stick-meta":"","header-main-stick-meta":"","header-below-stick-meta":"","astra-migrate-meta-layouts":"default","ast-page-background-enabled":"default","ast-page-background-meta":{"desktop":{"background-color":"var(--ast-global-color-4)","background-image":"","background-repeat":"repeat","background-position":"center center","background-size":"auto","background-attachment":"scroll","background-type":"","background-media":"","overlay-type":"","overlay-color":"","overlay-opacity":"","overlay-gradient":""},"tablet":{"background-color":"","background-image":"","background-repeat":"repeat","background-position":"center center","background-size":"auto","background-attachment":"scroll","background-type":"","background-media":"","overlay-type":"","overlay-color":"","overlay-opacity":"","overlay-gradient":""},"mobile":{"background-color":"","background-image":"","background-repeat":"repeat","background-position":"center center","background-size":"auto","background-attachment":"scroll","background-type":"","background-media":"","overlay-type":"","overlay-color":"","overlay-opacity":"","overlay-gradient":""}},"ast-content-background-meta":{"desktop":{"background-color":"var(--ast-global-color-5)","background-image":"","background-repeat":"repeat","background-position":"center center","background-size":"auto","background-attachment":"scroll","background-type":"","background-media":"","overlay-type":"","overlay-color":"","overlay-opacity":"","overlay-gradient":""},"tablet":{"background-color":"var(--ast-global-color-5)","background-image":"","background-repeat":"repeat","background-position":"center center","background-size":"auto","background-attachment":"scroll","background-type":"","background-media":"","overlay-type":"","overlay-color":"","overlay-opacity":"","overlay-gradient":""},"mobile":{"background-color":"var(--ast-global-color-5)","background-image":"","background-repeat":"repeat","background-position":"center center","background-size":"auto","background-attachment":"scroll","background-type":"","background-media":"","overlay-type":"","overlay-color":"","overlay-opacity":"","overlay-gradient":""}},"footnotes":""},"categories":[8],"tags":[8712,8711,9642,9641],"class_list":["post-26040","post","type-post","status-publish","format-standard","has-post-thumbnail","hentry","category-noticias","tag-blanca-alcala","tag-elecciones-puebla-2024","tag-jorge-estefan","tag-pri-puebla"],"_links":{"self":[{"href":"https:\/\/losperiodistas.com.mx\/portal\/wp-json\/wp\/v2\/posts\/26040","targetHints":{"allow":["GET"]}}],"collection":[{"href":"https:\/\/losperiodistas.com.mx\/portal\/wp-json\/wp\/v2\/posts"}],"about":[{"href":"https:\/\/losperiodistas.com.mx\/portal\/wp-json\/wp\/v2\/types\/post"}],"author":[{"embeddable":true,"href":"https:\/\/losperiodistas.com.mx\/portal\/wp-json\/wp\/v2\/users\/1"}],"replies":[{"embeddable":true,"href":"https:\/\/losperiodistas.com.mx\/portal\/wp-json\/wp\/v2\/comments?post=26040"}],"version-history":[{"count":1,"href":"https:\/\/losperiodistas.com.mx\/portal\/wp-json\/wp\/v2\/posts\/26040\/revisions"}],"predecessor-version":[{"id":26043,"href":"https:\/\/losperiodistas.com.mx\/portal\/wp-json\/wp\/v2\/posts\/26040\/revisions\/26043"}],"wp:featuredmedia":[{"embeddable":true,"href":"https:\/\/losperiodistas.com.mx\/portal\/wp-json\/wp\/v2\/media\/26042"}],"wp:attachment":[{"href":"https:\/\/losperiodistas.com.mx\/portal\/wp-json\/wp\/v2\/media?parent=26040"}],"wp:term":[{"taxonomy":"category","embeddable":true,"href":"https:\/\/losperiodistas.com.mx\/portal\/wp-json\/wp\/v2\/categories?post=26040"},{"taxonomy":"post_tag","embeddable":true,"href":"https:\/\/losperiodistas.com.mx\/portal\/wp-json\/wp\/v2\/tags?post=26040"}],"curies":[{"name":"wp","href":"https:\/\/api.w.org\/{rel}","templated":true}]}}