{"id":25917,"date":"2022-04-19T06:29:53","date_gmt":"2022-04-19T11:29:53","guid":{"rendered":"http:\/\/losperiodistas.com.mx\/portal\/?p=25917"},"modified":"2022-04-19T06:29:55","modified_gmt":"2022-04-19T11:29:55","slug":"reforma-minera-violaria-el-t-mec-y-reglas-de-la-omc-cancham-el-economista","status":"publish","type":"post","link":"https:\/\/losperiodistas.com.mx\/portal\/reforma-minera-violaria-el-t-mec-y-reglas-de-la-omc-cancham-el-economista\/","title":{"rendered":"Reforma minera violar\u00eda el T-MEC y reglas de la OMC: CanCham | El Economista"},"content":{"rendered":"\n<p><em>M\u00e9xico no estableci\u00f3 reservas para minerales estrat\u00e9gicos en los tratados comerciales, afirman<\/em><\/p>\n\n\n\n<figure class=\"wp-block-image size-large\"><img fetchpriority=\"high\" decoding=\"async\" width=\"1024\" height=\"573\" src=\"https:\/\/losperiodistas.com.mx\/portal\/wp-content\/uploads\/2022\/04\/actividad_minera_afp.jpg_328101988-1024x573.jpg\" alt=\"\" class=\"wp-image-25918\" srcset=\"https:\/\/losperiodistas.com.mx\/portal\/wp-content\/uploads\/2022\/04\/actividad_minera_afp.jpg_328101988-1024x573.jpg 1024w, https:\/\/losperiodistas.com.mx\/portal\/wp-content\/uploads\/2022\/04\/actividad_minera_afp.jpg_328101988-300x168.jpg 300w, https:\/\/losperiodistas.com.mx\/portal\/wp-content\/uploads\/2022\/04\/actividad_minera_afp.jpg_328101988-768x430.jpg 768w, https:\/\/losperiodistas.com.mx\/portal\/wp-content\/uploads\/2022\/04\/actividad_minera_afp.jpg_328101988.jpg 1120w\" sizes=\"(max-width: 1024px) 100vw, 1024px\" \/><\/figure>\n\n\n\n<p><\/p>\n\n\n\n<p class=\"has-vivid-cyan-blue-color has-text-color has-medium-font-size\">ROBERTO MORALES \/ EL ECONOMISTA<\/p>\n\n\n\n<p>La reforma propuesta sobre litio a la Ley Minera violar\u00eda compromisos de M\u00e9xico en tratados internacionales, de acuerdo con Armando Ortega, presidente del Mining Task Force, de la C\u00e1mara de Comercio del Canad\u00e1 (CanCham) en M\u00e9xico.<\/p>\n\n\n\n<p>De entrada, la CanCham argumenta que no se pueden reservar, en este caso, minerales para la exclusiva exploraci\u00f3n y explotaci\u00f3n por parte del Estado, sin haber hecho la referida reserva en el Tratado entre M\u00e9xico, Estados Unidos y Canad\u00e1 (T-MEC).<\/p>\n\n\n\n<p>Desde su punto de vista, las reservas son \u00e1reas de exclusi\u00f3n de obligaciones y compromisos, y hacerlo sin negociaci\u00f3n previa es arbitrario y est\u00e1 prohibido.<\/p>\n\n\n\n<p>Por ejemplo, en el T-MEC, M\u00e9xico se reserv\u00f3 expresamente la emisi\u00f3n de papel moneda como actividad exclusiva del Estado. As\u00ed lo aceptaron sus contrapartes norteamericanas y qued\u00f3 reflejado en uno de los Anexos del T-MEC.<\/p>\n\n\n\n<p>El posicionamiento ocurri\u00f3 horas antes de que la mayor\u00eda simple morenista aprobara en la C\u00e1mara de Diputados una iniciativa para modificar la Ley minera y reservar al Estado la explotaci\u00f3n de este mineral, cuya demanda global se ha disparado por ser un insumo clave para la producci\u00f3n de bater\u00edas el\u00e9ctricas.<\/p>\n\n\n\n<p>La CanCham arguy\u00f3 que reservar el litio s\u00f3lo para la exploraci\u00f3n y explotaci\u00f3n del Estado mexicano ex-post es violatorio tanto de las disposiciones de la Organizaci\u00f3n Mundial de Comercio (OMC), al igual que de las correspondientes a todos los Tratado de Libre Comercio (TLC) suscritos por M\u00e9xico.<\/p>\n\n\n\n<p>El propuesto art\u00edculo 10 de la reforma hace referencia a la reserva del litio \u201cy dem\u00e1s minerales declarados como estrat\u00e9gicos por el Gobierno Federal\u201d, sin definir los segundos.<\/p>\n\n\n\n<p>Para la CanCham, ello es igualmente violatorio, porque no se conoce qu\u00e9 reservas adicionales de otros minerales ser\u00e1n en lo futuro atribuidas exclusivamente al Estado.<\/p>\n\n\n\n<p>Tales reservas potenciales, de suyo, son ya violatorias de la OMC y de los TLC por las razones aludidas, pero la violaci\u00f3n se hace m\u00e1s evidente para la AmCham cuando se prev\u00e9n reservas arbitrarias futuras sin siquiera definir a qu\u00e9 minerales puede involucrar. Con ello, prosigui\u00f3 la C\u00e1mara, se deja a las contrapartes comerciales de M\u00e9xico y a los agentes econ\u00f3micos en total estado de indefensi\u00f3n.<\/p>\n\n\n\n<p>Por otra parte, la creaci\u00f3n de un organismo p\u00fablico descentralizado violar\u00eda lo establecido en el Cap\u00edtulo 22 del T-MEC y en los cap\u00edtulos equivalentes de otros TLCS. Y lo viola, seg\u00fan la CanCham, porque se establece una empresa productiva del Estado cuyo sustento y origen es ilegal (parte de una reserva improcedente bajo la OMC y por los TLC suscritos por M\u00e9xico).<\/p>\n\n\n\n<p>Igualmente, el art\u00edculo 10 ser\u00eda violatorio del principio de Trato Nacional previsto en la OMC y en cada TLC suscrito por M\u00e9xico. Su razonamiento en este punto: se restringe a personas f\u00edsicas mexicanas, ejidos y comunidades agrarias mexicanas, la exploraci\u00f3n y explotaci\u00f3n de los minerales previstos en el art\u00edculo 4 de la ley.<\/p>\n\n\n\n<p>La creaci\u00f3n de un organismo p\u00fablico descentralizado para explorar, explotar y aprovechar de forma exclusiva el litio y sus cadenas de valor, violar\u00eda lo establecido en el Cap\u00edtulo 22 del T-MEC, porque se establece una empresa productiva del Estado cuyo sustento y origen es ilegal, afirma la CanCham.<\/p>\n\n\n\n<p><a href=\"mailto:roberto.morales@eleconomista.mx\">roberto.morales@eleconomista.mx<\/a><\/p>\n\n\n\n<p>Fuente: https:\/\/www.eleconomista.com.mx\/empresas\/Reforma-minera-violaria-el-T-MEC-y-reglas-de-la-OMC-CanCham-20220419-0015.html<\/p>\n","protected":false},"excerpt":{"rendered":"<p>M\u00e9xico no estableci\u00f3 reservas para minerales estrat\u00e9gicos en los tratados comerciales, afirman ROBERTO MORALES \/ EL ECONOMISTA La reforma propuesta [&hellip;]<\/p>\n","protected":false},"author":1,"featured_media":25918,"comment_status":"open","ping_status":"open","sticky":false,"template":"","format":"standard","meta":{"site-sidebar-layout":"default","site-content-layout":"","ast-site-content-layout":"default","site-content-style":"default","site-sidebar-style":"default","ast-global-header-display":"","ast-banner-title-visibility":"","ast-main-header-display":"","ast-hfb-above-header-display":"","ast-hfb-below-header-display":"","ast-hfb-mobile-header-display":"","site-post-title":"","ast-breadcrumbs-content":"","ast-featured-img":"","footer-sml-layout":"","theme-transparent-header-meta":"","adv-header-id-meta":"","stick-header-meta":"","header-above-stick-meta":"","header-main-stick-meta":"","header-below-stick-meta":"","astra-migrate-meta-layouts":"default","ast-page-background-enabled":"default","ast-page-background-meta":{"desktop":{"background-color":"var(--ast-global-color-4)","background-image":"","background-repeat":"repeat","background-position":"center center","background-size":"auto","background-attachment":"scroll","background-type":"","background-media":"","overlay-type":"","overlay-color":"","overlay-opacity":"","overlay-gradient":""},"tablet":{"background-color":"","background-image":"","background-repeat":"repeat","background-position":"center center","background-size":"auto","background-attachment":"scroll","background-type":"","background-media":"","overlay-type":"","overlay-color":"","overlay-opacity":"","overlay-gradient":""},"mobile":{"background-color":"","background-image":"","background-repeat":"repeat","background-position":"center center","background-size":"auto","background-attachment":"scroll","background-type":"","background-media":"","overlay-type":"","overlay-color":"","overlay-opacity":"","overlay-gradient":""}},"ast-content-background-meta":{"desktop":{"background-color":"var(--ast-global-color-5)","background-image":"","background-repeat":"repeat","background-position":"center center","background-size":"auto","background-attachment":"scroll","background-type":"","background-media":"","overlay-type":"","overlay-color":"","overlay-opacity":"","overlay-gradient":""},"tablet":{"background-color":"var(--ast-global-color-5)","background-image":"","background-repeat":"repeat","background-position":"center center","background-size":"auto","background-attachment":"scroll","background-type":"","background-media":"","overlay-type":"","overlay-color":"","overlay-opacity":"","overlay-gradient":""},"mobile":{"background-color":"var(--ast-global-color-5)","background-image":"","background-repeat":"repeat","background-position":"center center","background-size":"auto","background-attachment":"scroll","background-type":"","background-media":"","overlay-type":"","overlay-color":"","overlay-opacity":"","overlay-gradient":""}},"footnotes":""},"categories":[1],"tags":[9608,9583,7534,9609,2799],"class_list":["post-25917","post","type-post","status-publish","format-standard","has-post-thumbnail","hentry","category-sin-categoria","tag-cancham","tag-ley-minera","tag-mexico-litio","tag-mining-task-force","tag-t-mec"],"_links":{"self":[{"href":"https:\/\/losperiodistas.com.mx\/portal\/wp-json\/wp\/v2\/posts\/25917","targetHints":{"allow":["GET"]}}],"collection":[{"href":"https:\/\/losperiodistas.com.mx\/portal\/wp-json\/wp\/v2\/posts"}],"about":[{"href":"https:\/\/losperiodistas.com.mx\/portal\/wp-json\/wp\/v2\/types\/post"}],"author":[{"embeddable":true,"href":"https:\/\/losperiodistas.com.mx\/portal\/wp-json\/wp\/v2\/users\/1"}],"replies":[{"embeddable":true,"href":"https:\/\/losperiodistas.com.mx\/portal\/wp-json\/wp\/v2\/comments?post=25917"}],"version-history":[{"count":1,"href":"https:\/\/losperiodistas.com.mx\/portal\/wp-json\/wp\/v2\/posts\/25917\/revisions"}],"predecessor-version":[{"id":25919,"href":"https:\/\/losperiodistas.com.mx\/portal\/wp-json\/wp\/v2\/posts\/25917\/revisions\/25919"}],"wp:featuredmedia":[{"embeddable":true,"href":"https:\/\/losperiodistas.com.mx\/portal\/wp-json\/wp\/v2\/media\/25918"}],"wp:attachment":[{"href":"https:\/\/losperiodistas.com.mx\/portal\/wp-json\/wp\/v2\/media?parent=25917"}],"wp:term":[{"taxonomy":"category","embeddable":true,"href":"https:\/\/losperiodistas.com.mx\/portal\/wp-json\/wp\/v2\/categories?post=25917"},{"taxonomy":"post_tag","embeddable":true,"href":"https:\/\/losperiodistas.com.mx\/portal\/wp-json\/wp\/v2\/tags?post=25917"}],"curies":[{"name":"wp","href":"https:\/\/api.w.org\/{rel}","templated":true}]}}