{"id":25730,"date":"2022-04-14T09:53:53","date_gmt":"2022-04-14T14:53:53","guid":{"rendered":"http:\/\/losperiodistas.com.mx\/portal\/?p=25730"},"modified":"2022-04-14T10:06:30","modified_gmt":"2022-04-14T15:06:30","slug":"elon-musk-propone-comprar-el-100-de-twitter-y-retirar-a-la-empresa-de-la-bolsa-dw","status":"publish","type":"post","link":"https:\/\/losperiodistas.com.mx\/portal\/elon-musk-propone-comprar-el-100-de-twitter-y-retirar-a-la-empresa-de-la-bolsa-dw\/","title":{"rendered":"Elon Musk propone comprar el \u00ab100% de Twitter\u00bb y retirar a la empresa de la bolsa | DW"},"content":{"rendered":"\n<p><em>El presidente de Tesla, Elon Musk, que recientemente adquiri\u00f3 el 9,2% del capital de Twitter, propuso comprar la totalidad de la empresa al precio de 54,20 d\u00f3lares por acci\u00f3n y retirarla de Wall Stre<\/em>et.<\/p>\n\n\n\n<figure class=\"wp-block-image size-full\"><img fetchpriority=\"high\" decoding=\"async\" width=\"700\" height=\"394\" src=\"https:\/\/losperiodistas.com.mx\/portal\/wp-content\/uploads\/2022\/04\/61430018_303.jpeg\" alt=\"\" class=\"wp-image-25731\" srcset=\"https:\/\/losperiodistas.com.mx\/portal\/wp-content\/uploads\/2022\/04\/61430018_303.jpeg 700w, https:\/\/losperiodistas.com.mx\/portal\/wp-content\/uploads\/2022\/04\/61430018_303-300x169.jpeg 300w\" sizes=\"(max-width: 700px) 100vw, 700px\" \/><\/figure>\n\n\n\n<p><\/p>\n\n\n\n<p class=\"has-vivid-cyan-blue-color has-text-color has-medium-font-size\">DW<\/p>\n\n\n\n<p>El fundador de Tesla, el multimillonario&nbsp;<a href=\"https:\/\/www.dw.com\/es\/elon-musk\/t-44295481\">Elon Musk<\/a>, ha lanzado una oferta para comprar la red social Twitter por 43.000 millones de d\u00f3lares (cerca de 40.000 millones de euros), seg\u00fan una carta remitida a la junta directiva de la compa\u00f1\u00eda publicada por varios medios este jueves (14.04.2022).<\/p>\n\n\n\n<p>Seg\u00fan dicha misiva, que publican tanto CNBC como Bloomberg, Musk, considerado el hombre m\u00e1s rico del mundo, ha ofrecido 54,20 d\u00f3lares por acci\u00f3n en efectivo, lo que supone una prima del 54 % sobre el precio de cierre del pasado 28 de enero, el d\u00eda antes de empezar a invertir en Twitter.<\/p>\n\n\n\n<p>Asimismo, supone una prima del 38 % respecto a la cotizaci\u00f3n de las acciones un d\u00eda antes de que se anunciara p\u00fablicamente su inversi\u00f3n en la red social.<\/p>\n\n\n\n<p><a href=\"https:\/\/www.dw.com\/es\/elon-musk-propone-comprar-el-100-de-twitter-y-retirar-a-la-empresa-de-la-bolsa\/a-61470394#\"><\/a><\/p>\n\n\n\n<figure class=\"wp-block-image size-full\"><img decoding=\"async\" width=\"700\" height=\"394\" src=\"https:\/\/losperiodistas.com.mx\/portal\/wp-content\/uploads\/2022\/04\/61430018_303-1.jpeg\" alt=\"\" class=\"wp-image-25732\" srcset=\"https:\/\/losperiodistas.com.mx\/portal\/wp-content\/uploads\/2022\/04\/61430018_303-1.jpeg 700w, https:\/\/losperiodistas.com.mx\/portal\/wp-content\/uploads\/2022\/04\/61430018_303-1-300x169.jpeg 300w\" sizes=\"(max-width: 700px) 100vw, 700px\" \/><figcaption>Elon Musk.<\/figcaption><\/figure>\n\n\n\n<p>En la preapertura del mercado de Wall Street, las acciones de la red social se disparan este jueves m\u00e1s del 12 %.<\/p>\n\n\n\n<p>\u00abMi oferta es mi mejor y definitiva oferta, y si no es aceptada, tendr\u00eda que reconsiderar mi posici\u00f3n como accionista\u00bb, advierte.<\/p>\n\n\n\n<p>En la citada carta, Musk asegura que&nbsp;<a href=\"https:\/\/www.dw.com\/es\/elon-musk-renuncia-a-integrar-consejo-de-administraci%C3%B3n-de-twitter\/a-61429090\">Twitter<\/a>&nbsp;necesita transformarse en una \u00abempresa privada\u00bb ya que en su opini\u00f3n, no puede \u00abni prosperar ni servir\u00bb a la libertad de expresi\u00f3n en su estado actual.<\/p>\n\n\n\n<p>&nbsp;Musk dice creer en el potencial de la compa\u00f1\u00eda para ser la plataforma de la libertad de expresi\u00f3n en todo el mundo. \u00abCreo que la libertad de expresi\u00f3n es un imperativo social para el funcionamiento de la democracia\u00bb, concluye.<\/p>\n\n\n\n<p>CP (rtr, afp)<\/p>\n\n\n\n<p>Fuente: https:\/\/www.dw.com\/es\/elon-musk-propone-comprar-el-100-de-twitter-y-retirar-a-la-empresa-de-la-bolsa\/a-61470394<\/p>\n","protected":false},"excerpt":{"rendered":"<p>El presidente de Tesla, Elon Musk, que recientemente adquiri\u00f3 el 9,2% del capital de Twitter, propuso comprar la totalidad de [&hellip;]<\/p>\n","protected":false},"author":1,"featured_media":25731,"comment_status":"open","ping_status":"open","sticky":false,"template":"","format":"standard","meta":{"site-sidebar-layout":"default","site-content-layout":"","ast-site-content-layout":"default","site-content-style":"default","site-sidebar-style":"default","ast-global-header-display":"","ast-banner-title-visibility":"","ast-main-header-display":"","ast-hfb-above-header-display":"","ast-hfb-below-header-display":"","ast-hfb-mobile-header-display":"","site-post-title":"","ast-breadcrumbs-content":"","ast-featured-img":"","footer-sml-layout":"","theme-transparent-header-meta":"","adv-header-id-meta":"","stick-header-meta":"","header-above-stick-meta":"","header-main-stick-meta":"","header-below-stick-meta":"","astra-migrate-meta-layouts":"default","ast-page-background-enabled":"default","ast-page-background-meta":{"desktop":{"background-color":"var(--ast-global-color-4)","background-image":"","background-repeat":"repeat","background-position":"center center","background-size":"auto","background-attachment":"scroll","background-type":"","background-media":"","overlay-type":"","overlay-color":"","overlay-opacity":"","overlay-gradient":""},"tablet":{"background-color":"","background-image":"","background-repeat":"repeat","background-position":"center center","background-size":"auto","background-attachment":"scroll","background-type":"","background-media":"","overlay-type":"","overlay-color":"","overlay-opacity":"","overlay-gradient":""},"mobile":{"background-color":"","background-image":"","background-repeat":"repeat","background-position":"center center","background-size":"auto","background-attachment":"scroll","background-type":"","background-media":"","overlay-type":"","overlay-color":"","overlay-opacity":"","overlay-gradient":""}},"ast-content-background-meta":{"desktop":{"background-color":"var(--ast-global-color-5)","background-image":"","background-repeat":"repeat","background-position":"center center","background-size":"auto","background-attachment":"scroll","background-type":"","background-media":"","overlay-type":"","overlay-color":"","overlay-opacity":"","overlay-gradient":""},"tablet":{"background-color":"var(--ast-global-color-5)","background-image":"","background-repeat":"repeat","background-position":"center center","background-size":"auto","background-attachment":"scroll","background-type":"","background-media":"","overlay-type":"","overlay-color":"","overlay-opacity":"","overlay-gradient":""},"mobile":{"background-color":"var(--ast-global-color-5)","background-image":"","background-repeat":"repeat","background-position":"center center","background-size":"auto","background-attachment":"scroll","background-type":"","background-media":"","overlay-type":"","overlay-color":"","overlay-opacity":"","overlay-gradient":""}},"footnotes":""},"categories":[8],"tags":[2757,3035],"class_list":["post-25730","post","type-post","status-publish","format-standard","has-post-thumbnail","hentry","category-noticias","tag-elon-musk","tag-twitter"],"_links":{"self":[{"href":"https:\/\/losperiodistas.com.mx\/portal\/wp-json\/wp\/v2\/posts\/25730","targetHints":{"allow":["GET"]}}],"collection":[{"href":"https:\/\/losperiodistas.com.mx\/portal\/wp-json\/wp\/v2\/posts"}],"about":[{"href":"https:\/\/losperiodistas.com.mx\/portal\/wp-json\/wp\/v2\/types\/post"}],"author":[{"embeddable":true,"href":"https:\/\/losperiodistas.com.mx\/portal\/wp-json\/wp\/v2\/users\/1"}],"replies":[{"embeddable":true,"href":"https:\/\/losperiodistas.com.mx\/portal\/wp-json\/wp\/v2\/comments?post=25730"}],"version-history":[{"count":1,"href":"https:\/\/losperiodistas.com.mx\/portal\/wp-json\/wp\/v2\/posts\/25730\/revisions"}],"predecessor-version":[{"id":25733,"href":"https:\/\/losperiodistas.com.mx\/portal\/wp-json\/wp\/v2\/posts\/25730\/revisions\/25733"}],"wp:featuredmedia":[{"embeddable":true,"href":"https:\/\/losperiodistas.com.mx\/portal\/wp-json\/wp\/v2\/media\/25731"}],"wp:attachment":[{"href":"https:\/\/losperiodistas.com.mx\/portal\/wp-json\/wp\/v2\/media?parent=25730"}],"wp:term":[{"taxonomy":"category","embeddable":true,"href":"https:\/\/losperiodistas.com.mx\/portal\/wp-json\/wp\/v2\/categories?post=25730"},{"taxonomy":"post_tag","embeddable":true,"href":"https:\/\/losperiodistas.com.mx\/portal\/wp-json\/wp\/v2\/tags?post=25730"}],"curies":[{"name":"wp","href":"https:\/\/api.w.org\/{rel}","templated":true}]}}