{"id":25495,"date":"2022-04-11T07:06:30","date_gmt":"2022-04-11T12:06:30","guid":{"rendered":"http:\/\/losperiodistas.com.mx\/portal\/?p=25495"},"modified":"2022-04-11T07:06:32","modified_gmt":"2022-04-11T12:06:32","slug":"gobierno-por-cambio-de-reglas-a-firmas-con-37-de-la-capacidad-electrica-del-pais-el-economista","status":"publish","type":"post","link":"https:\/\/losperiodistas.com.mx\/portal\/gobierno-por-cambio-de-reglas-a-firmas-con-37-de-la-capacidad-electrica-del-pais-el-economista\/","title":{"rendered":"Gobierno, por cambio de reglas a firmas con 37% de la capacidad el\u00e9ctrica del pa\u00eds | El Economista"},"content":{"rendered":"\n<p><em>Tras la desestimaci\u00f3n de la acci\u00f3n de inconstitucionalidad contra las reformas a la LIE, la 4T se apresta a revocar los permisos de autogeneraci\u00f3n y revisar los t\u00e9rminos de los suministradores privados de la CFE<\/em><\/p>\n\n\n\n<figure class=\"wp-block-image size-large\"><img fetchpriority=\"high\" decoding=\"async\" width=\"1024\" height=\"573\" src=\"https:\/\/losperiodistas.com.mx\/portal\/wp-content\/uploads\/2022\/04\/termoelectrica.jpg_328101988-1024x573.jpg\" alt=\"\" class=\"wp-image-25496\" srcset=\"https:\/\/losperiodistas.com.mx\/portal\/wp-content\/uploads\/2022\/04\/termoelectrica.jpg_328101988-1024x573.jpg 1024w, https:\/\/losperiodistas.com.mx\/portal\/wp-content\/uploads\/2022\/04\/termoelectrica.jpg_328101988-300x168.jpg 300w, https:\/\/losperiodistas.com.mx\/portal\/wp-content\/uploads\/2022\/04\/termoelectrica.jpg_328101988-768x430.jpg 768w, https:\/\/losperiodistas.com.mx\/portal\/wp-content\/uploads\/2022\/04\/termoelectrica.jpg_328101988.jpg 1120w\" sizes=\"(max-width: 1024px) 100vw, 1024px\" \/><figcaption>EE: Archivo<\/figcaption><\/figure>\n\n\n\n<p class=\"has-vivid-cyan-blue-color has-text-color has-medium-font-size\">KAROL GARC\u00cdA \/ EL ECONOMISTA<\/p>\n\n\n\n<figure class=\"wp-block-pullquote\"><blockquote><p>Estamos en el peor de los escenarios con miras a que se paralice incluso hasta finales del sexenio cualquier avance positivo del sector el\u00e9ctrico\u201d.  <em><strong>Paolo Salerno, socio fundador de salerno y asociados<\/strong><\/em><\/p><\/blockquote><\/figure>\n\n\n\n<p>La Comisi\u00f3n Reguladora de Energ\u00eda (CRE) tiene un total de 1,267 permisos autorizados para todas las actividades de la cadena el\u00e9ctrica, ya sea en operaci\u00f3n, construcci\u00f3n o a punto de arrancar, y de \u00e9stos, 444 permisos corresponden a las actividades legadas de autoabastecimiento y productores independientes de energ\u00eda (PIE), mismos que tras la decisi\u00f3n de la Corte de desestimar la inconstitucionalidad de la Ley de la Industria El\u00e9ctrica, ser\u00e1n revisados, aunque tienen inversiones estimadas por 194,750 millones de d\u00f3lares en la capacidad que asciende a 31,750 megawatts, lo que equivale a 37% de la capacidad instalada en el pa\u00eds.&nbsp;<\/p>\n\n\n\n<p>Como afirm\u00f3 el presidente Andr\u00e9s Manuel L\u00f3pez Obrador, el gobierno tiene hasta las resoluciones de los amparos en juzgados de distrito la atribuci\u00f3n de revisar y cancelar todos los permisos que se han otorgado en materia el\u00e9ctrica si encuentra alguna ilegalidad. Lo anterior se refiere particularmente al r\u00e9gimen de autoabastecimiento en el que hoy hay 410 permisos registrados en la base de datos de la CRE, aunque seg\u00fan la Comisi\u00f3n Federal de Electricidad (CFE) tienen m\u00e1s de 77,000 socios que no pertenecen a su corporativo, lo que el gobierno considera ilegal. \u00c9stos tienen una capacidad instalada de 13,614 megawatts, equivalente a m\u00e1s de 15% de la capacidad nacional. De \u00e9stos, 374 permisos se encuentran en operaci\u00f3n y 36 a\u00fan en construcci\u00f3n por adecuaciones, con lo que la propia CRE establece que se han invertido 61,283 millones de d\u00f3lares en esta infraestructura desde 1992.&nbsp;<\/p>\n\n\n\n<p>El otro r\u00e9gimen que qued\u00f3 legado en la reforma del 2013 de la legislaci\u00f3n que se estableci\u00f3 en 1992, con la fundaci\u00f3n de la CRE y la primera posibilidad legal de participar a los privados en la generaci\u00f3n de energ\u00eda del pa\u00eds es el de productores independientes de energ\u00eda (PIE), dise\u00f1ados para venderle directamente a la CFE, pero que con las adecuaciones del 2013 lograron tener excedentes que venden al mercado implementado en esa reforma, lo que la actual administraci\u00f3n considera tambi\u00e9n como un abuso.&nbsp;<\/p>\n\n\n\n<p>Los permisos bajo la modalidad de PIE son \u00fanicamente 34, pero tienen una capacidad instalada de 18,136 megawatts, que es el 21% de la capacidad instalada nacional. As\u00ed, cuentan con infraestructura con una inversi\u00f3n hist\u00f3rica estimada en 133,467 millones de d\u00f3lares, seg\u00fan las inversiones estimadas por la CRE.&nbsp;&nbsp;<\/p>\n\n\n\n<p>\u201cNuestro m\u00e1ximo tribunal fue claro y preciso al declarar la constitucionalidad de diversos art\u00edculos con las siguientes consecuencias favorables para el Estado y la CFE: se revisar\u00e1n y revocar\u00e1n los permisos de autoabastecimiento encuadrados en la grave irregularidad del fraude e la ley. Existen 234 autoabastecimientos, de los cuales 110 son ilegales y tienen 77,000 socios-clientes, ya que se compra-venden energ\u00eda el\u00e9ctrica y capacidad\u201d, dijo el gobierno federal el viernes, en un documento difundido a periodistas que cubre la fuente de Presidencia.<\/p>\n\n\n\n<p>\u201cSe revisar\u00e1 la legalidad y rentabilidad financiera para el Estado de los contratos de producci\u00f3n independiente, los cuales, en su caso, deber\u00e1n ser renegociados o terminados anticipadamente. A estas centrales de producci\u00f3n independiente se les paga el 100% de la energ\u00eda por parte de la CFE, aunque esta no se entregue\u201d, se consigna en el documento, emitido un d\u00eda despu\u00e9s de que se desestimara la acci\u00f3n de inconstitucionalidad interpuesta por senadores de oposici\u00f3n contra las reformas decretadas en marzo del 2021 a la Ley de la Industria El\u00e9ctrica, que buscan fortalecer a la CFE.<\/p>\n\n\n\n<figure class=\"wp-block-image\"><img decoding=\"async\" src=\"https:\/\/www.eleconomista.com.mx\/export\/sites\/eleconomista\/img\/2022\/04\/11\/pp-permisos_110422w.jpg_211738937.jpg\" alt=\"\" title=\"\"\/><\/figure>\n\n\n\n<h2 class=\"wp-block-heading\">Riesgo f\u00edsico para las redes<\/h2>\n\n\n\n<p>Con la decisi\u00f3n de la Suprema Corte de Justicia de invalidar la inconstitucionalidad de la Ley de la Industria El\u00e9ctrica tras la acci\u00f3n que interpusieron miembros de la oposici\u00f3n en el legislativo, se ha puesto al pa\u00eds en la peor situaci\u00f3n de certidumbre no s\u00f3lo en t\u00e9rminos financieros y de atracci\u00f3n de inversionistas, sino de posibilidades de mejorar la red de transmisi\u00f3n en la que cada vez habr\u00e1 m\u00e1s alertas de interrupciones, consider\u00f3 el especialista en mercados energ\u00e9ticos y socio fundador de Salerno y Asociados, Paolo Salerno.&nbsp;<\/p>\n\n\n\n<p>El experto explic\u00f3 a El Economista que incluso se comenzar\u00e1 a hablar de dos sectores: el que cuenta con amparos para operar y el que no se ampar\u00f3 y por tanto recibe la aplicaci\u00f3n de la llamada Ley Combust\u00f3leo.&nbsp;<\/p>\n\n\n\n<p>\u201cEstamos en el peor de los escenarios con miras a que se paralice incluso hasta finales del sexenio cualquier avance positivo del sector el\u00e9ctrico\u201d, asegur\u00f3 el analista.<\/p>\n\n\n\n<p><a href=\"mailto:karol.garcia@eleconomista.mx\">karol.garcia@eleconomista.mx<\/a><\/p>\n\n\n\n<p>Fuente: https:\/\/www.eleconomista.com.mx\/empresas\/Gobierno-por-cambio-de-reglas-a-firmas-con-37-de-la-capacidad-electrica-del-pais-20220411-0022.html<\/p>\n","protected":false},"excerpt":{"rendered":"<p>Tras la desestimaci\u00f3n de la acci\u00f3n de inconstitucionalidad contra las reformas a la LIE, la 4T se apresta a revocar [&hellip;]<\/p>\n","protected":false},"author":1,"featured_media":25496,"comment_status":"open","ping_status":"open","sticky":false,"template":"","format":"standard","meta":{"site-sidebar-layout":"default","site-content-layout":"","ast-site-content-layout":"default","site-content-style":"default","site-sidebar-style":"default","ast-global-header-display":"","ast-banner-title-visibility":"","ast-main-header-display":"","ast-hfb-above-header-display":"","ast-hfb-below-header-display":"","ast-hfb-mobile-header-display":"","site-post-title":"","ast-breadcrumbs-content":"","ast-featured-img":"","footer-sml-layout":"","theme-transparent-header-meta":"","adv-header-id-meta":"","stick-header-meta":"","header-above-stick-meta":"","header-main-stick-meta":"","header-below-stick-meta":"","astra-migrate-meta-layouts":"default","ast-page-background-enabled":"default","ast-page-background-meta":{"desktop":{"background-color":"var(--ast-global-color-4)","background-image":"","background-repeat":"repeat","background-position":"center center","background-size":"auto","background-attachment":"scroll","background-type":"","background-media":"","overlay-type":"","overlay-color":"","overlay-opacity":"","overlay-gradient":""},"tablet":{"background-color":"","background-image":"","background-repeat":"repeat","background-position":"center center","background-size":"auto","background-attachment":"scroll","background-type":"","background-media":"","overlay-type":"","overlay-color":"","overlay-opacity":"","overlay-gradient":""},"mobile":{"background-color":"","background-image":"","background-repeat":"repeat","background-position":"center center","background-size":"auto","background-attachment":"scroll","background-type":"","background-media":"","overlay-type":"","overlay-color":"","overlay-opacity":"","overlay-gradient":""}},"ast-content-background-meta":{"desktop":{"background-color":"var(--ast-global-color-5)","background-image":"","background-repeat":"repeat","background-position":"center center","background-size":"auto","background-attachment":"scroll","background-type":"","background-media":"","overlay-type":"","overlay-color":"","overlay-opacity":"","overlay-gradient":""},"tablet":{"background-color":"var(--ast-global-color-5)","background-image":"","background-repeat":"repeat","background-position":"center center","background-size":"auto","background-attachment":"scroll","background-type":"","background-media":"","overlay-type":"","overlay-color":"","overlay-opacity":"","overlay-gradient":""},"mobile":{"background-color":"var(--ast-global-color-5)","background-image":"","background-repeat":"repeat","background-position":"center center","background-size":"auto","background-attachment":"scroll","background-type":"","background-media":"","overlay-type":"","overlay-color":"","overlay-opacity":"","overlay-gradient":""}},"footnotes":""},"categories":[8],"tags":[34,9451,4485,9452,9450],"class_list":["post-25495","post","type-post","status-publish","format-standard","has-post-thumbnail","hentry","category-noticias","tag-cfe","tag-mexico-economia","tag-reforma-electrica","tag-salerno-y-asociados","tag-sector-electrico"],"_links":{"self":[{"href":"https:\/\/losperiodistas.com.mx\/portal\/wp-json\/wp\/v2\/posts\/25495","targetHints":{"allow":["GET"]}}],"collection":[{"href":"https:\/\/losperiodistas.com.mx\/portal\/wp-json\/wp\/v2\/posts"}],"about":[{"href":"https:\/\/losperiodistas.com.mx\/portal\/wp-json\/wp\/v2\/types\/post"}],"author":[{"embeddable":true,"href":"https:\/\/losperiodistas.com.mx\/portal\/wp-json\/wp\/v2\/users\/1"}],"replies":[{"embeddable":true,"href":"https:\/\/losperiodistas.com.mx\/portal\/wp-json\/wp\/v2\/comments?post=25495"}],"version-history":[{"count":1,"href":"https:\/\/losperiodistas.com.mx\/portal\/wp-json\/wp\/v2\/posts\/25495\/revisions"}],"predecessor-version":[{"id":25497,"href":"https:\/\/losperiodistas.com.mx\/portal\/wp-json\/wp\/v2\/posts\/25495\/revisions\/25497"}],"wp:featuredmedia":[{"embeddable":true,"href":"https:\/\/losperiodistas.com.mx\/portal\/wp-json\/wp\/v2\/media\/25496"}],"wp:attachment":[{"href":"https:\/\/losperiodistas.com.mx\/portal\/wp-json\/wp\/v2\/media?parent=25495"}],"wp:term":[{"taxonomy":"category","embeddable":true,"href":"https:\/\/losperiodistas.com.mx\/portal\/wp-json\/wp\/v2\/categories?post=25495"},{"taxonomy":"post_tag","embeddable":true,"href":"https:\/\/losperiodistas.com.mx\/portal\/wp-json\/wp\/v2\/tags?post=25495"}],"curies":[{"name":"wp","href":"https:\/\/api.w.org\/{rel}","templated":true}]}}