{"id":25492,"date":"2022-04-11T06:49:34","date_gmt":"2022-04-11T11:49:34","guid":{"rendered":"http:\/\/losperiodistas.com.mx\/portal\/?p=25492"},"modified":"2022-04-11T06:49:36","modified_gmt":"2022-04-11T11:49:36","slug":"pacta-pemex-liberar-a-lozoya-luces-del-siglo","status":"publish","type":"post","link":"https:\/\/losperiodistas.com.mx\/portal\/pacta-pemex-liberar-a-lozoya-luces-del-siglo\/","title":{"rendered":"Pacta Pemex liberar a Lozoya | Luces del Siglo"},"content":{"rendered":"\n<p><em>Pemex acept\u00f3 una oferta de 10.7 millones de d\u00f3lares \u2014equivalentes a m\u00e1s de 220 millones de pesos\u2014 presentada por Lozoya para reparar el da\u00f1o.<\/em><\/p>\n\n\n\n<figure class=\"wp-block-image size-large\"><img fetchpriority=\"high\" decoding=\"async\" width=\"742\" height=\"1024\" src=\"https:\/\/losperiodistas.com.mx\/portal\/wp-content\/uploads\/2022\/04\/N2-LOZOYA-742x1024.jpg\" alt=\"\" class=\"wp-image-25493\" srcset=\"https:\/\/losperiodistas.com.mx\/portal\/wp-content\/uploads\/2022\/04\/N2-LOZOYA-742x1024.jpg 742w, https:\/\/losperiodistas.com.mx\/portal\/wp-content\/uploads\/2022\/04\/N2-LOZOYA-218x300.jpg 218w, https:\/\/losperiodistas.com.mx\/portal\/wp-content\/uploads\/2022\/04\/N2-LOZOYA-768x1059.jpg 768w, https:\/\/losperiodistas.com.mx\/portal\/wp-content\/uploads\/2022\/04\/N2-LOZOYA.jpg 928w\" sizes=\"(max-width: 742px) 100vw, 742px\" \/><figcaption>Foto: Archivo<\/figcaption><\/figure>\n\n\n\n<p><\/p>\n\n\n\n<p class=\"has-vivid-cyan-blue-color has-text-color has-medium-font-size\">ABEL BARAJAS \/ AGENCIA REFORMA \/ LUCES DEL SIGLO<\/p>\n\n\n\n<p>CIUDAD DE M\u00c9XICO.- A menos que la&nbsp;<a href=\"https:\/\/www.gob.mx\/fgr\">Fiscal\u00eda General de la Rep\u00fablica<\/a>&nbsp;(FGR) cambie de parecer en el \u00faltimo momento, Emilio Lozoya tiene todo a favor para quedar libre ma\u00f1ana.<\/p>\n\n\n\n<p>El exdirector de Pemex en el sexenio del presidente priista Enrique Pe\u00f1a Nieto finalmente pact\u00f3 un criterio de oportunidad y el acuerdo reparatorio en los casos Odebrecht y Agronitrogenados, informaron autoridades federales. &nbsp;<\/p>\n\n\n\n<p>Pemex acept\u00f3 una oferta de 10.7 millones de d\u00f3lares \u2014equivalentes a m\u00e1s de 220 millones de pesos\u2014 presentada por Lozoya para reparar el da\u00f1o en ambos asuntos a cambio de la suspensi\u00f3n condicional de sus dos procesos penales y de salir del Reclusorio Norte.<\/p>\n\n\n\n<p>El primer pago en cada uno de los casos ser\u00e1 de un mill\u00f3n de d\u00f3lares, tras la firma del acuerdo, y el resto deber\u00e1 ser abonado en parcialidades, a m\u00e1s tardar el 31 de diciembre del presente a\u00f1o.&nbsp;<\/p>\n\n\n\n<p>En estos acuerdos Lozoya dejar\u00e1 en garant\u00eda 5 inmuebles, entre ellos su residencia en Lomas de Bezares, la casa de playa de su esposa en Ixtapa, la de su padre en la Colonia Bosques del Pedregal y otra en la misma demarcaci\u00f3n que fue heredada por su abuela.<\/p>\n\n\n\n<p>Seg\u00fan los informes consultados, la FGR tambi\u00e9n se desistir\u00e1 de la acci\u00f3n penal contra Gilda Margarita Austin y Sol\u00eds, Gilda Susana Lozoya Austin y Marielle Helene Eckes, madre, hermana y esposa del exdirector de Pemex, respectivamente.<\/p>\n\n\n\n<p>Como parte de los acuerdos, la Fiscal\u00eda tambi\u00e9n suspender\u00e1 los procesos de extinci\u00f3n de dominio con los que pretend\u00eda que pasaran al patrimonio de la Federaci\u00f3n la casa de Lomas de Bezares y la mansi\u00f3n de Ixtapa.<\/p>\n\n\n\n<p>Funcionarios indicaron que el mes pasado el Consejo de Administraci\u00f3n de Pemex aprob\u00f3 ambos acuerdos reparatorios, bajo la coordinaci\u00f3n de Luz Mar\u00eda Zarza Delgado, directora Jur\u00eddica de la empresa productiva del Estado.<\/p>\n\n\n\n<p>La oferta aprobada representa m\u00e1s del doble de los 5 millones de d\u00f3lares que Lozoya hab\u00eda ofrecido a las autoridades para cancelar sus dos procesos, seg\u00fan declaraciones que hizo a la prensa su abogado Miguel Ontiveros, el pasado 10 de noviembre.<\/p>\n\n\n\n<p>Fuente: https:\/\/lucesdelsiglo.com\/2022\/04\/11\/pacta-pemex-liberar-a-lozoya-nacional\/<\/p>\n","protected":false},"excerpt":{"rendered":"<p>Pemex acept\u00f3 una oferta de 10.7 millones de d\u00f3lares \u2014equivalentes a m\u00e1s de 220 millones de pesos\u2014 presentada por Lozoya [&hellip;]<\/p>\n","protected":false},"author":1,"featured_media":25493,"comment_status":"open","ping_status":"open","sticky":false,"template":"","format":"standard","meta":{"site-sidebar-layout":"default","site-content-layout":"","ast-site-content-layout":"default","site-content-style":"default","site-sidebar-style":"default","ast-global-header-display":"","ast-banner-title-visibility":"","ast-main-header-display":"","ast-hfb-above-header-display":"","ast-hfb-below-header-display":"","ast-hfb-mobile-header-display":"","site-post-title":"","ast-breadcrumbs-content":"","ast-featured-img":"","footer-sml-layout":"","theme-transparent-header-meta":"","adv-header-id-meta":"","stick-header-meta":"","header-above-stick-meta":"","header-main-stick-meta":"","header-below-stick-meta":"","astra-migrate-meta-layouts":"default","ast-page-background-enabled":"default","ast-page-background-meta":{"desktop":{"background-color":"var(--ast-global-color-4)","background-image":"","background-repeat":"repeat","background-position":"center center","background-size":"auto","background-attachment":"scroll","background-type":"","background-media":"","overlay-type":"","overlay-color":"","overlay-opacity":"","overlay-gradient":""},"tablet":{"background-color":"","background-image":"","background-repeat":"repeat","background-position":"center center","background-size":"auto","background-attachment":"scroll","background-type":"","background-media":"","overlay-type":"","overlay-color":"","overlay-opacity":"","overlay-gradient":""},"mobile":{"background-color":"","background-image":"","background-repeat":"repeat","background-position":"center center","background-size":"auto","background-attachment":"scroll","background-type":"","background-media":"","overlay-type":"","overlay-color":"","overlay-opacity":"","overlay-gradient":""}},"ast-content-background-meta":{"desktop":{"background-color":"var(--ast-global-color-5)","background-image":"","background-repeat":"repeat","background-position":"center center","background-size":"auto","background-attachment":"scroll","background-type":"","background-media":"","overlay-type":"","overlay-color":"","overlay-opacity":"","overlay-gradient":""},"tablet":{"background-color":"var(--ast-global-color-5)","background-image":"","background-repeat":"repeat","background-position":"center center","background-size":"auto","background-attachment":"scroll","background-type":"","background-media":"","overlay-type":"","overlay-color":"","overlay-opacity":"","overlay-gradient":""},"mobile":{"background-color":"var(--ast-global-color-5)","background-image":"","background-repeat":"repeat","background-position":"center center","background-size":"auto","background-attachment":"scroll","background-type":"","background-media":"","overlay-type":"","overlay-color":"","overlay-opacity":"","overlay-gradient":""}},"footnotes":""},"categories":[8],"tags":[3547,3572,255,1706],"class_list":["post-25492","post","type-post","status-publish","format-standard","has-post-thumbnail","hentry","category-noticias","tag-emilio-lozoya","tag-fgr","tag-odebrecht","tag-pemex"],"_links":{"self":[{"href":"https:\/\/losperiodistas.com.mx\/portal\/wp-json\/wp\/v2\/posts\/25492","targetHints":{"allow":["GET"]}}],"collection":[{"href":"https:\/\/losperiodistas.com.mx\/portal\/wp-json\/wp\/v2\/posts"}],"about":[{"href":"https:\/\/losperiodistas.com.mx\/portal\/wp-json\/wp\/v2\/types\/post"}],"author":[{"embeddable":true,"href":"https:\/\/losperiodistas.com.mx\/portal\/wp-json\/wp\/v2\/users\/1"}],"replies":[{"embeddable":true,"href":"https:\/\/losperiodistas.com.mx\/portal\/wp-json\/wp\/v2\/comments?post=25492"}],"version-history":[{"count":1,"href":"https:\/\/losperiodistas.com.mx\/portal\/wp-json\/wp\/v2\/posts\/25492\/revisions"}],"predecessor-version":[{"id":25494,"href":"https:\/\/losperiodistas.com.mx\/portal\/wp-json\/wp\/v2\/posts\/25492\/revisions\/25494"}],"wp:featuredmedia":[{"embeddable":true,"href":"https:\/\/losperiodistas.com.mx\/portal\/wp-json\/wp\/v2\/media\/25493"}],"wp:attachment":[{"href":"https:\/\/losperiodistas.com.mx\/portal\/wp-json\/wp\/v2\/media?parent=25492"}],"wp:term":[{"taxonomy":"category","embeddable":true,"href":"https:\/\/losperiodistas.com.mx\/portal\/wp-json\/wp\/v2\/categories?post=25492"},{"taxonomy":"post_tag","embeddable":true,"href":"https:\/\/losperiodistas.com.mx\/portal\/wp-json\/wp\/v2\/tags?post=25492"}],"curies":[{"name":"wp","href":"https:\/\/api.w.org\/{rel}","templated":true}]}}