{"id":25489,"date":"2022-04-11T06:36:47","date_gmt":"2022-04-11T11:36:47","guid":{"rendered":"http:\/\/losperiodistas.com.mx\/portal\/?p=25489"},"modified":"2022-04-11T06:36:49","modified_gmt":"2022-04-11T11:36:49","slug":"poblanos-desairan-consulta-vota-7-6-del-electorado-e-consulta","status":"publish","type":"post","link":"https:\/\/losperiodistas.com.mx\/portal\/poblanos-desairan-consulta-vota-7-6-del-electorado-e-consulta\/","title":{"rendered":"Poblanos desairan consulta; vota 7.6% del electorado | E-Consulta"},"content":{"rendered":"\n<p><strong><em>Hasta las 10 de la noche de este domingo, se hab\u00edan contabilizado 360 mil votos, la mayor\u00eda, favorables al mandato de AMLO<\/em><\/strong><\/p>\n\n\n\n<figure class=\"wp-block-image size-full\"><img fetchpriority=\"high\" decoding=\"async\" width=\"640\" height=\"426\" src=\"https:\/\/losperiodistas.com.mx\/portal\/wp-content\/uploads\/2022\/04\/tehuacan-revocacion-de-mandato-.jpg\" alt=\"\" class=\"wp-image-25490\" srcset=\"https:\/\/losperiodistas.com.mx\/portal\/wp-content\/uploads\/2022\/04\/tehuacan-revocacion-de-mandato-.jpg 640w, https:\/\/losperiodistas.com.mx\/portal\/wp-content\/uploads\/2022\/04\/tehuacan-revocacion-de-mandato--300x200.jpg 300w\" sizes=\"(max-width: 640px) 100vw, 640px\" \/><figcaption><em>Foto Agencia Enfoque<\/em><\/figcaption><\/figure>\n\n\n\n<p class=\"has-vivid-cyan-blue-color has-text-color has-medium-font-size\">MARIANA SALINAS \/ E-CONSULTA<\/p>\n\n\n\n<p>De acuerdo con los resultados preliminares de la consulta popular para la Revocaci\u00f3n de Mandato en Puebla, s\u00f3lo particip\u00f3&nbsp;<strong>7.6 por ciento de los electores, que suman un total de&nbsp;<\/strong>4 millones 703 mil.<\/p>\n\n\n\n<p>Hasta anoche se hab\u00edan contabilizado apenas 360 mil 179 papeletas participantes.<\/p>\n\n\n\n<p>Al corte de las 22:00 horas, se hab\u00edan computado en todo el estado de Puebla dos mil 941 actas de casillas, con un&nbsp;<strong>91.25 % a favor de mantener el mandato de Andr\u00e9s Manuel L\u00f3pez Obrador.<\/strong><\/p>\n\n\n\n<p>Por el contrario, se hab\u00edan registrado&nbsp;<strong>27 mil 611 votos de poblanos a favor de revocar el mandato del presidente,<\/strong>&nbsp;lo que equivale al 7.12 por ciento de los sufragios. Adem\u00e1s, se contabilizaron 6 mil 248 votos nulos.<\/p>\n\n\n\n<figure class=\"wp-block-image\"><img decoding=\"async\" src=\"https:\/\/www.e-consulta.com\/_next\/image?url=https%3A%2F%2Ffotos.e-consulta.com%2Fgraficap.jpg&amp;w=3840&amp;q=75\" alt=\"Consulta apenas convoc\u00f3 a 18% de electores en el pa\u00eds\"\/><\/figure>\n\n\n\n<p>M\u00e1s del tema&#8230;<\/p>\n\n\n\n<h5 class=\"wp-block-heading\">Consulta apenas convoc\u00f3 a 18% de electores en el pa\u00eds<\/h5>\n\n\n\n<p>En conferencia de prensa,<strong>&nbsp;Marcos Rodr\u00edguez del Castillo,<\/strong>&nbsp;presidente de la Junta Local del INE en Puebla indic\u00f3 que ser\u00e1 hasta las 7:00 horas de este 11 de abril cuando se den a conocer los resultados finales en la entidad.<\/p>\n\n\n\n<p>El INE inform\u00f3 que varias personas emitieron su voto a pesar de que no figuraba su nombre en la lista nominal. La mayor\u00eda de estos casos, en municipios al interior del estado.<\/p>\n\n\n\n<p>La baja participaci\u00f3n tambi\u00e9n se reflej\u00f3 a nivel nacional pues se estima la participaci\u00f3n entre 17 y 18.2 por ciento de la lista nominal en todo el pa\u00eds.<\/p>\n\n\n\n<p>Hasta el momento los datos nacionales revelan que m\u00e1s del 90 por ciento de los votantes avalaron la gesti\u00f3n de L\u00f3pez Obrador y poco m\u00e1s del 7 por cierto piden se revoque su mandato.<\/p>\n\n\n\n<p>Fuente: https:\/\/www.e-consulta.com\/nota\/2022-04-10\/politica\/poblanos-desairan-consulta-vota-76-del-electorado<\/p>\n","protected":false},"excerpt":{"rendered":"<p>Hasta las 10 de la noche de este domingo, se hab\u00edan contabilizado 360 mil votos, la mayor\u00eda, favorables al mandato [&hellip;]<\/p>\n","protected":false},"author":1,"featured_media":25490,"comment_status":"open","ping_status":"open","sticky":false,"template":"","format":"standard","meta":{"site-sidebar-layout":"default","site-content-layout":"","ast-site-content-layout":"default","site-content-style":"default","site-sidebar-style":"default","ast-global-header-display":"","ast-banner-title-visibility":"","ast-main-header-display":"","ast-hfb-above-header-display":"","ast-hfb-below-header-display":"","ast-hfb-mobile-header-display":"","site-post-title":"","ast-breadcrumbs-content":"","ast-featured-img":"","footer-sml-layout":"","theme-transparent-header-meta":"","adv-header-id-meta":"","stick-header-meta":"","header-above-stick-meta":"","header-main-stick-meta":"","header-below-stick-meta":"","astra-migrate-meta-layouts":"default","ast-page-background-enabled":"default","ast-page-background-meta":{"desktop":{"background-color":"var(--ast-global-color-4)","background-image":"","background-repeat":"repeat","background-position":"center center","background-size":"auto","background-attachment":"scroll","background-type":"","background-media":"","overlay-type":"","overlay-color":"","overlay-opacity":"","overlay-gradient":""},"tablet":{"background-color":"","background-image":"","background-repeat":"repeat","background-position":"center center","background-size":"auto","background-attachment":"scroll","background-type":"","background-media":"","overlay-type":"","overlay-color":"","overlay-opacity":"","overlay-gradient":""},"mobile":{"background-color":"","background-image":"","background-repeat":"repeat","background-position":"center center","background-size":"auto","background-attachment":"scroll","background-type":"","background-media":"","overlay-type":"","overlay-color":"","overlay-opacity":"","overlay-gradient":""}},"ast-content-background-meta":{"desktop":{"background-color":"var(--ast-global-color-5)","background-image":"","background-repeat":"repeat","background-position":"center center","background-size":"auto","background-attachment":"scroll","background-type":"","background-media":"","overlay-type":"","overlay-color":"","overlay-opacity":"","overlay-gradient":""},"tablet":{"background-color":"var(--ast-global-color-5)","background-image":"","background-repeat":"repeat","background-position":"center center","background-size":"auto","background-attachment":"scroll","background-type":"","background-media":"","overlay-type":"","overlay-color":"","overlay-opacity":"","overlay-gradient":""},"mobile":{"background-color":"var(--ast-global-color-5)","background-image":"","background-repeat":"repeat","background-position":"center center","background-size":"auto","background-attachment":"scroll","background-type":"","background-media":"","overlay-type":"","overlay-color":"","overlay-opacity":"","overlay-gradient":""}},"footnotes":""},"categories":[8],"tags":[1569,9449],"class_list":["post-25489","post","type-post","status-publish","format-standard","has-post-thumbnail","hentry","category-noticias","tag-ine-puebla","tag-revocacion-mandato-puebla"],"_links":{"self":[{"href":"https:\/\/losperiodistas.com.mx\/portal\/wp-json\/wp\/v2\/posts\/25489","targetHints":{"allow":["GET"]}}],"collection":[{"href":"https:\/\/losperiodistas.com.mx\/portal\/wp-json\/wp\/v2\/posts"}],"about":[{"href":"https:\/\/losperiodistas.com.mx\/portal\/wp-json\/wp\/v2\/types\/post"}],"author":[{"embeddable":true,"href":"https:\/\/losperiodistas.com.mx\/portal\/wp-json\/wp\/v2\/users\/1"}],"replies":[{"embeddable":true,"href":"https:\/\/losperiodistas.com.mx\/portal\/wp-json\/wp\/v2\/comments?post=25489"}],"version-history":[{"count":1,"href":"https:\/\/losperiodistas.com.mx\/portal\/wp-json\/wp\/v2\/posts\/25489\/revisions"}],"predecessor-version":[{"id":25491,"href":"https:\/\/losperiodistas.com.mx\/portal\/wp-json\/wp\/v2\/posts\/25489\/revisions\/25491"}],"wp:featuredmedia":[{"embeddable":true,"href":"https:\/\/losperiodistas.com.mx\/portal\/wp-json\/wp\/v2\/media\/25490"}],"wp:attachment":[{"href":"https:\/\/losperiodistas.com.mx\/portal\/wp-json\/wp\/v2\/media?parent=25489"}],"wp:term":[{"taxonomy":"category","embeddable":true,"href":"https:\/\/losperiodistas.com.mx\/portal\/wp-json\/wp\/v2\/categories?post=25489"},{"taxonomy":"post_tag","embeddable":true,"href":"https:\/\/losperiodistas.com.mx\/portal\/wp-json\/wp\/v2\/tags?post=25489"}],"curies":[{"name":"wp","href":"https:\/\/api.w.org\/{rel}","templated":true}]}}