{"id":25486,"date":"2022-04-11T06:32:45","date_gmt":"2022-04-11T11:32:45","guid":{"rendered":"http:\/\/losperiodistas.com.mx\/portal\/?p=25486"},"modified":"2022-04-11T06:32:47","modified_gmt":"2022-04-11T11:32:47","slug":"la-radiografia","status":"publish","type":"post","link":"https:\/\/losperiodistas.com.mx\/portal\/la-radiografia\/","title":{"rendered":"La radiograf\u00eda"},"content":{"rendered":"\n<p class=\"has-medium-font-size\"><em>Los resultados de la consulta sobre la continuidad de AMLO eran de esperarse, aunque dej\u00f3 un tufo de las pr\u00e1cticas del viejo PRI&#8230; En Puebla Morena no alcanz\u00f3 la meta<\/em><\/p>\n\n\n\n<p><\/p>\n\n\n\n<figure class=\"wp-block-embed is-type-video is-provider-youtube wp-block-embed-youtube wp-embed-aspect-16-9 wp-has-aspect-ratio\"><div class=\"wp-block-embed__wrapper\">\n<iframe title=\"La radiograf\u00eda\" width=\"500\" height=\"281\" src=\"https:\/\/www.youtube.com\/embed\/_LoEIpMncWY?feature=oembed\" frameborder=\"0\" allow=\"accelerometer; autoplay; clipboard-write; encrypted-media; gyroscope; picture-in-picture; web-share\" referrerpolicy=\"strict-origin-when-cross-origin\" allowfullscreen><\/iframe>\n<\/div><\/figure>\n\n\n\n<p><\/p>\n\n\n\n<p class=\"has-vivid-cyan-blue-color has-text-color\" style=\"font-size:26px\"><strong><em>Por Jes\u00fas Manuel Hern\u00e1ndez<\/em><\/strong><\/p>\n\n\n\n<p>Los resultados sobre la consulta de revocaci\u00f3n de mandato no han sorprendido a nadie, era de esperarse una votaci\u00f3n mayoritaria a favor de la continuidad del ejercicio de poder de L\u00f3pez Obrador.<\/p>\n\n\n\n<p>En t\u00e9rminos generales las cifras arrojan un 18 por ciento de participaci\u00f3n, lo que no hace a los resultados vinculatorios al quedarse 22 por ciento debajo de lo solicitado por la ley.<\/p>\n\n\n\n<p>En promedio 15 millones de personas votaron por la continuidad, y poco m\u00e1s de 1 mill\u00f3n por el no, mientras que los nulos alcanzaron los 268 mil votos.<\/p>\n\n\n\n<p>En verdad nadie se crey\u00f3 que la continuidad del mandato estuviera en riesgo m\u00e1s bien fue el ejercicio de los grupos de poder en torno a mostrar el m\u00fasculo para las elecciones que se avecinan este a\u00f1o y en el 2024 donde van a confluir todas las fuerzas en juego en el pa\u00eds, propias y extra\u00f1as. Y eso s\u00ed pudo observarse este Domingo de Ramos.<\/p>\n\n\n\n<p>Una desbocada y para muchos ilegal convocatoria de los colaboradores de primer orden del Presidente L\u00f3pez Obrador, una feroz cr\u00edtica al INE por la reducci\u00f3n de casillas, una campa\u00f1a para no votar de parte de la oposici\u00f3n tradicional a MORENA, un notable crecimiento de noticias falsas en torno a votar o no votar.<\/p>\n\n\n\n<p>Una de ellas intent\u00f3 comprometer al Episcopado Mexicano que curiosamente desde el 15 de marzo, casi un mes antes, hab\u00eda publicado un pronunciamiento donde se dec\u00eda respetuoso de la voluntad personal de cada cat\u00f3lico. La noticia falsa pon\u00eda palabras en boca de los obispos para pedir a la gente salir a votar porque AMLO continuara en el poder.<\/p>\n\n\n\n<p>Total, una especie de guerra fr\u00eda a la mexicana, el viejo PRI convertido ahora en MORENA emple\u00f3 las pr\u00e1cticas del pasado, as\u00ed lo demuestran el tipo de votante que acudi\u00f3 a las urnas y la presunci\u00f3n en redes sociales de quienes han sido beneficiados por los programas de bienestar y econ\u00f3micos de&nbsp;la 4T, no s\u00f3lo ense\u00f1aron el dedo entintado sino la boleta cruzada en el espacio de la continuidad del mandato.<\/p>\n\n\n\n<p>En fin, un Presidente feliz, agradecido por el respaldo de sus electores, aunque no alcanz\u00f3 la cifra de la elecci\u00f3n original de 30 millones de votos, pero eso no le importa, tuvo m\u00e1s votos que PRI y PAN en 2018, pero no alcanz\u00f3 la mitad de los obtenidos por \u00e9l mismo.<\/p>\n\n\n\n<p>Habr\u00e1 que voltear los ojos a la aldea, en Puebla los resultados dejan un horizonte para el an\u00e1lisis puntual. <strong>El compromiso de llevar a las urnas 1.5 millones de votos no lo pudo cumplir la estructura morenista oficial<\/strong>, no alcanz\u00f3 ni un mill\u00f3n de votos, apenas 926 mil. De ellos 841 mil votaron por la continuidad, 60 mil por la revocaci\u00f3n y 25 mil anulados. Destaca la baja participaci\u00f3n en la capital.<\/p>\n\n\n\n<p>Por lo visto las estructuras en contra de la 4T hicieron su trabajo, alejaron a la gente de las urnas, mientras que el acarreo se manifest\u00f3 en las poblaciones rurales, igual que suced\u00eda cuando el PRI gobernaba.<\/p>\n\n\n\n<p>O por lo menos, as\u00ed me lo parece.<\/p>\n\n\n\n<p><a href=\"mailto:losperiodistas.com.mx@gmail.com\">losperiodistas.com.mx@gmail.com<\/a><\/p>\n","protected":false},"excerpt":{"rendered":"<p>Los resultados de la consulta sobre la continuidad de AMLO eran de esperarse, aunque dej\u00f3 un tufo de las pr\u00e1cticas [&hellip;]<\/p>\n","protected":false},"author":1,"featured_media":25487,"comment_status":"open","ping_status":"open","sticky":false,"template":"","format":"standard","meta":{"site-sidebar-layout":"default","site-content-layout":"","ast-site-content-layout":"default","site-content-style":"default","site-sidebar-style":"default","ast-global-header-display":"","ast-banner-title-visibility":"","ast-main-header-display":"","ast-hfb-above-header-display":"","ast-hfb-below-header-display":"","ast-hfb-mobile-header-display":"","site-post-title":"","ast-breadcrumbs-content":"","ast-featured-img":"","footer-sml-layout":"","theme-transparent-header-meta":"","adv-header-id-meta":"","stick-header-meta":"","header-above-stick-meta":"","header-main-stick-meta":"","header-below-stick-meta":"","astra-migrate-meta-layouts":"default","ast-page-background-enabled":"default","ast-page-background-meta":{"desktop":{"background-color":"var(--ast-global-color-4)","background-image":"","background-repeat":"repeat","background-position":"center center","background-size":"auto","background-attachment":"scroll","background-type":"","background-media":"","overlay-type":"","overlay-color":"","overlay-opacity":"","overlay-gradient":""},"tablet":{"background-color":"","background-image":"","background-repeat":"repeat","background-position":"center center","background-size":"auto","background-attachment":"scroll","background-type":"","background-media":"","overlay-type":"","overlay-color":"","overlay-opacity":"","overlay-gradient":""},"mobile":{"background-color":"","background-image":"","background-repeat":"repeat","background-position":"center center","background-size":"auto","background-attachment":"scroll","background-type":"","background-media":"","overlay-type":"","overlay-color":"","overlay-opacity":"","overlay-gradient":""}},"ast-content-background-meta":{"desktop":{"background-color":"var(--ast-global-color-5)","background-image":"","background-repeat":"repeat","background-position":"center center","background-size":"auto","background-attachment":"scroll","background-type":"","background-media":"","overlay-type":"","overlay-color":"","overlay-opacity":"","overlay-gradient":""},"tablet":{"background-color":"var(--ast-global-color-5)","background-image":"","background-repeat":"repeat","background-position":"center center","background-size":"auto","background-attachment":"scroll","background-type":"","background-media":"","overlay-type":"","overlay-color":"","overlay-opacity":"","overlay-gradient":""},"mobile":{"background-color":"var(--ast-global-color-5)","background-image":"","background-repeat":"repeat","background-position":"center center","background-size":"auto","background-attachment":"scroll","background-type":"","background-media":"","overlay-type":"","overlay-color":"","overlay-opacity":"","overlay-gradient":""}},"footnotes":""},"categories":[8,5],"tags":[199,9448,3614],"class_list":["post-25486","post","type-post","status-publish","format-standard","has-post-thumbnail","hentry","category-noticias","category-por-soleares","tag-amlo","tag-puebla-morena","tag-revocacion-de-mandato"],"_links":{"self":[{"href":"https:\/\/losperiodistas.com.mx\/portal\/wp-json\/wp\/v2\/posts\/25486","targetHints":{"allow":["GET"]}}],"collection":[{"href":"https:\/\/losperiodistas.com.mx\/portal\/wp-json\/wp\/v2\/posts"}],"about":[{"href":"https:\/\/losperiodistas.com.mx\/portal\/wp-json\/wp\/v2\/types\/post"}],"author":[{"embeddable":true,"href":"https:\/\/losperiodistas.com.mx\/portal\/wp-json\/wp\/v2\/users\/1"}],"replies":[{"embeddable":true,"href":"https:\/\/losperiodistas.com.mx\/portal\/wp-json\/wp\/v2\/comments?post=25486"}],"version-history":[{"count":1,"href":"https:\/\/losperiodistas.com.mx\/portal\/wp-json\/wp\/v2\/posts\/25486\/revisions"}],"predecessor-version":[{"id":25488,"href":"https:\/\/losperiodistas.com.mx\/portal\/wp-json\/wp\/v2\/posts\/25486\/revisions\/25488"}],"wp:featuredmedia":[{"embeddable":true,"href":"https:\/\/losperiodistas.com.mx\/portal\/wp-json\/wp\/v2\/media\/25487"}],"wp:attachment":[{"href":"https:\/\/losperiodistas.com.mx\/portal\/wp-json\/wp\/v2\/media?parent=25486"}],"wp:term":[{"taxonomy":"category","embeddable":true,"href":"https:\/\/losperiodistas.com.mx\/portal\/wp-json\/wp\/v2\/categories?post=25486"},{"taxonomy":"post_tag","embeddable":true,"href":"https:\/\/losperiodistas.com.mx\/portal\/wp-json\/wp\/v2\/tags?post=25486"}],"curies":[{"name":"wp","href":"https:\/\/api.w.org\/{rel}","templated":true}]}}