{"id":25480,"date":"2022-04-11T06:28:27","date_gmt":"2022-04-11T11:28:27","guid":{"rendered":"http:\/\/losperiodistas.com.mx\/portal\/?p=25480"},"modified":"2022-04-11T06:33:11","modified_gmt":"2022-04-11T11:33:11","slug":"gobernadores-de-morena-celebran-exito-de-amlo-en-consulta-de-revocacion-forbes","status":"publish","type":"post","link":"https:\/\/losperiodistas.com.mx\/portal\/gobernadores-de-morena-celebran-exito-de-amlo-en-consulta-de-revocacion-forbes\/","title":{"rendered":"Gobernadores de Morena celebran \u2018\u00e9xito\u2019 de AMLO en consulta de revocaci\u00f3n | Forbes"},"content":{"rendered":"\n<p><em>Los gobernadores de Morena celebraron el apoyo que recibi\u00f3 el presidente L\u00f3pez Obrador en la consulta de revocaci\u00f3n de mandato.<\/em><\/p>\n\n\n\n<figure class=\"wp-block-image size-large\"><img fetchpriority=\"high\" decoding=\"async\" width=\"1024\" height=\"576\" src=\"https:\/\/losperiodistas.com.mx\/portal\/wp-content\/uploads\/2022\/04\/gobernadores-morena-1024x576.jpeg\" alt=\"\" class=\"wp-image-25481\" srcset=\"https:\/\/losperiodistas.com.mx\/portal\/wp-content\/uploads\/2022\/04\/gobernadores-morena-1024x576.jpeg 1024w, https:\/\/losperiodistas.com.mx\/portal\/wp-content\/uploads\/2022\/04\/gobernadores-morena-300x169.jpeg 300w, https:\/\/losperiodistas.com.mx\/portal\/wp-content\/uploads\/2022\/04\/gobernadores-morena-768x432.jpeg 768w, https:\/\/losperiodistas.com.mx\/portal\/wp-content\/uploads\/2022\/04\/gobernadores-morena.jpeg 1280w\" sizes=\"(max-width: 1024px) 100vw, 1024px\" \/><figcaption><em>Foto: Twitter @CuitlahuacGJ.<\/em><\/figcaption><\/figure>\n\n\n\n<p class=\"has-vivid-cyan-blue-color has-text-color has-medium-font-size\">YARED DE LA ROSA \/ FORBES<\/p>\n\n\n\n<p>En la consulta de revocaci\u00f3n de mandato particip\u00f3 entre 17 y 18.2% de los ciudadanos registrados en la Lista Nominal. De ellos, de 90.3 a 91.9% votaron para que Andr\u00e9s Manuel L\u00f3pez Obrador siga en la Presidencia y entre 6.4% a 7.8% para que se le revoque el mandato, de acuerdo con el conteo r\u00e1pido de Instituto Nacional Electoral (INE).<\/p>\n\n\n\n<p>Con ello, la consulta no ser\u00e1 vinculante, pues era necesario que participar\u00e1 40% de las personas registradas en la Lista Nominal, es decir, 37 millones 129 mil 287 votos.<\/p>\n\n\n\n<p>Con los porcentajes del resultado preliminar, el presidente L\u00f3pez Obrador habr\u00eda obtenido esta jornada entre 15.7 y 16.8 millones de votos a su favor en la consulta.<\/p>\n\n\n\n<p>En sesi\u00f3n Extraordinaria del Consejo General del INE, el consejero presidente Lorenzo C\u00f3rdova explic\u00f3 que para hacer este conteo se tom\u00f3 una muestra de 1,753 casillas y el nivel de confianza fue de 95%.<\/p>\n\n\n\n<figure class=\"wp-block-embed is-type-rich is-provider-twitter wp-block-embed-twitter\"><div class=\"wp-block-embed__wrapper\">\n<blockquote class=\"twitter-tweet\" data-width=\"500\" data-dnt=\"true\"><p lang=\"es\" dir=\"ltr\">\u27a1\ufe0f Conoce las estimaciones del <a href=\"https:\/\/twitter.com\/hashtag\/ConteoR%C3%A1pido?src=hash&amp;ref_src=twsrc%5Etfw\">#ConteoR\u00e1pido<\/a> para la <a href=\"https:\/\/twitter.com\/hashtag\/Revocaci%C3%B3nDeMandato?src=hash&amp;ref_src=twsrc%5Etfw\">#Revocaci\u00f3nDeMandato<\/a>. <a href=\"https:\/\/t.co\/9YzHa3aH9c\">https:\/\/t.co\/9YzHa3aH9c<\/a> <a href=\"https:\/\/t.co\/PBqaNtYYEa\">pic.twitter.com\/PBqaNtYYEa<\/a><\/p>&mdash; @INEMexico (@INEMexico) <a href=\"https:\/\/twitter.com\/INEMexico\/status\/1513343430113562624?ref_src=twsrc%5Etfw\">April 11, 2022<\/a><\/blockquote><script async src=\"https:\/\/platform.twitter.com\/widgets.js\" charset=\"utf-8\"><\/script>\n<\/div><\/figure>\n\n\n\n<p>Especific\u00f3 que los resultados finales se tendr\u00e1n ma\u00f1ana en la p\u00e1gina&nbsp;<a href=\"https:\/\/computosrm2022.ine.mx\/votos-distrito\/grafica\" target=\"_blank\" rel=\"noreferrer noopener\">https:\/\/computosrm2022.ine.mx\/votos-distrito\/grafica<\/a>. Hasta hoy a las 10:00 de la noche iba computo el 25.8% de las actas.<\/p>\n\n\n\n<p>En tanto, el secretario ejecutivo, Edmundo Jacobo Molina, inform\u00f3 que se instalaron 57,448 casillas, que es 100% de las casillas aprobadas por los consejos distritales. Se\u00f1al\u00f3 que solo una casilla de Veracruz fue instalada hasta la tarde.<\/p>\n\n\n\n<p>Coment\u00f3 que en el desarrollo de la jornada electoral se registraron 1,704 incidentes, de los cuales resolvieron 43.5%. Entre ellos est\u00e1n la suspensi\u00f3n de la votaci\u00f3n en 20 casos por violencia en las casillas o por robo del material, mientras que en 781 casos hubo votaci\u00f3n sin credencial del elector o sin aparecer en la Lista Nominal.<\/p>\n\n\n\n<p>Tambi\u00e9n report\u00f3 133 casos donde hab\u00eda propaganda al interior o exterior de la casilla, 154 casos con interferencia en el desarrollo de la votaci\u00f3n y en 111 casos hubo ausencia prolongada o definitiva de alg\u00fan funcionario de la casilla.<\/p>\n\n\n\n<p>Adem\u00e1s, el \u00f3rgano electoral recibi\u00f3 8,287 votos de los mexicanos en el extranjero que votaron v\u00eda internet, de los cuales 6,324 vot\u00f3 para que L\u00f3pez Obrador siga en la presidencia; 1,915 que se le revoqu\u00e9 el mandato, y 48 fueron anulados. Con ello, 46.53% de los mexicanos en el extranjero participaron en este ejercicio.<\/p>\n\n\n\n<p>Fuente: https:\/\/www.forbes.com.mx\/consulta-de-revocacion-participa-entre-17-y-18-2-mas-de-90-vota-por-amlo\/<\/p>\n","protected":false},"excerpt":{"rendered":"<p>Los gobernadores de Morena celebraron el apoyo que recibi\u00f3 el presidente L\u00f3pez Obrador en la consulta de revocaci\u00f3n de mandato. [&hellip;]<\/p>\n","protected":false},"author":1,"featured_media":25481,"comment_status":"open","ping_status":"open","sticky":false,"template":"","format":"standard","meta":{"site-sidebar-layout":"default","site-content-layout":"","ast-site-content-layout":"default","site-content-style":"default","site-sidebar-style":"default","ast-global-header-display":"","ast-banner-title-visibility":"","ast-main-header-display":"","ast-hfb-above-header-display":"","ast-hfb-below-header-display":"","ast-hfb-mobile-header-display":"","site-post-title":"","ast-breadcrumbs-content":"","ast-featured-img":"","footer-sml-layout":"","theme-transparent-header-meta":"","adv-header-id-meta":"","stick-header-meta":"","header-above-stick-meta":"","header-main-stick-meta":"","header-below-stick-meta":"","astra-migrate-meta-layouts":"default","ast-page-background-enabled":"default","ast-page-background-meta":{"desktop":{"background-color":"var(--ast-global-color-4)","background-image":"","background-repeat":"repeat","background-position":"center center","background-size":"auto","background-attachment":"scroll","background-type":"","background-media":"","overlay-type":"","overlay-color":"","overlay-opacity":"","overlay-gradient":""},"tablet":{"background-color":"","background-image":"","background-repeat":"repeat","background-position":"center center","background-size":"auto","background-attachment":"scroll","background-type":"","background-media":"","overlay-type":"","overlay-color":"","overlay-opacity":"","overlay-gradient":""},"mobile":{"background-color":"","background-image":"","background-repeat":"repeat","background-position":"center center","background-size":"auto","background-attachment":"scroll","background-type":"","background-media":"","overlay-type":"","overlay-color":"","overlay-opacity":"","overlay-gradient":""}},"ast-content-background-meta":{"desktop":{"background-color":"var(--ast-global-color-5)","background-image":"","background-repeat":"repeat","background-position":"center center","background-size":"auto","background-attachment":"scroll","background-type":"","background-media":"","overlay-type":"","overlay-color":"","overlay-opacity":"","overlay-gradient":""},"tablet":{"background-color":"var(--ast-global-color-5)","background-image":"","background-repeat":"repeat","background-position":"center center","background-size":"auto","background-attachment":"scroll","background-type":"","background-media":"","overlay-type":"","overlay-color":"","overlay-opacity":"","overlay-gradient":""},"mobile":{"background-color":"var(--ast-global-color-5)","background-image":"","background-repeat":"repeat","background-position":"center center","background-size":"auto","background-attachment":"scroll","background-type":"","background-media":"","overlay-type":"","overlay-color":"","overlay-opacity":"","overlay-gradient":""}},"footnotes":""},"categories":[8,1],"tags":[9447,885,3614],"class_list":["post-25480","post","type-post","status-publish","format-standard","has-post-thumbnail","hentry","category-noticias","category-sin-categoria","tag-gobernadores-morena","tag-ine","tag-revocacion-de-mandato"],"_links":{"self":[{"href":"https:\/\/losperiodistas.com.mx\/portal\/wp-json\/wp\/v2\/posts\/25480","targetHints":{"allow":["GET"]}}],"collection":[{"href":"https:\/\/losperiodistas.com.mx\/portal\/wp-json\/wp\/v2\/posts"}],"about":[{"href":"https:\/\/losperiodistas.com.mx\/portal\/wp-json\/wp\/v2\/types\/post"}],"author":[{"embeddable":true,"href":"https:\/\/losperiodistas.com.mx\/portal\/wp-json\/wp\/v2\/users\/1"}],"replies":[{"embeddable":true,"href":"https:\/\/losperiodistas.com.mx\/portal\/wp-json\/wp\/v2\/comments?post=25480"}],"version-history":[{"count":1,"href":"https:\/\/losperiodistas.com.mx\/portal\/wp-json\/wp\/v2\/posts\/25480\/revisions"}],"predecessor-version":[{"id":25482,"href":"https:\/\/losperiodistas.com.mx\/portal\/wp-json\/wp\/v2\/posts\/25480\/revisions\/25482"}],"wp:featuredmedia":[{"embeddable":true,"href":"https:\/\/losperiodistas.com.mx\/portal\/wp-json\/wp\/v2\/media\/25481"}],"wp:attachment":[{"href":"https:\/\/losperiodistas.com.mx\/portal\/wp-json\/wp\/v2\/media?parent=25480"}],"wp:term":[{"taxonomy":"category","embeddable":true,"href":"https:\/\/losperiodistas.com.mx\/portal\/wp-json\/wp\/v2\/categories?post=25480"},{"taxonomy":"post_tag","embeddable":true,"href":"https:\/\/losperiodistas.com.mx\/portal\/wp-json\/wp\/v2\/tags?post=25480"}],"curies":[{"name":"wp","href":"https:\/\/api.w.org\/{rel}","templated":true}]}}