{"id":25178,"date":"2022-04-05T09:31:57","date_gmt":"2022-04-05T14:31:57","guid":{"rendered":"http:\/\/losperiodistas.com.mx\/portal\/?p=25178"},"modified":"2022-04-05T09:31:59","modified_gmt":"2022-04-05T14:31:59","slug":"legisladores-del-pri-y-pan-se-van-a-rebelar-y-votaran-a-favor-de-la-reforma-electrica-amlo-proceso","status":"publish","type":"post","link":"https:\/\/losperiodistas.com.mx\/portal\/legisladores-del-pri-y-pan-se-van-a-rebelar-y-votaran-a-favor-de-la-reforma-electrica-amlo-proceso\/","title":{"rendered":"Legisladores del PRI y PAN se van a rebelar y votar\u00e1n a favor de la reforma el\u00e9ctrica: AMLO | Proceso"},"content":{"rendered":"\n<p><em>\u201cEstoy yo confiando que van a votar libremente y se van a rebelar y llamo a eso, a que se rebelen para que sean aut\u00e9nticos representantes populares y no empleados de grupos de intereses creados, que no sean traidores a la patria\u201d, expres\u00f3 el mandartario.<\/em><\/p>\n\n\n\n<figure class=\"wp-block-image size-full\"><img fetchpriority=\"high\" decoding=\"async\" width=\"800\" height=\"450\" src=\"https:\/\/losperiodistas.com.mx\/portal\/wp-content\/uploads\/2022\/04\/f800x450-152806_204252_5050.jpeg\" alt=\"\" class=\"wp-image-25179\" srcset=\"https:\/\/losperiodistas.com.mx\/portal\/wp-content\/uploads\/2022\/04\/f800x450-152806_204252_5050.jpeg 800w, https:\/\/losperiodistas.com.mx\/portal\/wp-content\/uploads\/2022\/04\/f800x450-152806_204252_5050-300x169.jpeg 300w, https:\/\/losperiodistas.com.mx\/portal\/wp-content\/uploads\/2022\/04\/f800x450-152806_204252_5050-768x432.jpeg 768w\" sizes=\"(max-width: 800px) 100vw, 800px\" \/><figcaption>El presidente L\u00f3pez Obrador . Foto: Presidencia<\/figcaption><\/figure>\n\n\n\n<p class=\"has-vivid-cyan-blue-color has-text-color has-medium-font-size\">EZEQUIEL FLORES CONTERAS \/ PROCESO<\/p>\n\n\n\n<p>CIUDAD DE M\u00c9XICO (apro).- El presidente Andr\u00e9s Manuel L\u00f3pez Obrador revel\u00f3 que tiene informaci\u00f3n en el sentido de que algunos legisladores del PRI y el PAN no est\u00e1n de acuerdo con sus dirigentes y van a votar a favor de la reforma el\u00e9ctrica que envi\u00f3 el gobierno federal al Congreso de la Uni\u00f3n para que la Comisi\u00f3n Federal de Electricidad (CFE), tenga preponderancia sobre las empresas nacionales y extranjeras en el sector energ\u00e9tico.<\/p>\n\n\n\n<p><em>\u201cEstoy yo confiando que van a votar libremente y se van a rebelar y llamo a eso, a que se rebelen para que sean aut\u00e9nticos representantes populares y no empleados de grupos de intereses creados, que no sean traidores a la patria\u201d, expres\u00f3.<\/em><\/p>\n\n\n\n<p>En la conferencia ma\u00f1anera, el mandatario sostuvo que estamos viviendo tiempos de definiciones y advirti\u00f3 que en los pr\u00f3ximos d\u00edas \u201cvamos a saber qui\u00e9n es qui\u00e9n\u201d.<\/p>\n\n\n\n<p>\u201cYa se juntaron el PRI y el PAN para expresar que no van a apoyar la iniciativa que presentamos para fortalecer a la CFE y manifestaron que van a apoyar a las empresas particulares sobre todo las extranjeras, si no lo dijeron as\u00ed textualmente, s\u00ed lo insinuaron\u201d, asegur\u00f3 el mandatario.<\/p>\n\n\n\n<p>Incluso, coment\u00f3 que los dirigentes del PRI y el PAN hablaron sobre inversi\u00f3n extranjera y coincide con lo que expres\u00f3 una funcionaria del gobierno de Estados Unidos, Katherine Tai, representante comercial de ese pa\u00eds, en el sentido de que la reforma el\u00e9ctrica del gobierno del presidente L\u00f3pez Obrador \u201cpone en riesgo 10 mil millones de d\u00f3lares\u201d de la inversi\u00f3n de empresas extranjeras en M\u00e9xico.<\/p>\n\n\n\n<blockquote class=\"wp-block-quote is-layout-flow wp-block-quote-is-layout-flow\"><p>\u201cTodo coincide, pero hay muchos legisladores y tengo informaci\u00f3n que legisladores del PRI, y en una de esas hasta del PAN, no est\u00e1n de acuerdo con votar para que se siga protegiendo a las empresas particulares\u201d, advirti\u00f3 el mandatario.<\/p><\/blockquote>\n\n\n\n<p>Enseguida, lanz\u00f3 nuevamente un llamado a los legisladores de oposici\u00f3n para que se rebelen a la decisi\u00f3n de sus dirigentes.<\/p>\n\n\n\n<blockquote class=\"wp-block-quote is-layout-flow wp-block-quote-is-layout-flow\"><p>\u201cQue se rebelen, que tengan la arrogancia de sentirse libres, que la libertad no se implora, se conquista, que no olviden lo que coment\u00f3 en una ocasi\u00f3n Jorge Luis Borges cuando le preguntaron qu\u00e9 le gustar\u00eda llevarse a su tumba cuando muera y respondi\u00f3: `esos peque\u00f1os momentos en que viv\u00ed con arrojo`\u201d, dijo.<\/p><\/blockquote>\n\n\n\n<p>Abund\u00f3:<\/p>\n\n\n\n<blockquote class=\"wp-block-quote is-layout-flow wp-block-quote-is-layout-flow\"><p>\u201cEso es la vida, entonces todav\u00eda esto est\u00e1 comenzando. Arriba se pusieron de acuerdo, eso lo resuelven con cenas, comidas y en una de las en embajadas o con las c\u00fapulas del poder econ\u00f3mico, pero eso es all\u00e1 en la \u00e9lite, en lo m\u00e1s alto del poder econ\u00f3mico y pol\u00edtico, nos falta ver qu\u00e9 piensan todos los legisladores, qu\u00e9 opinan y yo llamo a que la gente est\u00e9 pendiente porque se van a abrir debates en la C\u00e1mara de Diputados, seguramente se van a transmitir por televisi\u00f3n o radio y hay que ver qui\u00e9n defiende a las empresas porque esto ya ha sucedido en otros tiempos\u201d, refiri\u00f3.<\/p><\/blockquote>\n\n\n\n<p>Enseguida, record\u00f3 que en el gobierno del expresidente Ernesto Zedillo Ponce de Le\u00f3n, los legisladores del PRI y el PAN se pusieron de acuerdo para aprobar el Fobaproa, es decir, hacer p\u00fablica la deuda millonaria de algunos empresarios privados.<\/p>\n\n\n\n<p>Fuente: https:\/\/www.proceso.com.mx\/nacional\/2022\/4\/5\/legisladores-del-pri-pan-se-van-rebelar-votaran-favor-de-la-reforma-electrica-amlo-283685.html<\/p>\n","protected":false},"excerpt":{"rendered":"<p>\u201cEstoy yo confiando que van a votar libremente y se van a rebelar y llamo a eso, a que se [&hellip;]<\/p>\n","protected":false},"author":1,"featured_media":25179,"comment_status":"open","ping_status":"open","sticky":false,"template":"","format":"standard","meta":{"site-sidebar-layout":"default","site-content-layout":"","ast-site-content-layout":"default","site-content-style":"default","site-sidebar-style":"default","ast-global-header-display":"","ast-banner-title-visibility":"","ast-main-header-display":"","ast-hfb-above-header-display":"","ast-hfb-below-header-display":"","ast-hfb-mobile-header-display":"","site-post-title":"","ast-breadcrumbs-content":"","ast-featured-img":"","footer-sml-layout":"","theme-transparent-header-meta":"","adv-header-id-meta":"","stick-header-meta":"","header-above-stick-meta":"","header-main-stick-meta":"","header-below-stick-meta":"","astra-migrate-meta-layouts":"default","ast-page-background-enabled":"default","ast-page-background-meta":{"desktop":{"background-color":"var(--ast-global-color-4)","background-image":"","background-repeat":"repeat","background-position":"center center","background-size":"auto","background-attachment":"scroll","background-type":"","background-media":"","overlay-type":"","overlay-color":"","overlay-opacity":"","overlay-gradient":""},"tablet":{"background-color":"","background-image":"","background-repeat":"repeat","background-position":"center center","background-size":"auto","background-attachment":"scroll","background-type":"","background-media":"","overlay-type":"","overlay-color":"","overlay-opacity":"","overlay-gradient":""},"mobile":{"background-color":"","background-image":"","background-repeat":"repeat","background-position":"center center","background-size":"auto","background-attachment":"scroll","background-type":"","background-media":"","overlay-type":"","overlay-color":"","overlay-opacity":"","overlay-gradient":""}},"ast-content-background-meta":{"desktop":{"background-color":"var(--ast-global-color-5)","background-image":"","background-repeat":"repeat","background-position":"center center","background-size":"auto","background-attachment":"scroll","background-type":"","background-media":"","overlay-type":"","overlay-color":"","overlay-opacity":"","overlay-gradient":""},"tablet":{"background-color":"var(--ast-global-color-5)","background-image":"","background-repeat":"repeat","background-position":"center center","background-size":"auto","background-attachment":"scroll","background-type":"","background-media":"","overlay-type":"","overlay-color":"","overlay-opacity":"","overlay-gradient":""},"mobile":{"background-color":"var(--ast-global-color-5)","background-image":"","background-repeat":"repeat","background-position":"center center","background-size":"auto","background-attachment":"scroll","background-type":"","background-media":"","overlay-type":"","overlay-color":"","overlay-opacity":"","overlay-gradient":""}},"footnotes":""},"categories":[8],"tags":[199,34,248,4485],"class_list":["post-25178","post","type-post","status-publish","format-standard","has-post-thumbnail","hentry","category-noticias","tag-amlo","tag-cfe","tag-pan","tag-reforma-electrica"],"_links":{"self":[{"href":"https:\/\/losperiodistas.com.mx\/portal\/wp-json\/wp\/v2\/posts\/25178","targetHints":{"allow":["GET"]}}],"collection":[{"href":"https:\/\/losperiodistas.com.mx\/portal\/wp-json\/wp\/v2\/posts"}],"about":[{"href":"https:\/\/losperiodistas.com.mx\/portal\/wp-json\/wp\/v2\/types\/post"}],"author":[{"embeddable":true,"href":"https:\/\/losperiodistas.com.mx\/portal\/wp-json\/wp\/v2\/users\/1"}],"replies":[{"embeddable":true,"href":"https:\/\/losperiodistas.com.mx\/portal\/wp-json\/wp\/v2\/comments?post=25178"}],"version-history":[{"count":1,"href":"https:\/\/losperiodistas.com.mx\/portal\/wp-json\/wp\/v2\/posts\/25178\/revisions"}],"predecessor-version":[{"id":25180,"href":"https:\/\/losperiodistas.com.mx\/portal\/wp-json\/wp\/v2\/posts\/25178\/revisions\/25180"}],"wp:featuredmedia":[{"embeddable":true,"href":"https:\/\/losperiodistas.com.mx\/portal\/wp-json\/wp\/v2\/media\/25179"}],"wp:attachment":[{"href":"https:\/\/losperiodistas.com.mx\/portal\/wp-json\/wp\/v2\/media?parent=25178"}],"wp:term":[{"taxonomy":"category","embeddable":true,"href":"https:\/\/losperiodistas.com.mx\/portal\/wp-json\/wp\/v2\/categories?post=25178"},{"taxonomy":"post_tag","embeddable":true,"href":"https:\/\/losperiodistas.com.mx\/portal\/wp-json\/wp\/v2\/tags?post=25178"}],"curies":[{"name":"wp","href":"https:\/\/api.w.org\/{rel}","templated":true}]}}