{"id":2517,"date":"2020-12-18T02:34:27","date_gmt":"2020-12-18T08:34:27","guid":{"rendered":"http:\/\/losperiodistas.com.mx\/portal\/?p=2517"},"modified":"2020-12-18T02:34:27","modified_gmt":"2020-12-18T08:34:27","slug":"esta-si-es-una-pesadilla","status":"publish","type":"post","link":"https:\/\/losperiodistas.com.mx\/portal\/esta-si-es-una-pesadilla\/","title":{"rendered":"Esta si es una pesadilla\u2026"},"content":{"rendered":"\n<p style=\"font-size:18px\">*El sue\u00f1o recurrente de un poblano<\/p>\n\n\n\n<p style=\"font-size:26px\"><em>Por Ra\u00fal Torres Salmer\u00f3n<\/em><\/p>\n\n\n\n<p>Pobre de mi amigo Mardonio. Me Contaba que ha tenido una pesadilla recurrente y terrible. Estas son sus palabras:<\/p>\n\n\n\n<p>De repente, despierto, me levanto de la cama, es un cuarto espacioso antiguo con el techo muy alto. Me miro al espejo y descubro&#8230; que tengo la piel negra.<\/p>\n\n\n\n<p>Busco mi foto en la credencial del Instituto Nacional Electoral y tengo ese color\u2026&nbsp;&nbsp;<\/p>\n\n\n\n<p>Busco mi pasaporte y la foto tambi\u00e9n es igual, pero descubro que soy ciudadano argentino. \u00a1Dios m\u00edo&#8230; Yo, que no los quer\u00eda!<\/p>\n\n\n\n<p>Me siento con dificultad, abatido, en una silla&#8230;&nbsp;&nbsp;\u00a1Ah caray! Descubro que tengo una pr\u00f3tesis en la pierna. Adem\u00e1s la silla&#8230; es de ruedas. Lo que significa que, adem\u00e1s de mi color y nacionalidad, tambi\u00e9n tengo una discapacidad.<\/p>\n\n\n\n<p>\u00bfQu\u00e9 es esto? Es imposible que yo sea todo esto. Alguien por atr\u00e1s me toca y me dice que me calme.<\/p>\n\n\n\n<p>Es Arturo y dice que es mi novio. Lo que no imaginaba, tener una preferencia diferente a lo que recordaba. \u00a1Soy homosexual!<\/p>\n\n\n\n<p>De acuerdo a lo que dice mi Cartilla de Salud, tengo el S\u00edndrome de Inmuno Deficiencia Adquirida.<\/p>\n\n\n\n<p>Caray, en medio de toda estas noticias, busco mi jeringa\u2026 \u00a1Dios, no es posible! \u00a1Piel oscura, argentino, discapacitado, homosexual, seropositivo y farmacodependiente! Esto \u00faltimo, s\u00ed que no me lo esperaba.<\/p>\n\n\n\n<p>Desesperado, empiezo a llorar, trato de jalarme el pelo y no puedo&#8230; \u00a1No puedo! Soy calvo.<\/p>\n\n\n\n<p>Suena el tel\u00e9fono y es mi hermana Paulina quien me dice: \u201c\u00a1Desde que murieron mam\u00e1 y pap\u00e1, lo \u00fanico que haces es drogarte y quedarte ah\u00ed tirado, sin nada que hacer, en todo el d\u00eda! B\u00fascate cualquier trabajo\u2026&nbsp;el que sea\u201d.<\/p>\n\n\n\n<p>Dios M\u00edo\u2026 Tambi\u00e9n soy hu\u00e9rfano y para acabarla de fregar, soy un flojonazo.<\/p>\n\n\n\n<p>Intento explicar a mi hermana lo dif\u00edcil que es encontrar un trabajo, el que sea, cuando se tienen tantas caracter\u00edsticas que una sociedad discriminatoria no acepta, pero no lo consigo, porque&#8230; Porque me oigo y\u2026 tambi\u00e9n soy tartamudo.<\/p>\n\n\n\n<p>Trastornado, cuelgo el tel\u00e9fono con la \u00fanica mano que tengo&#8230; \u00a1Uf! \u00a1Que caray!&#8230; Descubro que soy manco&#8230; \u00a1Estoy manco!&nbsp;<\/p>\n\n\n\n<p>Luego, con l\u00e1grimas en los ojos, me acerco a la ventana a mirar el paisaje. Hay patrullas y varias vecindades alrededor, frente a mi ventana hay una barda pintarrajeada que dice: &#8216;Barrio de la Luz\u2026 es la Ley&#8217;.<\/p>\n\n\n\n<p>Siento una pu\u00f1alada en el marcapaso. \u00a1Dios de los desesperados! \u00a1No la amueles! \u00a1Estoy mal del coraz\u00f3n!&nbsp;<\/p>\n\n\n\n<p>Hay muchas cosas con las que se puede vivir, sobre todo con las que son de nuestra elecci\u00f3n. Pero la discriminaci\u00f3n tambi\u00e9n se da por el lugar en que las personas viven, por no tener una casa lujosa, como si no pertenecer a una clase alta fuera algo de nuestra elecci\u00f3n. Vivo en el antiguo Barrio de La Luz, en el&nbsp; hermoso, pero viejo Centro Hist\u00f3rico de Puebla, donde las viejas casonas y vecindades se est\u00e1n cayendo.<\/p>\n\n\n\n<p>En ese momento se me acerca mi novio Arturo, quien con l\u00e1grimas recorri\u00e9ndole el rostro me dice con voz aguda y quebrada: \u201cCari\u00f1o, no te preocupes&#8230; Ver\u00e1s que, la alcaldesa Claudia, nuestra gran amiga nos va dar trabajo y nos va a sacar de pobres&#8230;&nbsp;Estamos en su mismo partido. Adem\u00e1s, pese a las broncas que tiene con el Gobernador, piensa reelegirse\u201d.<\/p>\n\n\n\n<p>\u00a1Dios M\u00edo!&#8230; \u00a1Tambi\u00e9n soy moreno!&#8230; \u00a1Soy chairo!&#8230; \u00a1Ya no soy fif\u00ed!&#8230; Me vuelvo a sentir discriminado por el propio Presidente.&nbsp;<\/p>\n\n\n\n<p>Pero, aunque no salgamos a la calle, me dice que debemos utilizar el cubrebocas. Le pregunto entonces: \u00bfCubrebocas? Con cara de p\u00e1nico me explica la pandemia que azota al mundo, el coronavirus, los problemas de la econom\u00eda mundial. \u00a1Una pandemia! \u00a1Dios m\u00edo!<\/p>\n\n\n\n<p>UN AMARGO DESPERTAR<\/p>\n\n\n\n<p>Entonces es en ese momento cuando despierto y me veo a m\u00ed mismo. Sudoroso, con rostro de p\u00e1nico y pienso:<\/p>\n\n\n\n<p>Es mejor estar bien, normal, sano, no importa estar confinado, ser perredista, pri\u00edsta y en ocasiones hasta panista, al fin se van a aliar en las pr\u00f3ximas elecciones. Seguramente la pandemia causar\u00e1 muchas muertes y dejar\u00e1 muchas secuelas de todo tipo.<\/p>\n\n\n\n<p>Y ya bien despierto me asaltan las dudas:<\/p>\n\n\n\n<p>\u00bfSer\u00e1 lo mejor la Cuarta Transformaci\u00f3n? \u00bfSer\u00e1 mejor una guerra a muerte contra los fif\u00eds? \u00bfCu\u00e1ndo terminar\u00e1 la pandemia del coronavirus? \u00bfQu\u00e9 pasar\u00e1 en el futuro inmediato? \u00bfEs el fin del mundo? \u00bfSer\u00e1n peores las pesadillas que la realidad? \u00bfEst\u00e1bamos mejor cuando est\u00e1bamos peor? \u00bfAlcanzar\u00e1n las vacunas?<\/p>\n\n\n\n<p>Hasta aqu\u00ed lo platicado con la pesadilla de mi amigo. \u00bfAcaso hay alguna distancia de los sue\u00f1os y las pesadillas a la realidad?&nbsp;<\/p>\n\n\n\n<p>Seguimos viviendo en una sociedad en donde se se\u00f1ala, se critica, se discrimina, se violenta y no queremos cambiar, \u00bfqu\u00e9 hemos aprendido, qu\u00e9 nos ha dejado el 2020?<\/p>\n\n\n\n<p>Cualquier parecido con la realidad no es coincidencia\u2026<\/p>\n\n\n\n<p>En fin, como escribi\u00f3 Antonio Machado (Espa\u00f1a, 1875-1939), en su poema Los Sue\u00f1os Malos:<\/p>\n\n\n\n<p>Est\u00e1 la plaza sombr\u00eda;<\/p>\n\n\n\n<p>muere el d\u00eda.<\/p>\n\n\n\n<p>Suenan lejos las campanas.<\/p>\n\n\n\n<p>De balcones y ventanas<\/p>\n\n\n\n<p>se iluminan las vidrieras<\/p>\n\n\n\n<p>con reflejos mortecinos,<\/p>\n\n\n\n<p>como huesos blanquecinos<\/p>\n\n\n\n<p>y borrosas calaveras.<\/p>\n\n\n\n<p>En toda la tarde brilla<\/p>\n\n\n\n<p>una luz de pesadilla.<\/p>\n\n\n\n<p>raultorress@hotmail.com<\/p>\n","protected":false},"excerpt":{"rendered":"<p>*El sue\u00f1o recurrente de un poblano Por Ra\u00fal Torres Salmer\u00f3n Pobre de mi amigo Mardonio. Me Contaba que ha tenido [&hellip;]<\/p>\n","protected":false},"author":1,"featured_media":2518,"comment_status":"open","ping_status":"open","sticky":false,"template":"","format":"standard","meta":{"site-sidebar-layout":"default","site-content-layout":"","ast-site-content-layout":"default","site-content-style":"default","site-sidebar-style":"default","ast-global-header-display":"","ast-banner-title-visibility":"","ast-main-header-display":"","ast-hfb-above-header-display":"","ast-hfb-below-header-display":"","ast-hfb-mobile-header-display":"","site-post-title":"","ast-breadcrumbs-content":"","ast-featured-img":"","footer-sml-layout":"","theme-transparent-header-meta":"","adv-header-id-meta":"","stick-header-meta":"","header-above-stick-meta":"","header-main-stick-meta":"","header-below-stick-meta":"","astra-migrate-meta-layouts":"default","ast-page-background-enabled":"default","ast-page-background-meta":{"desktop":{"background-color":"var(--ast-global-color-4)","background-image":"","background-repeat":"repeat","background-position":"center center","background-size":"auto","background-attachment":"scroll","background-type":"","background-media":"","overlay-type":"","overlay-color":"","overlay-opacity":"","overlay-gradient":""},"tablet":{"background-color":"","background-image":"","background-repeat":"repeat","background-position":"center center","background-size":"auto","background-attachment":"scroll","background-type":"","background-media":"","overlay-type":"","overlay-color":"","overlay-opacity":"","overlay-gradient":""},"mobile":{"background-color":"","background-image":"","background-repeat":"repeat","background-position":"center center","background-size":"auto","background-attachment":"scroll","background-type":"","background-media":"","overlay-type":"","overlay-color":"","overlay-opacity":"","overlay-gradient":""}},"ast-content-background-meta":{"desktop":{"background-color":"var(--ast-global-color-5)","background-image":"","background-repeat":"repeat","background-position":"center center","background-size":"auto","background-attachment":"scroll","background-type":"","background-media":"","overlay-type":"","overlay-color":"","overlay-opacity":"","overlay-gradient":""},"tablet":{"background-color":"var(--ast-global-color-5)","background-image":"","background-repeat":"repeat","background-position":"center center","background-size":"auto","background-attachment":"scroll","background-type":"","background-media":"","overlay-type":"","overlay-color":"","overlay-opacity":"","overlay-gradient":""},"mobile":{"background-color":"var(--ast-global-color-5)","background-image":"","background-repeat":"repeat","background-position":"center center","background-size":"auto","background-attachment":"scroll","background-type":"","background-media":"","overlay-type":"","overlay-color":"","overlay-opacity":"","overlay-gradient":""}},"footnotes":""},"categories":[19],"tags":[],"class_list":["post-2517","post","type-post","status-publish","format-standard","has-post-thumbnail","hentry","category-sin-limites-2"],"_links":{"self":[{"href":"https:\/\/losperiodistas.com.mx\/portal\/wp-json\/wp\/v2\/posts\/2517","targetHints":{"allow":["GET"]}}],"collection":[{"href":"https:\/\/losperiodistas.com.mx\/portal\/wp-json\/wp\/v2\/posts"}],"about":[{"href":"https:\/\/losperiodistas.com.mx\/portal\/wp-json\/wp\/v2\/types\/post"}],"author":[{"embeddable":true,"href":"https:\/\/losperiodistas.com.mx\/portal\/wp-json\/wp\/v2\/users\/1"}],"replies":[{"embeddable":true,"href":"https:\/\/losperiodistas.com.mx\/portal\/wp-json\/wp\/v2\/comments?post=2517"}],"version-history":[{"count":1,"href":"https:\/\/losperiodistas.com.mx\/portal\/wp-json\/wp\/v2\/posts\/2517\/revisions"}],"predecessor-version":[{"id":2519,"href":"https:\/\/losperiodistas.com.mx\/portal\/wp-json\/wp\/v2\/posts\/2517\/revisions\/2519"}],"wp:featuredmedia":[{"embeddable":true,"href":"https:\/\/losperiodistas.com.mx\/portal\/wp-json\/wp\/v2\/media\/2518"}],"wp:attachment":[{"href":"https:\/\/losperiodistas.com.mx\/portal\/wp-json\/wp\/v2\/media?parent=2517"}],"wp:term":[{"taxonomy":"category","embeddable":true,"href":"https:\/\/losperiodistas.com.mx\/portal\/wp-json\/wp\/v2\/categories?post=2517"},{"taxonomy":"post_tag","embeddable":true,"href":"https:\/\/losperiodistas.com.mx\/portal\/wp-json\/wp\/v2\/tags?post=2517"}],"curies":[{"name":"wp","href":"https:\/\/api.w.org\/{rel}","templated":true}]}}