{"id":25168,"date":"2022-04-05T06:06:51","date_gmt":"2022-04-05T11:06:51","guid":{"rendered":"http:\/\/losperiodistas.com.mx\/portal\/?p=25168"},"modified":"2022-04-05T06:06:53","modified_gmt":"2022-04-05T11:06:53","slug":"el-museo-del-prado-explora-los-olores-del-pasado-a-traves-de-una-exposicion-olfativa-el-confidencial","status":"publish","type":"post","link":"https:\/\/losperiodistas.com.mx\/portal\/el-museo-del-prado-explora-los-olores-del-pasado-a-traves-de-una-exposicion-olfativa-el-confidencial\/","title":{"rendered":"El Museo del Prado explora los \u00abolores del pasado\u00bb a trav\u00e9s de una exposici\u00f3n olfativa | El Confidencial"},"content":{"rendered":"\n<p><em>\u00abEs una manera de acercarnos al pasado. El pasado era olfativamente m\u00e1s sensible de lo que lo es el presente<\/em><\/p>\n\n\n\n<figure class=\"wp-block-image size-large\"><img fetchpriority=\"high\" decoding=\"async\" width=\"1024\" height=\"768\" src=\"https:\/\/losperiodistas.com.mx\/portal\/wp-content\/uploads\/2022\/04\/f.elconfidencial.com_original_f97_26f_3cc_f9726f3cc18a60de4b7bb9d98c0367d8-1024x768.jpg\" alt=\"\" class=\"wp-image-25169\" srcset=\"https:\/\/losperiodistas.com.mx\/portal\/wp-content\/uploads\/2022\/04\/f.elconfidencial.com_original_f97_26f_3cc_f9726f3cc18a60de4b7bb9d98c0367d8-1024x768.jpg 1024w, https:\/\/losperiodistas.com.mx\/portal\/wp-content\/uploads\/2022\/04\/f.elconfidencial.com_original_f97_26f_3cc_f9726f3cc18a60de4b7bb9d98c0367d8-300x225.jpg 300w, https:\/\/losperiodistas.com.mx\/portal\/wp-content\/uploads\/2022\/04\/f.elconfidencial.com_original_f97_26f_3cc_f9726f3cc18a60de4b7bb9d98c0367d8-768x576.jpg 768w, https:\/\/losperiodistas.com.mx\/portal\/wp-content\/uploads\/2022\/04\/f.elconfidencial.com_original_f97_26f_3cc_f9726f3cc18a60de4b7bb9d98c0367d8.jpg 1200w\" sizes=\"(max-width: 1024px) 100vw, 1024px\" \/><figcaption>Exposici\u00f3n &#8216;La esencia de un cuadro&#8217;. (EFE)<\/figcaption><\/figure>\n\n\n\n<p class=\"has-vivid-cyan-blue-color has-text-color has-medium-font-size\">CULTURA \/ EL CONFIDENCIAL<\/p>\n\n\n\n<p>El Museo Nacional del Prado ha presentado este lunes 4 de abril su nueva exposici\u00f3n<strong>&nbsp;&#8216;La esencia de un cuadro. Una exposici\u00f3n olfativa&#8217;,<\/strong>&nbsp;una muestra que propone un nuevo acercamiento a las colecciones del&nbsp;<a href=\"https:\/\/www.elconfidencial.com\/espana\/2022-03-29\/crisis-murillos-sevilla-banco-santander-goya_3399283\/\">Prado<\/a>, en esta ocasi\u00f3n, a trav\u00e9s del sentido del olfato. \u00abEs una manera de acercarnos al pasado. El pasado era olfativamente m\u00e1s sensible de lo que lo es el presente, las cosas ol\u00edan m\u00e1s, los objetos, los lugares, las personas. Oler permit\u00eda a la gente darse cuenta de que un alimento era peligroso o que un lugar era peligroso\u00bb, ha expresado el comisario de la exposici\u00f3n<strong>, Alejandro Vergara.<\/strong><\/p>\n\n\n\n<p>&#8216;La esencia de un cuadro. Una exposici\u00f3n olfativa&#8217; cuenta con la colaboraci\u00f3n especial de la Fundaci\u00f3n Academia del Perfume y Puig. En este sentido, el perfumista y tambi\u00e9n comisario de la exposici\u00f3n,&nbsp;<strong>Gregorio Sola,<\/strong>&nbsp;ha creado 10 fragancias relacionadas con elementos presentes en la obra &#8216;El Olfato&#8217;, parte de la serie de &#8216;Los cinco sentidos&#8217; que Jan Brueghel el Viejo pint\u00f3 en 1617 y 1618 y en las que las figuras aleg\u00f3ricas fueron realizadas por su amigo&nbsp;<a href=\"https:\/\/www.elconfidencial.com\/cultura\/2021-03-12\/museo-del-prado-pasiones_2987300\/\">Rubens<\/a>.<\/p>\n\n\n\n<figure class=\"wp-block-image\"><img decoding=\"async\" src=\"https:\/\/images.ecestaticos.com\/EC7UxrVmh2bBch7zD-FzdAeX1-Y=\/0x0:1600x756\/1200x900\/filters:fill(white):format(jpg)\/f.elconfidencial.com%2Foriginal%2F54a%2Fb7f%2Fe54%2F54ab7fe54ea56a1d0279255ce44dfa5a.jpg\" alt=\"Foto: 'Venus besada por Cupido'. Hendrik van del Broek, seg\u00fan Miguel \u00c1ngel\"\/><\/figure>\n\n\n\n<p><a href=\"https:\/\/www.elconfidencial.com\/cultura\/2021-03-12\/museo-del-prado-pasiones_2987300\/\">El Prado desata la pasi\u00f3n por la pintura&#8230; a pesar de los nuevos puritanos<\/a> Rub\u00e9n Am\u00f3n<\/p>\n\n\n\n<p>\u00abHa sido todo un desaf\u00edo porque tiene muchas facetas\u00bb, ha desvelado Sola en la rueda de prensa, donde ha explicado las diferentes fragancias que se pueden oler en la exposici\u00f3n: &#8216;Alegor\u00eda&#8217;, &#8216;Guantes&#8217;, &#8216;Higuera&#8217;, &#8216;Flor de naranjo&#8217;<strong>, &#8216;Jazm\u00edn&#8217;, &#8216;Rosa&#8217;, &#8216;Lirio&#8217;, &#8216;Narciso<\/strong>&#8216;, &#8216;Civeta&#8217;, y &#8216;Nardo&#8217;. As\u00ed, &#8216;Alegor\u00eda&#8217; se inspira en el ramillete de flores que huele la figura aleg\u00f3rica del olfato, pintada por&nbsp;<a href=\"https:\/\/www.elconfidencial.com\/tecnologia\/2022-01-04\/museo-prado-sumerge-animal-crossing_3353500\/\">Rubens<\/a>. Est\u00e1 compuesto de una combinaci\u00f3n de rosa, jazm\u00edn y clavel. \u00abEn perfumer\u00eda siempre decimos que la rosa es la reina, y toda reina tiene su rey, que es el jazm\u00edn. Juntar una reina y un rey es tener a la realeza\u00bb, ha destacado Sola.<\/p>\n\n\n\n<p>Mientras, la fragancia que se puede oler en &#8216;Guantes&#8217; reproduce&nbsp;<strong>el olor de un guante perfumado de \u00e1mbar<\/strong>&nbsp;seg\u00fan una f\u00f3rmula de 1696, que consiste en resinas, b\u00e1lsamos, maderas y esencias de flores, en compa\u00f1\u00eda del acorde de cuero fino; e &#8216;Higuera&#8217; interpreta el olor vegetal, h\u00famedo, verde y refrescante de la sombra de una higuera en un d\u00eda de verano.<\/p>\n\n\n\n<p>De las flores del naranjo amargo se extrae la esencia de neroli, por destilaci\u00f3n al vapor de agua, es la que se puede oler en la fragancia &#8216;Flor de naranjo&#8217;. &#8216;Jazm\u00edn&#8217; es una fragancia de absoluto jazm\u00edn, con un olor delicado e intenso, con facetas verdes y cremosas y\u00a0<strong>una ligera nota animal.<\/strong><\/p>\n\n\n\n<figure class=\"wp-block-image size-large\"><img decoding=\"async\" width=\"1024\" height=\"649\" src=\"https:\/\/losperiodistas.com.mx\/portal\/wp-content\/uploads\/2022\/04\/Captura-de-Pantalla-2022-04-05-a-las-6.05.16-1024x649.jpg\" alt=\"\" class=\"wp-image-25171\" srcset=\"https:\/\/losperiodistas.com.mx\/portal\/wp-content\/uploads\/2022\/04\/Captura-de-Pantalla-2022-04-05-a-las-6.05.16-1024x649.jpg 1024w, https:\/\/losperiodistas.com.mx\/portal\/wp-content\/uploads\/2022\/04\/Captura-de-Pantalla-2022-04-05-a-las-6.05.16-300x190.jpg 300w, https:\/\/losperiodistas.com.mx\/portal\/wp-content\/uploads\/2022\/04\/Captura-de-Pantalla-2022-04-05-a-las-6.05.16-768x487.jpg 768w, https:\/\/losperiodistas.com.mx\/portal\/wp-content\/uploads\/2022\/04\/Captura-de-Pantalla-2022-04-05-a-las-6.05.16.jpg 1290w\" sizes=\"(max-width: 1024px) 100vw, 1024px\" \/><\/figure>\n\n\n\n<p>El olor de la rosa es fresco, floral, aterciopelado e intenso con facetas verdes y un ligero toque frutal, combinado con notas especiadas y una sutil nota de miel, como se recoge en &#8216;Rosa&#8217;. Jan Brueghel pint\u00f3 ocho variedades de rosas, entre ellas la centifolia y la damascena, las m\u00e1s utilizadas en perfumer\u00eda. \u00abLa memoria visual y auditiva tienen&nbsp;<strong>una memorabilidad m\u00e1s corta que la olfativa<\/strong>. Todos recordamos el perfume de nuestra madre, el olor de nuestro primer beso, el olor de los l\u00e1pices, y lo que queremos es que el cuadro de Jan Brueghel nos deje a todos una huella olfativa \u00fanica y memorable\u00bb, ha precisado Sola.<\/p>\n\n\n\n<p>En &#8216;Lirio&#8217;, Sola ha explicado que se trata de la materia prima m\u00e1s cara de la perfumer\u00eda, con un valor superior al doble del oro debido a los rizomas, que han de madurar entre cinco y siete a\u00f1os; mientras &#8216;Narciso&#8217; tiene una fragancia fuerte y embriagadora, con matices frutales de albaricoque y melocot\u00f3n, combinada con notas de cuero, casi aceituna y un fondo floral pajizo.<\/p>\n\n\n\n<figure class=\"wp-block-pullquote\"><blockquote><p><strong><em>\u00abLa memoria visual y auditiva tienen una memorabilidad m\u00e1s corta que la olfativa\u00bb<\/em><\/strong><\/p><\/blockquote><\/figure>\n\n\n\n<p>&#8216;Civeta&#8217;, de origen animal, era un fijador que se vinculaba a otras fragancias para prolongar el olor en la piel o en objeto, con un olor fuerte a animal o a excremento. Sola ha destacado que para la muestra el olor se ha reproducido de forma sint\u00e9tica. Finalmente, figura &#8216;Nardo&#8217;: el nardo utilizado en la \u00e9poca era de origen indio, se pint\u00f3 en un cuadro que procede de&nbsp;<a href=\"https:\/\/www.elconfidencial.com\/alma-corazon-vida\/2022-04-02\/geronimo-resistencia-heroica_3400108\/\">M\u00e9xico&nbsp;<\/a>y era muy costoso.<\/p>\n\n\n\n<h2 class=\"wp-block-heading\">Oler 100 perfumes sin saturarse<\/h2>\n\n\n\n<p>Seg\u00fan la vicepresidenta de nuevas tecnolog\u00edas de Puig, Camila Tom\u00e1s Verdaguer, &#8216;La esencia de un cuadro. Una exposici\u00f3n olfativa&#8217; cuenta con la tecnolog\u00eda AirParfum, desarrollada por Puig, que sin emitir alcohol<strong>&nbsp;permite oler hasta 100 perfumes sin saturar el olfato.<\/strong><\/p>\n\n\n\n<p>\u00abCuando ustedes entran a una perfumer\u00eda, y huelen un par de perfumes, en seguida se tapona la nariz: eso es una mol\u00e9cula de alcohol gorda que llega a la nariz y la bloquea; en cambio lo que AirParfum consigue hacer es sentir solamente\u00a0<strong>una mol\u00e9cula tan peque\u00f1ita<\/strong>\u00a0que hace que el oler sea como mirar im\u00e1genes\u00bb, ha expresado Verdaguer.<\/p>\n\n\n\n<figure class=\"wp-block-image size-large\"><img decoding=\"async\" width=\"1024\" height=\"632\" src=\"https:\/\/losperiodistas.com.mx\/portal\/wp-content\/uploads\/2022\/04\/Captura-de-Pantalla-2022-04-05-a-las-6.04.21-1024x632.jpg\" alt=\"\" class=\"wp-image-25170\" srcset=\"https:\/\/losperiodistas.com.mx\/portal\/wp-content\/uploads\/2022\/04\/Captura-de-Pantalla-2022-04-05-a-las-6.04.21-1024x632.jpg 1024w, https:\/\/losperiodistas.com.mx\/portal\/wp-content\/uploads\/2022\/04\/Captura-de-Pantalla-2022-04-05-a-las-6.04.21-300x185.jpg 300w, https:\/\/losperiodistas.com.mx\/portal\/wp-content\/uploads\/2022\/04\/Captura-de-Pantalla-2022-04-05-a-las-6.04.21-768x474.jpg 768w, https:\/\/losperiodistas.com.mx\/portal\/wp-content\/uploads\/2022\/04\/Captura-de-Pantalla-2022-04-05-a-las-6.04.21.jpg 1286w\" sizes=\"(max-width: 1024px) 100vw, 1024px\" \/><\/figure>\n\n\n\n<p>Asimismo, ha comentado que el sentido del olfato es \u00abalgo incre\u00edble\u00bb que consigue \u00abacercar emociones\u00bb y activa la memoria de una manera \u00abque no hace ning\u00fan otro sentido\u00bb. \u00abQuien pase por esa sala y<strong>&nbsp;pruebe la experiencia del olfato,&nbsp;<\/strong>seguro que se va a acordar de Brueghel durante mucho tiempo\u00bb, ha destacado.<\/p>\n\n\n\n<p>A trav\u00e9s de 4 difusores en los monitores t\u00e1ctiles disponibles en la sala, los visitantes podr\u00e1n oler los elementos del siglo XVII presentes en el cuadro. &#8216;La esencia de un cuadro. Una exposici\u00f3n olfativa&#8217; se podr\u00e1 visitar hasta el pr\u00f3ximo 3 de julio en la sala 83 del edificio Villanueva del Museo del Prado.<\/p>\n\n\n\n<p>Fuente: https:\/\/www.elconfidencial.com\/cultura\/2022-04-05\/museo-del-prado-exposicion-olfativa_3403112\/<\/p>\n","protected":false},"excerpt":{"rendered":"<p>\u00abEs una manera de acercarnos al pasado. El pasado era olfativamente m\u00e1s sensible de lo que lo es el presente [&hellip;]<\/p>\n","protected":false},"author":1,"featured_media":25169,"comment_status":"open","ping_status":"open","sticky":false,"template":"","format":"standard","meta":{"site-sidebar-layout":"default","site-content-layout":"","ast-site-content-layout":"default","site-content-style":"default","site-sidebar-style":"default","ast-global-header-display":"","ast-banner-title-visibility":"","ast-main-header-display":"","ast-hfb-above-header-display":"","ast-hfb-below-header-display":"","ast-hfb-mobile-header-display":"","site-post-title":"","ast-breadcrumbs-content":"","ast-featured-img":"","footer-sml-layout":"","theme-transparent-header-meta":"","adv-header-id-meta":"","stick-header-meta":"","header-above-stick-meta":"","header-main-stick-meta":"","header-below-stick-meta":"","astra-migrate-meta-layouts":"default","ast-page-background-enabled":"default","ast-page-background-meta":{"desktop":{"background-color":"var(--ast-global-color-4)","background-image":"","background-repeat":"repeat","background-position":"center center","background-size":"auto","background-attachment":"scroll","background-type":"","background-media":"","overlay-type":"","overlay-color":"","overlay-opacity":"","overlay-gradient":""},"tablet":{"background-color":"","background-image":"","background-repeat":"repeat","background-position":"center center","background-size":"auto","background-attachment":"scroll","background-type":"","background-media":"","overlay-type":"","overlay-color":"","overlay-opacity":"","overlay-gradient":""},"mobile":{"background-color":"","background-image":"","background-repeat":"repeat","background-position":"center center","background-size":"auto","background-attachment":"scroll","background-type":"","background-media":"","overlay-type":"","overlay-color":"","overlay-opacity":"","overlay-gradient":""}},"ast-content-background-meta":{"desktop":{"background-color":"var(--ast-global-color-5)","background-image":"","background-repeat":"repeat","background-position":"center center","background-size":"auto","background-attachment":"scroll","background-type":"","background-media":"","overlay-type":"","overlay-color":"","overlay-opacity":"","overlay-gradient":""},"tablet":{"background-color":"var(--ast-global-color-5)","background-image":"","background-repeat":"repeat","background-position":"center center","background-size":"auto","background-attachment":"scroll","background-type":"","background-media":"","overlay-type":"","overlay-color":"","overlay-opacity":"","overlay-gradient":""},"mobile":{"background-color":"var(--ast-global-color-5)","background-image":"","background-repeat":"repeat","background-position":"center center","background-size":"auto","background-attachment":"scroll","background-type":"","background-media":"","overlay-type":"","overlay-color":"","overlay-opacity":"","overlay-gradient":""}},"footnotes":""},"categories":[8],"tags":[9356,243],"class_list":["post-25168","post","type-post","status-publish","format-standard","has-post-thumbnail","hentry","category-noticias","tag-exposicion-olfativa","tag-museo-del-prado"],"_links":{"self":[{"href":"https:\/\/losperiodistas.com.mx\/portal\/wp-json\/wp\/v2\/posts\/25168","targetHints":{"allow":["GET"]}}],"collection":[{"href":"https:\/\/losperiodistas.com.mx\/portal\/wp-json\/wp\/v2\/posts"}],"about":[{"href":"https:\/\/losperiodistas.com.mx\/portal\/wp-json\/wp\/v2\/types\/post"}],"author":[{"embeddable":true,"href":"https:\/\/losperiodistas.com.mx\/portal\/wp-json\/wp\/v2\/users\/1"}],"replies":[{"embeddable":true,"href":"https:\/\/losperiodistas.com.mx\/portal\/wp-json\/wp\/v2\/comments?post=25168"}],"version-history":[{"count":1,"href":"https:\/\/losperiodistas.com.mx\/portal\/wp-json\/wp\/v2\/posts\/25168\/revisions"}],"predecessor-version":[{"id":25174,"href":"https:\/\/losperiodistas.com.mx\/portal\/wp-json\/wp\/v2\/posts\/25168\/revisions\/25174"}],"wp:featuredmedia":[{"embeddable":true,"href":"https:\/\/losperiodistas.com.mx\/portal\/wp-json\/wp\/v2\/media\/25169"}],"wp:attachment":[{"href":"https:\/\/losperiodistas.com.mx\/portal\/wp-json\/wp\/v2\/media?parent=25168"}],"wp:term":[{"taxonomy":"category","embeddable":true,"href":"https:\/\/losperiodistas.com.mx\/portal\/wp-json\/wp\/v2\/categories?post=25168"},{"taxonomy":"post_tag","embeddable":true,"href":"https:\/\/losperiodistas.com.mx\/portal\/wp-json\/wp\/v2\/tags?post=25168"}],"curies":[{"name":"wp","href":"https:\/\/api.w.org\/{rel}","templated":true}]}}